{"id":142074,"date":"2021-05-02T15:43:12","date_gmt":"2021-05-02T14:43:12","guid":{"rendered":"https:\/\/die-webzeitung.de\/stuttgart\/2021\/05\/02\/159784\/"},"modified":"2021-05-02T15:47:09","modified_gmt":"2021-05-02T14:47:09","slug":"159784","status":"publish","type":"post","link":"https:\/\/die-webzeitung.de\/stuttgart\/2021\/05\/02\/159784\/","title":{"rendered":"DFB-Zoff geht weiter: Keller und Curtius sollen zur\u00fccktreten"},"content":{"rendered":"<h5 style=\"text-align: justify;\"><strong>Landes- und Regionalpr\u00e4sidenten entziehen Keller und Curtius ihr Vertrauen<\/strong><\/h5>\n<div>\n<p style=\"text-align: justify;\">Die Pr\u00e4sidenten der Landes- und Regionalverb\u00e4nde des Deutschen Fu\u00dfball-Bundes haben auf der au\u00dferordentlichen Konferenz an diesem Wochenende in Potsdam Pr\u00e4sident Fritz Keller das Vertrauen entzogen und ihn aufgefordert, von seinem Amt zur\u00fcckzutreten. Ebenfalls hat die Konferenz dem Generalsekret\u00e4r Dr. Friedrich Curtius ihr Vertrauen entzogen. Schatzmeister Dr. Stephan Osnabr\u00fcgge und der 1. Vizepr\u00e4sident Amateure, Dr. Rainer Koch, wurde von den Verbandspr\u00e4sidenten das Vertrauen ausgesprochen. Ferner fiel die Entscheidung, keinen au\u00dferordentlichen Bundestag abzuhalten.<\/p>\n<p style=\"text-align: justify;\">Im Rahmen der Konferenz wurden in geheimen Abstimmungen* \u00fcber folgende Punkte entschieden: \u2013 Die Konferenz der Pr\u00e4sidenten der Regional- und Landesverb\u00e4nde entzieht DFB-Pr\u00e4sident Fritz Keller angesichts seines Vergleichs des 1. Vizepr\u00e4sidenten Dr. Rainer Koch mit dem Nazi-Richter Roland Freisler das Vertrauen. Zur Abwendung weiteren Schadens vom Verband fordert die Konferenz den Pr\u00e4sidenten auf, von seinem Amt zur\u00fcckzutreten.<\/p>\n<p style=\"text-align: justify;\">Hinsichtlich der \u00c4u\u00dferungen von Fritz Keller in der Pr\u00e4sidiumssitzung am 23. April 2021 gibt die Konferenz folgende Erkl\u00e4rung ab:<br \/>\n\u201eDie Konferenz der Pr\u00e4sidenten der Regional- und Landesverb\u00e4nde missbilligt den von DFB-Pr\u00e4sident Fritz Keller vorgenommenen Vergleich des 1. Vizepr\u00e4sidenten Rainer Koch mit dem Nazi-Richter Roland Freisler. Eine derartige \u00c4u\u00dferung ist v\u00f6llig inakzeptabel und macht uns fassungslos. Sie wird auf das Sch\u00e4rfste verurteilt. Die Regional- und Landesverb\u00e4nde des DFB stehen f\u00fcr eine demokratische, tolerante und vielf\u00e4ltige Gesellschaft. Die \u00c4u\u00dferung des Pr\u00e4sidenten ist mit den Grunds\u00e4tzen und Werten der Verb\u00e4nde nicht vereinbar.\u201c<\/p>\n<p style=\"text-align: justify;\">Die Konferenz respektiert, dass sich die von den Entscheidungen Betroffenen, Fritz Keller und Dr. Friedrich Curtius, hierzu nicht unmittelbar \u00e4u\u00dfern m\u00f6chten und um Bedenkzeit gebeten haben.<u><\/u><\/p>\n<hr \/>\n<p style=\"text-align: justify;\">\n<\/div>\n","protected":false},"excerpt":{"rendered":"<p>Landes- und Regionalpr\u00e4sidenten entziehen Keller und Curtius ihr Vertrauen Die Pr\u00e4sidenten der Landes- und Regionalverb\u00e4nde des Deutschen Fu\u00dfball-Bundes haben auf der au\u00dferordentlichen Konferenz an diesem Wochenende in Potsdam Pr\u00e4sident Fritz Keller das Vertrauen entzogen und ihn aufgefordert, von seinem Amt zur\u00fcckzutreten. Ebenfalls hat die Konferenz dem Generalsekret\u00e4r Dr. Friedrich Curtius ihr Vertrauen entzogen. Schatzmeister Dr. [&hellip;]<\/p>\n","protected":false},"author":4,"featured_media":0,"comment_status":"closed","ping_status":"open","sticky":false,"template":"","format":"standard","meta":{"inline_featured_image":false,"_exactmetrics_skip_tracking":false,"_exactmetrics_sitenote_active":false,"_exactmetrics_sitenote_note":"","_exactmetrics_sitenote_category":0,"footnotes":""},"categories":[59,110],"tags":[11983,14857,129,5,46,68,16995],"class_list":{"0":"post-142074","1":"post","2":"type-post","3":"status-publish","4":"format-standard","6":"category-aktuell","7":"category-sport","8":"tag-dfb","9":"tag-die-webzeitung","10":"tag-fusball","11":"tag-internetzeitung","12":"tag-keller","13":"tag-online-zeitung","14":"tag-vertrauensfrage"},"image_feature":null,"author_name":"Redaktion","pure_taxonomies":{"categories":[{"term_id":59,"name":"Aktuell","slug":"aktuell","term_group":0,"term_taxonomy_id":60,"taxonomy":"category","description":"","parent":0,"count":1017,"filter":"raw","image":""},{"term_id":110,"name":"Sport","slug":"sport","term_group":0,"term_taxonomy_id":112,"taxonomy":"category","description":"Sportberichte","parent":0,"count":1043,"filter":"raw","image":""}],"tags":[{"term_id":11983,"name":"DFB","slug":"dfb","term_group":0,"term_taxonomy_id":12021,"taxonomy":"post_tag","description":"","parent":0,"count":46,"filter":"raw","image":""},{"term_id":14857,"name":"Die-Webzeitung","slug":"die-webzeitung","term_group":0,"term_taxonomy_id":14876,"taxonomy":"post_tag","description":"","parent":0,"count":3625,"filter":"raw","image":""},{"term_id":129,"name":"Fu\u00dfball","slug":"fusball","term_group":0,"term_taxonomy_id":131,"taxonomy":"post_tag","description":"","parent":0,"count":171,"filter":"raw","image":""},{"term_id":5,"name":"Internetzeitung","slug":"internetzeitung","term_group":0,"term_taxonomy_id":5,"taxonomy":"post_tag","description":"","parent":0,"count":1461,"filter":"raw","image":""},{"term_id":46,"name":"Keller","slug":"keller","term_group":0,"term_taxonomy_id":46,"taxonomy":"post_tag","description":"","parent":0,"count":2,"filter":"raw","image":""},{"term_id":68,"name":"Online-Zeitung","slug":"online-zeitung","term_group":0,"term_taxonomy_id":69,"taxonomy":"post_tag","description":"","parent":0,"count":3595,"filter":"raw","image":""},{"term_id":16995,"name":"Vertrauensfrage","slug":"vertrauensfrage","term_group":0,"term_taxonomy_id":17014,"taxonomy":"post_tag","description":"","parent":0,"count":1,"filter":"raw","image":""}]},"_links":{"self":[{"href":"https:\/\/die-webzeitung.de\/stuttgart\/wp-json\/wp\/v2\/posts\/142074","targetHints":{"allow":["GET"]}}],"collection":[{"href":"https:\/\/die-webzeitung.de\/stuttgart\/wp-json\/wp\/v2\/posts"}],"about":[{"href":"https:\/\/die-webzeitung.de\/stuttgart\/wp-json\/wp\/v2\/types\/post"}],"author":[{"embeddable":true,"href":"https:\/\/die-webzeitung.de\/stuttgart\/wp-json\/wp\/v2\/users\/4"}],"replies":[{"embeddable":true,"href":"https:\/\/die-webzeitung.de\/stuttgart\/wp-json\/wp\/v2\/comments?post=142074"}],"version-history":[{"count":2,"href":"https:\/\/die-webzeitung.de\/stuttgart\/wp-json\/wp\/v2\/posts\/142074\/revisions"}],"predecessor-version":[{"id":142076,"href":"https:\/\/die-webzeitung.de\/stuttgart\/wp-json\/wp\/v2\/posts\/142074\/revisions\/142076"}],"wp:attachment":[{"href":"https:\/\/die-webzeitung.de\/stuttgart\/wp-json\/wp\/v2\/media?parent=142074"}],"wp:term":[{"taxonomy":"category","embeddable":true,"href":"https:\/\/die-webzeitung.de\/stuttgart\/wp-json\/wp\/v2\/categories?post=142074"},{"taxonomy":"post_tag","embeddable":true,"href":"https:\/\/die-webzeitung.de\/stuttgart\/wp-json\/wp\/v2\/tags?post=142074"}],"curies":[{"name":"wp","href":"https:\/\/api.w.org\/{rel}","templated":true}]}}