{"id":142049,"date":"2021-04-29T16:18:20","date_gmt":"2021-04-29T15:18:20","guid":{"rendered":"https:\/\/die-webzeitung.de\/stuttgart\/?p=142049"},"modified":"2021-04-29T16:18:20","modified_gmt":"2021-04-29T15:18:20","slug":"whs-steuert-baugemeinschaft-in-weissach-im-tal","status":"publish","type":"post","link":"https:\/\/die-webzeitung.de\/stuttgart\/2021\/04\/29\/whs-steuert-baugemeinschaft-in-weissach-im-tal\/","title":{"rendered":"WHS steuert Baugemeinschaft in Weissach im Tal"},"content":{"rendered":"<p style=\"text-align: justify;\"><strong>In Weissach im Tal, nur 30 Kilometer entfernt von Stuttgart, entstehen bis im Fr\u00fchjahr 2023 acht moderne Reihenh\u00e4user. Das Bauvorhaben wird in einer Baugemeinschaft realisiert, f\u00fcr die noch zwei Bauherren gesucht werden. Geplant sind die Neubauten mit ca. 115 bzw. 157 Quadratmeter Gesamtwohnfl\u00e4che, Garten und bei dem gr\u00f6\u00dferen Haustyp einer Dachterrasse. Betreut und koordiniert wird die Baugemeinschaft von der W\u00fcstenrot Haus- und St\u00e4dtebau GmbH (WHS).<\/strong><\/p>\n<p style=\"text-align: justify;\">Bei der Realisierung von Projekten in einer Baugemeinschaft bieten sich f\u00fcr Bauherren zahlreiche Vorteile: Sie profitieren von der St\u00e4rke der Gemeinschaft, von einem kosteng\u00fcnstigeren Weg ins eigene Zuhause und von der individuellen Gestaltung ihres Immobilienprojekts. \u201eBeim Bauvorhaben in Weissach im Tal bieten individuelle Gestaltungs- und Auswahlm\u00f6glichkeiten hinsichtlich der finalen Raumplanung und Ausstattung den zuk\u00fcnftigen Bewohnern zus\u00e4tzlichen Spielraum, ihr neues Zuhause ganz den eigenen Vorstellungen und Bed\u00fcrfnissen anzupassen\u201c, sagt Marc Bosch, Gesch\u00e4ftsf\u00fchrer der WHS.<\/p>\n<p style=\"text-align: justify;\">Auch die Lage der Reihenh\u00e4user wei\u00df zu \u00fcberzeugen: Das Neubaugebiet \u201eZur Fuchsklinge\u201c in der Gemeinde Weissach im Tal grenzt s\u00fcd-\u00f6stlich an Backnang und liegt ca. 30 Kilometer von der baden-w\u00fcrttembergischen Landeshauptstadt Stuttgart entfernt. Die Innenstadt ist von hier aus \u00fcber die Bundesstra\u00dfe B 14 schon in rund 30 Minuten, mit der S-Bahn ab Bahnhof Backnang aus in rund 36 Fahrminuten erreicht. \u201eAu\u00dferdem punktet Weissach im Tal, gelegen inmitten einer malerischen Landschaft, in der sich markante Bergformationen mit Streuobstwiesen und Weinh\u00e4ngen abwechseln, sowohl mit hoher Lebensqualit\u00e4t als auch mit wirtschaftlicher St\u00e4rke\u201c, sagt Marcus Ziemer, ebenfalls Gesch\u00e4ftsf\u00fchrer der WHS.<\/p>\n<p>Interessierte Bauherren k\u00f6nnen sich an den Leiter der Projektsteuerung Baugemeinschaften bei der WHS, Herrn Karsten Heudorf, unter der Telefonnummer +49 7141 16 757 287 oder per Mail an <a href=\"mailto:karsten.heudorf@wuestenrot.de\" target=\"_blank\" rel=\"noopener noreferrer\">karsten.heudorf@wuestenrot.de<\/a> wenden.<\/p>\n<hr \/>\n<p style=\"text-align: justify;\">\n","protected":false},"excerpt":{"rendered":"<p>In Weissach im Tal, nur 30 Kilometer entfernt von Stuttgart, entstehen bis im Fr\u00fchjahr 2023 acht moderne Reihenh\u00e4user. Das Bauvorhaben wird in einer Baugemeinschaft realisiert, f\u00fcr die noch zwei Bauherren gesucht werden. Geplant sind die Neubauten mit ca. 115 bzw. 157 Quadratmeter Gesamtwohnfl\u00e4che, Garten und bei dem gr\u00f6\u00dferen Haustyp einer Dachterrasse. Betreut und koordiniert wird [&hellip;]<\/p>\n","protected":false},"author":4,"featured_media":0,"comment_status":"closed","ping_status":"open","sticky":false,"template":"","format":"standard","meta":{"inline_featured_image":false,"_exactmetrics_skip_tracking":false,"_exactmetrics_sitenote_active":false,"_exactmetrics_sitenote_note":"","_exactmetrics_sitenote_category":0,"footnotes":""},"categories":[2246],"tags":[16061,14857,5,68,8751,2018,19],"class_list":{"0":"post-142049","1":"post","2":"type-post","3":"status-publish","4":"format-standard","6":"category-kreis-boeblingen","7":"tag-baugemeinschaft","8":"tag-die-webzeitung","9":"tag-internetzeitung","10":"tag-online-zeitung","11":"tag-weissach","12":"tag-whs","13":"tag-wustenrot"},"image_feature":null,"author_name":"Redaktion","pure_taxonomies":{"categories":[{"term_id":2246,"name":"Kreis B\u00f6blingen","slug":"kreis-boeblingen","term_group":0,"term_taxonomy_id":2259,"taxonomy":"category","description":"","parent":171,"count":197,"filter":"raw","image":""}],"tags":[{"term_id":16061,"name":"Baugemeinschaft","slug":"baugemeinschaft","term_group":0,"term_taxonomy_id":16080,"taxonomy":"post_tag","description":"","parent":0,"count":3,"filter":"raw","image":""},{"term_id":14857,"name":"Die-Webzeitung","slug":"die-webzeitung","term_group":0,"term_taxonomy_id":14876,"taxonomy":"post_tag","description":"","parent":0,"count":3625,"filter":"raw","image":""},{"term_id":5,"name":"Internetzeitung","slug":"internetzeitung","term_group":0,"term_taxonomy_id":5,"taxonomy":"post_tag","description":"","parent":0,"count":1461,"filter":"raw","image":""},{"term_id":68,"name":"Online-Zeitung","slug":"online-zeitung","term_group":0,"term_taxonomy_id":69,"taxonomy":"post_tag","description":"","parent":0,"count":3595,"filter":"raw","image":""},{"term_id":8751,"name":"Weissach","slug":"weissach","term_group":0,"term_taxonomy_id":8776,"taxonomy":"post_tag","description":"","parent":0,"count":1,"filter":"raw","image":""},{"term_id":2018,"name":"WHS","slug":"whs","term_group":0,"term_taxonomy_id":2030,"taxonomy":"post_tag","description":"","parent":0,"count":24,"filter":"raw","image":""},{"term_id":19,"name":"W\u00fcstenrot","slug":"wustenrot","term_group":0,"term_taxonomy_id":19,"taxonomy":"post_tag","description":"","parent":0,"count":171,"filter":"raw","image":""}]},"_links":{"self":[{"href":"https:\/\/die-webzeitung.de\/stuttgart\/wp-json\/wp\/v2\/posts\/142049","targetHints":{"allow":["GET"]}}],"collection":[{"href":"https:\/\/die-webzeitung.de\/stuttgart\/wp-json\/wp\/v2\/posts"}],"about":[{"href":"https:\/\/die-webzeitung.de\/stuttgart\/wp-json\/wp\/v2\/types\/post"}],"author":[{"embeddable":true,"href":"https:\/\/die-webzeitung.de\/stuttgart\/wp-json\/wp\/v2\/users\/4"}],"replies":[{"embeddable":true,"href":"https:\/\/die-webzeitung.de\/stuttgart\/wp-json\/wp\/v2\/comments?post=142049"}],"version-history":[{"count":1,"href":"https:\/\/die-webzeitung.de\/stuttgart\/wp-json\/wp\/v2\/posts\/142049\/revisions"}],"predecessor-version":[{"id":142050,"href":"https:\/\/die-webzeitung.de\/stuttgart\/wp-json\/wp\/v2\/posts\/142049\/revisions\/142050"}],"wp:attachment":[{"href":"https:\/\/die-webzeitung.de\/stuttgart\/wp-json\/wp\/v2\/media?parent=142049"}],"wp:term":[{"taxonomy":"category","embeddable":true,"href":"https:\/\/die-webzeitung.de\/stuttgart\/wp-json\/wp\/v2\/categories?post=142049"},{"taxonomy":"post_tag","embeddable":true,"href":"https:\/\/die-webzeitung.de\/stuttgart\/wp-json\/wp\/v2\/tags?post=142049"}],"curies":[{"name":"wp","href":"https:\/\/api.w.org\/{rel}","templated":true}]}}