{"id":141948,"date":"2021-04-21T16:29:34","date_gmt":"2021-04-21T15:29:34","guid":{"rendered":"https:\/\/die-webzeitung.de\/stuttgart\/?p=141948"},"modified":"2021-04-21T16:29:34","modified_gmt":"2021-04-21T15:29:34","slug":"wirtschaftliche-entwicklung-und-die-corona-krise-2021","status":"publish","type":"post","link":"https:\/\/die-webzeitung.de\/stuttgart\/2021\/04\/21\/wirtschaftliche-entwicklung-und-die-corona-krise-2021\/","title":{"rendered":"Wirtschaftliche Entwicklung und die Corona-Krise 2021"},"content":{"rendered":"<p style=\"text-align: justify;\">Die Weltwirtschaft k\u00f6nnte in diesem Jahr aufgrund der <a href=\"https:\/\/de.wikipedia.org\/wiki\/COVID-19-Pandemie\" target=\"_blank\" rel=\"noopener noreferrer\">COVID-19-Pandemie<\/a> um 1 Prozent schrumpfen. Laut Wirtschaftsprognosen kann sich diese Zahl noch erh\u00f6hen, wenn es im dritten Quartal Beschr\u00e4nkungen der Wirtschaftst\u00e4tigkeit immer noch gelten und die Haushaltseinkommen weiterhin sinken.<\/p>\n<p style=\"text-align: justify;\">Die Beschr\u00e4nkungen des Personenverkehrs und Grenzschlie\u00dfungen in einigen L\u00e4ndern von Europa und Nordamerika haben besonders negativ auf den Dienstleistungssektor ausgewirkt, insbesondere in Branchen, in denen pers\u00f6nliche Interaktion wichtig ist \u2013 Einzelhandel, Hotel- und Gastgewerbe, Unterhaltungs- und Verkehrsdienstleistungen. Zwar decken folgende Branchen ein Viertel der Arbeitspl\u00e4tze im Dienstleistungssektor, aber die aktuelle Rezession hat ernste negative Auswirkungen auf die ganze Wirtschaft.<\/p>\n<p style=\"text-align: justify;\">Die geltenden Beschr\u00e4nkungen scheinen den Online-Dienstleistungsmarkt weniger zu beeinflussen, doch selbst die <a href=\"https:\/\/www.stakers.com\/de\/bookmaker\/\" target=\"_blank\" rel=\"noopener noreferrer\">Wettanbieter<\/a> und die Videospielentwickler verzeichnen f\u00fcr diesen Zeitraum einen sp\u00fcrbaren R\u00fcckgang. Die Ursache besteht darin, dass ein allgemeiner R\u00fcckgang der Zahlungsf\u00e4higkeit der Bev\u00f6lkerung zu einer gesamten Rezession in allen Wirtschaftssektoren f\u00fchrt.<\/p>\n<p style=\"text-align: justify;\">Wie schwerwiegend die wirtschaftlichen Auswirkungen sein werden, h\u00e4ngt davon ab, wie lange die Beschr\u00e4nkungen in den gr\u00f6\u00dften Volkswirtschaften geltend bleiben, sowie vom Umfang und der Wirksamkeit der steuerlichen Ma\u00dfnahmen. Den Wirtschaftswissenschaftlern zufolge wird es m\u00f6glich sein, die Wahrscheinlichkeit einer tiefen Rezession durch Investitionen in die Gesundheitsversorgung zu verringern. Zusammen mit der finanziellen Unterst\u00fctzung der von der Pandemie betroffenen Bev\u00f6lkerungsgruppen k\u00f6nnen diese Ma\u00dfnahmen die Ausbreitung des Virus eind\u00e4mmen.<\/p>\n<p style=\"text-align: justify;\">Experten verweisen darauf, dass ein starker Einbruch der Konsumnachfrage in der Europ\u00e4ischen Union und in den Vereinigten Staaten zu einer Senkung der Importe aus den Entwicklungsl\u00e4ndern f\u00fchren wird. Ihre Volkswirtschaften werden auch von einer Verringerung der globalen Wirtschaftsleistungen und von dem Investitionsdefizit betroffen sein. Besonders hohem Risiko sind kleine Inselstaaten ausgesetzt, die stark auf den Tourismus angewiesen sind.<\/p>\n<p style=\"text-align: justify;\">Es sind dringend politische Ma\u00dfnahmen erforderlich, um nicht nur die Pandemie einzud\u00e4mmen und Menschenleben zu retten, sondern auch um die am st\u00e4rksten gef\u00e4hrdeten Mitglieder der Gesellschaft vor dem wirtschaftlichen Zusammenbruch zu bewahren, das Wirtschaftswachstum zu unterst\u00fctzen und die Finanzstabilit\u00e4t zu wahren, sagte der UN-Untergeneralsekret\u00e4r f\u00fcr Wirtschaft und Soziales <a href=\"https:\/\/www.un.org\/development\/desa\/statements\/usg-liu.html\" target=\"_blank\" rel=\"noopener noreferrer\">Liu Zhenmin<\/a>.<\/p>\n<hr \/>\n<p style=\"text-align: justify;\">\n","protected":false},"excerpt":{"rendered":"<p>Die Weltwirtschaft k\u00f6nnte in diesem Jahr aufgrund der COVID-19-Pandemie um 1 Prozent schrumpfen. Laut Wirtschaftsprognosen kann sich diese Zahl noch erh\u00f6hen, wenn es im dritten Quartal Beschr\u00e4nkungen der Wirtschaftst\u00e4tigkeit immer noch gelten und die Haushaltseinkommen weiterhin sinken. Die Beschr\u00e4nkungen des Personenverkehrs und Grenzschlie\u00dfungen in einigen L\u00e4ndern von Europa und Nordamerika haben besonders negativ auf den [&hellip;]<\/p>\n","protected":false},"author":4,"featured_media":0,"comment_status":"closed","ping_status":"open","sticky":false,"template":"","format":"standard","meta":{"inline_featured_image":false,"_exactmetrics_skip_tracking":false,"_exactmetrics_sitenote_active":false,"_exactmetrics_sitenote_note":"","_exactmetrics_sitenote_category":0,"footnotes":""},"categories":[2237],"tags":[15139],"class_list":{"0":"post-141948","1":"post","2":"type-post","3":"status-publish","4":"format-standard","6":"category-ratgeber-leben","7":"tag-wettanbieter"},"image_feature":null,"author_name":"Redaktion","pure_taxonomies":{"categories":[{"term_id":2237,"name":"Ratgeber","slug":"ratgeber-leben","term_group":0,"term_taxonomy_id":2250,"taxonomy":"category","description":"","parent":482,"count":380,"filter":"raw","image":""}],"tags":[{"term_id":15139,"name":"Wettanbieter","slug":"wettanbieter","term_group":0,"term_taxonomy_id":15158,"taxonomy":"post_tag","description":"","parent":0,"count":2,"filter":"raw","image":""}]},"_links":{"self":[{"href":"https:\/\/die-webzeitung.de\/stuttgart\/wp-json\/wp\/v2\/posts\/141948","targetHints":{"allow":["GET"]}}],"collection":[{"href":"https:\/\/die-webzeitung.de\/stuttgart\/wp-json\/wp\/v2\/posts"}],"about":[{"href":"https:\/\/die-webzeitung.de\/stuttgart\/wp-json\/wp\/v2\/types\/post"}],"author":[{"embeddable":true,"href":"https:\/\/die-webzeitung.de\/stuttgart\/wp-json\/wp\/v2\/users\/4"}],"replies":[{"embeddable":true,"href":"https:\/\/die-webzeitung.de\/stuttgart\/wp-json\/wp\/v2\/comments?post=141948"}],"version-history":[{"count":1,"href":"https:\/\/die-webzeitung.de\/stuttgart\/wp-json\/wp\/v2\/posts\/141948\/revisions"}],"predecessor-version":[{"id":141949,"href":"https:\/\/die-webzeitung.de\/stuttgart\/wp-json\/wp\/v2\/posts\/141948\/revisions\/141949"}],"wp:attachment":[{"href":"https:\/\/die-webzeitung.de\/stuttgart\/wp-json\/wp\/v2\/media?parent=141948"}],"wp:term":[{"taxonomy":"category","embeddable":true,"href":"https:\/\/die-webzeitung.de\/stuttgart\/wp-json\/wp\/v2\/categories?post=141948"},{"taxonomy":"post_tag","embeddable":true,"href":"https:\/\/die-webzeitung.de\/stuttgart\/wp-json\/wp\/v2\/tags?post=141948"}],"curies":[{"name":"wp","href":"https:\/\/api.w.org\/{rel}","templated":true}]}}