{"id":141931,"date":"2021-04-20T09:43:19","date_gmt":"2021-04-20T08:43:19","guid":{"rendered":"https:\/\/die-webzeitung.de\/stuttgart\/?p=141931"},"modified":"2021-04-20T09:43:19","modified_gmt":"2021-04-20T08:43:19","slug":"widerruf-der-zuvor-erlassenen-allgemeinverfuegung-des-landkreises","status":"publish","type":"post","link":"https:\/\/die-webzeitung.de\/stuttgart\/2021\/04\/20\/widerruf-der-zuvor-erlassenen-allgemeinverfuegung-des-landkreises\/","title":{"rendered":"Widerruf der zuvor erlassenen Allgemeinverf\u00fcgung des Landkreises"},"content":{"rendered":"<h5 style=\"text-align: justify;\"><strong>Ausgangssperre ab Inzidenz 100 laut Corona Verordnung des Landes Baden-W\u00fcrttemberg<\/strong><\/h5>\n<p style=\"text-align: justify;\">Kreis B\u00f6blingen, 20.04.2021.| In der vergangenen Woche hatte der Landkreis B\u00f6blingen mittels Allgemeinverf\u00fcgung (AV) eine Ausgangssperre angeordnet, die am Samstag, 17. April, in Kraft getreten war. Man hatte, angesichts steigender Zahlen, damit etwas umgesetzt, von dem man schon wusste, dass es ab Montag, 19. April, ohnehin durch das Land Baden-W\u00fcrttemberg angek\u00fcndigt wird. Seit 19. April gilt nun die neue Corona-Verordnung (Corona-VO) des Landes, die selbst schon eine Ausgangssperre in der Zeit von 21 bis 5 Uhr enth\u00e4lt, und zwar \u00fcberall dort, wo die Inzidenz \u00fcber 100 liegt.<\/p>\n<p style=\"text-align: justify;\">Entsprechend ist damit die AV des Landkreises B\u00f6blingen \u00fcberholt und wird widerrufen. F\u00fcr die B\u00fcrgerinnen und B\u00fcrger ist dieser rechtliche Hintergrund verwirrend \u2013 er ist aber n\u00f6tig, um die Rechtsgrundlagen jeweils korrekt zu haben. Der Widerruf der AV des Kreises hei\u00dft aber nat\u00fcrlich nicht, dass im Landkreis B\u00f6blingen keine Ausgangssperre mehr gilt. Vielmehr wird diese jetzt \u00fcber die Corona-VO des Landes geregelt.<\/p>\n<hr \/>\n<p style=\"text-align: justify;\">\n","protected":false},"excerpt":{"rendered":"<p>Ausgangssperre ab Inzidenz 100 laut Corona Verordnung des Landes Baden-W\u00fcrttemberg Kreis B\u00f6blingen, 20.04.2021.| In der vergangenen Woche hatte der Landkreis B\u00f6blingen mittels Allgemeinverf\u00fcgung (AV) eine Ausgangssperre angeordnet, die am Samstag, 17. April, in Kraft getreten war. Man hatte, angesichts steigender Zahlen, damit etwas umgesetzt, von dem man schon wusste, dass es ab Montag, 19. April, [&hellip;]<\/p>\n","protected":false},"author":4,"featured_media":0,"comment_status":"closed","ping_status":"open","sticky":false,"template":"","format":"standard","meta":{"inline_featured_image":false,"_exactmetrics_skip_tracking":false,"_exactmetrics_sitenote_active":false,"_exactmetrics_sitenote_note":"","_exactmetrics_sitenote_category":0,"footnotes":""},"categories":[59,2246],"tags":[16973,3061,14857,5,68,9],"class_list":{"0":"post-141931","1":"post","2":"type-post","3":"status-publish","4":"format-standard","6":"category-aktuell","7":"category-kreis-boeblingen","8":"tag-ausgangssperre","9":"tag-boblingen","10":"tag-die-webzeitung","11":"tag-internetzeitung","12":"tag-online-zeitung","13":"tag-schaumedia"},"image_feature":null,"author_name":"Redaktion","pure_taxonomies":{"categories":[{"term_id":59,"name":"Aktuell","slug":"aktuell","term_group":0,"term_taxonomy_id":60,"taxonomy":"category","description":"","parent":0,"count":1017,"filter":"raw","image":""},{"term_id":2246,"name":"Kreis B\u00f6blingen","slug":"kreis-boeblingen","term_group":0,"term_taxonomy_id":2259,"taxonomy":"category","description":"","parent":171,"count":197,"filter":"raw","image":""}],"tags":[{"term_id":16973,"name":"Ausgangssperre","slug":"ausgangssperre","term_group":0,"term_taxonomy_id":16992,"taxonomy":"post_tag","description":"","parent":0,"count":5,"filter":"raw","image":""},{"term_id":3061,"name":"B\u00f6blingen","slug":"boblingen","term_group":0,"term_taxonomy_id":3075,"taxonomy":"post_tag","description":"","parent":0,"count":260,"filter":"raw","image":""},{"term_id":14857,"name":"Die-Webzeitung","slug":"die-webzeitung","term_group":0,"term_taxonomy_id":14876,"taxonomy":"post_tag","description":"","parent":0,"count":3625,"filter":"raw","image":""},{"term_id":5,"name":"Internetzeitung","slug":"internetzeitung","term_group":0,"term_taxonomy_id":5,"taxonomy":"post_tag","description":"","parent":0,"count":1461,"filter":"raw","image":""},{"term_id":68,"name":"Online-Zeitung","slug":"online-zeitung","term_group":0,"term_taxonomy_id":69,"taxonomy":"post_tag","description":"","parent":0,"count":3595,"filter":"raw","image":""},{"term_id":9,"name":"SchauMedia","slug":"schaumedia","term_group":0,"term_taxonomy_id":9,"taxonomy":"post_tag","description":"","parent":0,"count":1607,"filter":"raw","image":""}]},"_links":{"self":[{"href":"https:\/\/die-webzeitung.de\/stuttgart\/wp-json\/wp\/v2\/posts\/141931","targetHints":{"allow":["GET"]}}],"collection":[{"href":"https:\/\/die-webzeitung.de\/stuttgart\/wp-json\/wp\/v2\/posts"}],"about":[{"href":"https:\/\/die-webzeitung.de\/stuttgart\/wp-json\/wp\/v2\/types\/post"}],"author":[{"embeddable":true,"href":"https:\/\/die-webzeitung.de\/stuttgart\/wp-json\/wp\/v2\/users\/4"}],"replies":[{"embeddable":true,"href":"https:\/\/die-webzeitung.de\/stuttgart\/wp-json\/wp\/v2\/comments?post=141931"}],"version-history":[{"count":1,"href":"https:\/\/die-webzeitung.de\/stuttgart\/wp-json\/wp\/v2\/posts\/141931\/revisions"}],"predecessor-version":[{"id":141932,"href":"https:\/\/die-webzeitung.de\/stuttgart\/wp-json\/wp\/v2\/posts\/141931\/revisions\/141932"}],"wp:attachment":[{"href":"https:\/\/die-webzeitung.de\/stuttgart\/wp-json\/wp\/v2\/media?parent=141931"}],"wp:term":[{"taxonomy":"category","embeddable":true,"href":"https:\/\/die-webzeitung.de\/stuttgart\/wp-json\/wp\/v2\/categories?post=141931"},{"taxonomy":"post_tag","embeddable":true,"href":"https:\/\/die-webzeitung.de\/stuttgart\/wp-json\/wp\/v2\/tags?post=141931"}],"curies":[{"name":"wp","href":"https:\/\/api.w.org\/{rel}","templated":true}]}}