{"id":141904,"date":"2021-04-18T09:36:01","date_gmt":"2021-04-18T08:36:01","guid":{"rendered":"https:\/\/die-webzeitung.de\/stuttgart\/?p=141904"},"modified":"2021-04-18T09:36:17","modified_gmt":"2021-04-18T08:36:17","slug":"spannende-matches-und-ueberraschungen-zum-quali-auftakt","status":"publish","type":"post","link":"https:\/\/die-webzeitung.de\/stuttgart\/2021\/04\/18\/spannende-matches-und-ueberraschungen-zum-quali-auftakt\/","title":{"rendered":"Spannende Matches und \u00dcberraschungen zum Quali-Auftakt"},"content":{"rendered":"<h5 style=\"text-align: justify;\"><strong>44. Porsche Tennis Grand Prix &#8211; Zusammenfassung Tag 1<\/strong><\/h5>\n<p style=\"text-align: justify;\">Stuttgart.| Ereignisreicher Auftakt des Porsche Tennis Grand Prix. In der ersten Runde der Qualifikation lieferten sich 24 Spielerinnen aus zw\u00f6lf Nationen spannende Matches im Kampf um einen der sechs noch freien Startpl\u00e4tze im Hauptfeld des Stuttgarter Traditionsturniers. F\u00fcr die gr\u00f6\u00dfte \u00dcberraschung sorgte dabei die erst 17-j\u00e4hrige Noma Noha Akugue vom Porsche Junior Team. Die amtierende Deutsche Meisterin aus Hamburg (Der Club an der Alster) besiegte in ihrem Auftaktmatch die an Nummer 1 gesetzte und in der Weltrangliste um unglaubliche 698 Position besser platzierte Russin Margarita Gasparyan souver\u00e4n 6:3, 6:4. In der Finalrunde am Sonntag trifft sie auf Nastasja Schunk (BASF TC Ludwigshafen) vom Porsche Talent Team, die sich mit 6:4, 6:4 gegen Daniela Seguel aus Chile durchsetzte.<\/p>\n<p style=\"text-align: justify;\">Auch die zweite Spielerin aus dem Porsche Junior Team kam am Samstag eine Runde weiter. Julia Middendorf (TV Visbek) gewann 4:6, 6:1, 6:3 gegen die Kroatin Jana Fett. Ihre Gegnerin im Kampf um das Hauptfeld-Ticket ist Tamara Korpatsch (Der Club an der Alster). Nach der im Porsche Talent Team gef\u00f6rderten Katharina Gerlach (Tennispark Versmold), die der Rum\u00e4nin Laura Ioana Paar mit 6:3, 7:5 das Nachsehen gab, zogen auch noch zwei Spielerinnen vom Porsche Team Deutschland in die Finalrunde der stark besetzten Qualifikation ein: Anna-Lena Friedsam (TC Bredeney) wahrte ihre Chance in einem 2:20 Stunden dauernden Dreisatzmatch durch ein hart umk\u00e4mpftes 6:4, 4:6, 6:3 gegen ihre Vereinskollegin Stephanie Wagner. Mona Barthel (TEC Waldau), die zuletzt 2015 in der Einzel-Hauptrunde des Porsche Tennis Grand Prix stand, gewann 6:1, 6:4 gegen die Italienerin Martina Caregaro. Die Finalrunde der Qualifikation beginnt am Sonntag um 11 Uhr.<\/p>\n<p style=\"text-align: justify;\"><strong>Auslosung des Hauptfelds live auf dem Centre-Court<\/strong><br \/>\nDas Hauptfeld des Porsche Tennis Grand Prix wird am Sonntag um 14.00 Uhr auf dem Centre-Court der Porsche-Arena ausgelost. Mit dabei sind Ashleigh Barty, die australische Nummer 1 der Welt, sowie die zweifache Stuttgart-Siegerin Angelique Kerber. Die Auslosung wird auf Porsche Tennis TV unter <a href=\"http:\/\/porsche-tennis.com\" target=\"_blank\" rel=\"noopener noreferrer\" data-saferedirecturl=\"https:\/\/www.google.com\/url?q=http:\/\/porsche-tennis.com&amp;source=gmail&amp;ust=1618816864767000&amp;usg=AFQjCNHriChtZqbRaXh8zy3b3OI13NuYKQ\">porsche-tennis.com<\/a> live \u00fcbertragen.<\/p>\n<hr \/>\n<p style=\"text-align: justify;\">\n","protected":false},"excerpt":{"rendered":"<p>44. Porsche Tennis Grand Prix &#8211; Zusammenfassung Tag 1 Stuttgart.| Ereignisreicher Auftakt des Porsche Tennis Grand Prix. In der ersten Runde der Qualifikation lieferten sich 24 Spielerinnen aus zw\u00f6lf Nationen spannende Matches im Kampf um einen der sechs noch freien Startpl\u00e4tze im Hauptfeld des Stuttgarter Traditionsturniers. F\u00fcr die gr\u00f6\u00dfte \u00dcberraschung sorgte dabei die erst 17-j\u00e4hrige [&hellip;]<\/p>\n","protected":false},"author":4,"featured_media":0,"comment_status":"closed","ping_status":"open","sticky":false,"template":"","format":"standard","meta":{"inline_featured_image":false,"_exactmetrics_skip_tracking":false,"_exactmetrics_sitenote_active":false,"_exactmetrics_sitenote_note":"","_exactmetrics_sitenote_category":0,"footnotes":""},"categories":[110],"tags":[14857,1344,5,68,360,9,608],"class_list":{"0":"post-141904","1":"post","2":"type-post","3":"status-publish","4":"format-standard","6":"category-sport","7":"tag-die-webzeitung","8":"tag-grand-prix","9":"tag-internetzeitung","10":"tag-online-zeitung","11":"tag-porsche","12":"tag-schaumedia","13":"tag-tennis"},"image_feature":null,"author_name":"Redaktion","pure_taxonomies":{"categories":[{"term_id":110,"name":"Sport","slug":"sport","term_group":0,"term_taxonomy_id":112,"taxonomy":"category","description":"Sportberichte","parent":0,"count":1043,"filter":"raw","image":""}],"tags":[{"term_id":14857,"name":"Die-Webzeitung","slug":"die-webzeitung","term_group":0,"term_taxonomy_id":14876,"taxonomy":"post_tag","description":"","parent":0,"count":3625,"filter":"raw","image":""},{"term_id":1344,"name":"Grand-Prix","slug":"grand-prix","term_group":0,"term_taxonomy_id":1353,"taxonomy":"post_tag","description":"","parent":0,"count":4,"filter":"raw","image":""},{"term_id":5,"name":"Internetzeitung","slug":"internetzeitung","term_group":0,"term_taxonomy_id":5,"taxonomy":"post_tag","description":"","parent":0,"count":1461,"filter":"raw","image":""},{"term_id":68,"name":"Online-Zeitung","slug":"online-zeitung","term_group":0,"term_taxonomy_id":69,"taxonomy":"post_tag","description":"","parent":0,"count":3595,"filter":"raw","image":""},{"term_id":360,"name":"Porsche","slug":"porsche","term_group":0,"term_taxonomy_id":366,"taxonomy":"post_tag","description":"","parent":0,"count":31,"filter":"raw","image":""},{"term_id":9,"name":"SchauMedia","slug":"schaumedia","term_group":0,"term_taxonomy_id":9,"taxonomy":"post_tag","description":"","parent":0,"count":1607,"filter":"raw","image":""},{"term_id":608,"name":"Tennis","slug":"tennis","term_group":0,"term_taxonomy_id":616,"taxonomy":"post_tag","description":"","parent":0,"count":3,"filter":"raw","image":""}]},"_links":{"self":[{"href":"https:\/\/die-webzeitung.de\/stuttgart\/wp-json\/wp\/v2\/posts\/141904","targetHints":{"allow":["GET"]}}],"collection":[{"href":"https:\/\/die-webzeitung.de\/stuttgart\/wp-json\/wp\/v2\/posts"}],"about":[{"href":"https:\/\/die-webzeitung.de\/stuttgart\/wp-json\/wp\/v2\/types\/post"}],"author":[{"embeddable":true,"href":"https:\/\/die-webzeitung.de\/stuttgart\/wp-json\/wp\/v2\/users\/4"}],"replies":[{"embeddable":true,"href":"https:\/\/die-webzeitung.de\/stuttgart\/wp-json\/wp\/v2\/comments?post=141904"}],"version-history":[{"count":2,"href":"https:\/\/die-webzeitung.de\/stuttgart\/wp-json\/wp\/v2\/posts\/141904\/revisions"}],"predecessor-version":[{"id":141906,"href":"https:\/\/die-webzeitung.de\/stuttgart\/wp-json\/wp\/v2\/posts\/141904\/revisions\/141906"}],"wp:attachment":[{"href":"https:\/\/die-webzeitung.de\/stuttgart\/wp-json\/wp\/v2\/media?parent=141904"}],"wp:term":[{"taxonomy":"category","embeddable":true,"href":"https:\/\/die-webzeitung.de\/stuttgart\/wp-json\/wp\/v2\/categories?post=141904"},{"taxonomy":"post_tag","embeddable":true,"href":"https:\/\/die-webzeitung.de\/stuttgart\/wp-json\/wp\/v2\/tags?post=141904"}],"curies":[{"name":"wp","href":"https:\/\/api.w.org\/{rel}","templated":true}]}}