{"id":141889,"date":"2021-04-16T17:31:26","date_gmt":"2021-04-16T16:31:26","guid":{"rendered":"https:\/\/die-webzeitung.de\/stuttgart\/?p=141889"},"modified":"2021-04-16T17:31:26","modified_gmt":"2021-04-16T16:31:26","slug":"einsatzlage-am-samstag-den-17-04-2021","status":"publish","type":"post","link":"https:\/\/die-webzeitung.de\/stuttgart\/2021\/04\/16\/einsatzlage-am-samstag-den-17-04-2021\/","title":{"rendered":"Einsatzlage am Samstag den 17.04.2021"},"content":{"rendered":"<p style=\"text-align: justify;\">Stuttgart.| Die Stuttgarter Polizei bereitet sich intensiv auf die Einsatzlage am Samstag (17.04.2021) und damit erneut auf einen Gro\u00dfeinsatz vor. Da nicht ausgeschlossen werden kann, dass trotz des Verbots der Querdenker-Versammlungen, viele Protestwillige in die Innenstadt anreisen, wird die Polizei am Samstag mit mehreren Hundert Polizeibeamten in der Innenstadt pr\u00e4sent sein. Neben Polizeireitern stehen auch Drohnen sowie Wasserwerfer zur Einsatzbew\u00e4ltigung bereit. Vor allem in der Innenstadt muss mit teils erheblichen Verkehrsbehinderungen gerechnet werden. Die Polizei appelliert ausdr\u00fccklich, das Verbot der Versammlung zu respektieren. Zudem gilt am Samstag in der Innenstadt eine von der Stadt Stuttgart erlassene erweiterte Maskenpflicht (siehe st\u00e4dtische Allgemeinverf\u00fcgung sowie die Ver\u00f6ffentlichungen in den sozialen Medien).<\/p>\n<hr \/>\n<p style=\"text-align: justify;\">\n","protected":false},"excerpt":{"rendered":"<p>Stuttgart.| Die Stuttgarter Polizei bereitet sich intensiv auf die Einsatzlage am Samstag (17.04.2021) und damit erneut auf einen Gro\u00dfeinsatz vor. Da nicht ausgeschlossen werden kann, dass trotz des Verbots der Querdenker-Versammlungen, viele Protestwillige in die Innenstadt anreisen, wird die Polizei am Samstag mit mehreren Hundert Polizeibeamten in der Innenstadt pr\u00e4sent sein. Neben Polizeireitern stehen auch [&hellip;]<\/p>\n","protected":false},"author":4,"featured_media":0,"comment_status":"closed","ping_status":"open","sticky":false,"template":"","format":"standard","meta":{"inline_featured_image":false,"_exactmetrics_skip_tracking":false,"_exactmetrics_sitenote_active":false,"_exactmetrics_sitenote_note":"","_exactmetrics_sitenote_category":0,"footnotes":""},"categories":[59,2239],"tags":[12534,14857,5,68,16964,9,275],"class_list":{"0":"post-141889","1":"post","2":"type-post","3":"status-publish","4":"format-standard","6":"category-aktuell","7":"category-stuttgart-lokal","8":"tag-demonstration","9":"tag-die-webzeitung","10":"tag-internetzeitung","11":"tag-online-zeitung","12":"tag-querdenker","13":"tag-schaumedia","14":"tag-stuttgart"},"image_feature":null,"author_name":"Redaktion","pure_taxonomies":{"categories":[{"term_id":59,"name":"Aktuell","slug":"aktuell","term_group":0,"term_taxonomy_id":60,"taxonomy":"category","description":"","parent":0,"count":1017,"filter":"raw","image":""},{"term_id":2239,"name":"Stuttgart","slug":"stuttgart-lokal","term_group":0,"term_taxonomy_id":2252,"taxonomy":"category","description":"Berichte und Informationen aus Stuttgart","parent":1433,"count":942,"filter":"raw","image":""}],"tags":[{"term_id":12534,"name":"Demonstration","slug":"demonstration","term_group":0,"term_taxonomy_id":12574,"taxonomy":"post_tag","description":"","parent":0,"count":16,"filter":"raw","image":""},{"term_id":14857,"name":"Die-Webzeitung","slug":"die-webzeitung","term_group":0,"term_taxonomy_id":14876,"taxonomy":"post_tag","description":"","parent":0,"count":3625,"filter":"raw","image":""},{"term_id":5,"name":"Internetzeitung","slug":"internetzeitung","term_group":0,"term_taxonomy_id":5,"taxonomy":"post_tag","description":"","parent":0,"count":1461,"filter":"raw","image":""},{"term_id":68,"name":"Online-Zeitung","slug":"online-zeitung","term_group":0,"term_taxonomy_id":69,"taxonomy":"post_tag","description":"","parent":0,"count":3595,"filter":"raw","image":""},{"term_id":16964,"name":"Querdenker","slug":"querdenker","term_group":0,"term_taxonomy_id":16983,"taxonomy":"post_tag","description":"","parent":0,"count":5,"filter":"raw","image":""},{"term_id":9,"name":"SchauMedia","slug":"schaumedia","term_group":0,"term_taxonomy_id":9,"taxonomy":"post_tag","description":"","parent":0,"count":1607,"filter":"raw","image":""},{"term_id":275,"name":"Stuttgart","slug":"stuttgart","term_group":0,"term_taxonomy_id":281,"taxonomy":"post_tag","description":"","parent":0,"count":1195,"filter":"raw","image":""}]},"_links":{"self":[{"href":"https:\/\/die-webzeitung.de\/stuttgart\/wp-json\/wp\/v2\/posts\/141889","targetHints":{"allow":["GET"]}}],"collection":[{"href":"https:\/\/die-webzeitung.de\/stuttgart\/wp-json\/wp\/v2\/posts"}],"about":[{"href":"https:\/\/die-webzeitung.de\/stuttgart\/wp-json\/wp\/v2\/types\/post"}],"author":[{"embeddable":true,"href":"https:\/\/die-webzeitung.de\/stuttgart\/wp-json\/wp\/v2\/users\/4"}],"replies":[{"embeddable":true,"href":"https:\/\/die-webzeitung.de\/stuttgart\/wp-json\/wp\/v2\/comments?post=141889"}],"version-history":[{"count":1,"href":"https:\/\/die-webzeitung.de\/stuttgart\/wp-json\/wp\/v2\/posts\/141889\/revisions"}],"predecessor-version":[{"id":141890,"href":"https:\/\/die-webzeitung.de\/stuttgart\/wp-json\/wp\/v2\/posts\/141889\/revisions\/141890"}],"wp:attachment":[{"href":"https:\/\/die-webzeitung.de\/stuttgart\/wp-json\/wp\/v2\/media?parent=141889"}],"wp:term":[{"taxonomy":"category","embeddable":true,"href":"https:\/\/die-webzeitung.de\/stuttgart\/wp-json\/wp\/v2\/categories?post=141889"},{"taxonomy":"post_tag","embeddable":true,"href":"https:\/\/die-webzeitung.de\/stuttgart\/wp-json\/wp\/v2\/tags?post=141889"}],"curies":[{"name":"wp","href":"https:\/\/api.w.org\/{rel}","templated":true}]}}