{"id":141795,"date":"2021-04-08T12:58:11","date_gmt":"2021-04-08T11:58:11","guid":{"rendered":"https:\/\/die-webzeitung.de\/stuttgart\/?p=141795"},"modified":"2021-04-08T12:58:11","modified_gmt":"2021-04-08T11:58:11","slug":"tore-aleksandersen-bleibt-stuttgarter-trainer","status":"publish","type":"post","link":"https:\/\/die-webzeitung.de\/stuttgart\/2021\/04\/08\/tore-aleksandersen-bleibt-stuttgarter-trainer\/","title":{"rendered":"Tore Aleksandersen bleibt Stuttgarter Trainer"},"content":{"rendered":"<p style=\"text-align: justify;\">Stuttgart.| Der w\u00e4hrend der Saison neu installierte Trainer Tore Aleksandersen wird auch in der kommenden Spielzeit am Spielfeldrand in Stuttgart Regie f\u00fchren. Der Verein und er verl\u00e4ngern sein Engagement um ein Jahr.<\/p>\n<p style=\"text-align: justify;\">Der Norweger \u00fcbernahm das Team w\u00e4hrend der laufenden Saison und brachte direkt seinen eigenen Stil und seine eigene Spielidee ein. Dass sein System Erfolg verspricht, zeigt sich nicht zuletzt durch den Einzug in die Finalspiele um die Deutsche Meisterschaft, die ab kommenden Samstag ausgetragen werden.<\/p>\n<p style=\"text-align: justify;\">Der 52-j\u00e4hrige Aleksandersen ist in der Volleyball Bundesliga kein unbekanntes Gesicht. Bereits 2003 bis 2008 hatte er in Deutschland beim Ligakonkurrenten SSC Palmberg Schwerin seine Wirkungsst\u00e4tte. In dieser Zeit holte er mit seinem Team zweimal den DVV-Pokal und konnte eine Meisterschaft und eine Vize-Meisterschaft feiern. In der Spielzeit 2010\/2011 kehrte er f\u00fcr ein \u00e4hnliches kurzes Projekt wie in Stuttgart zur\u00fcck, um mit Schwerin abermals die Meisterschaft f\u00fcr sich entscheiden zu k\u00f6nnen. Neben seinen Engagements in Deutschland kann der Norweger aber auch auf eine erfolgreiche Trainerkarriere im Ausland zur\u00fcckblicken. Nach Stationen in Norwegen und Polen zog es ihn zuletzt in die t\u00fcrkische Liga. Dar\u00fcber hinaus coachte er die Nationalmannschaften von Norwegen und Finnland.<\/p>\n<p style=\"text-align: justify;\">Tore Aleksandersen erh\u00e4lt einen Ein-Jahres-Vertrag und soll die Stuttgarterinnen auch in der kommenden Saison zu weiteren Erfolgen f\u00fchren.<\/p>\n<p style=\"text-align: justify;\">Gesch\u00e4ftsf\u00fchrer Aurel Irion: \u201eDie Vertragsverl\u00e4ngerung mit unserem Trainer Tore Aleksandersen war schlussendlich nur die logische Konsequenz aus seiner Arbeit bei uns im Verein. Seine harte Arbeit und sein Auftreten haben uns von Anfang an gutgetan. Auch die Art und Weise, wie er Allianz MTV Stuttgart nach au\u00dfen vertritt und wie er den Verein bereits nach so kurzer Zeit verk\u00f6rpert, haben uns schlussendlich zu dieser Entscheidung bewogen. Ich freue mich, einen so erfahrenen Mann auch weiterhin an unserer Seite zu wissen.\u201c<\/p>\n<p style=\"text-align: justify;\">Sportdirektorin Kim Renkema: \u201eWir freuen uns, einen so erfahrenen Trainer bei uns zu haben. Ich freue mich auf die weitere Zusammenarbeit mit ihm, vor allem auch mit einem Kader, den er mit zusammengestellt hat. Seine Arbeitsweise entspricht genau dem, was wir nach dem Trainerwechsel in der laufenden Saison erwartet haben. Er bringt neue Ideen mit ein und er ist einzigartig in seinem Spielsystem. Wir freuen uns auf einen guten Saisonabschluss und nat\u00fcrlich auf das kommende Jahr mit ihm.\u201c<\/p>\n<p style=\"text-align: justify;\">Trainer Tore Aleksandersen: \u201eIch freue mich sehr auf eine weitere Saison in Stuttgart. Seit ich im Dezember hier angefangen habe, habe ich jeden Tag genossen. Als mir die M\u00f6glichkeit gegeben wurde, eine weitere Spielzeit hier zu bleiben, war es eine einfache Entscheidung f\u00fcr mich. Zun\u00e4chst einmal wollen wir aber die noch laufende Saison bestm\u00f6glich zu Ende bringen. Anschlie\u00dfend werden wir unseren Blick dann in die Zukunft richten und sehen was diese f\u00fcr uns bereit h\u00e4lt. F\u00fcr mich ist es eine Freude hier zu sein und ich freue mich sehr darauf, was die n\u00e4chsten Wochen und auch die n\u00e4chste Saison alles mit sich bringen wird.\u201c<\/p>\n<hr \/>\n<p style=\"text-align: justify;\">\n","protected":false},"excerpt":{"rendered":"<p>Stuttgart.| Der w\u00e4hrend der Saison neu installierte Trainer Tore Aleksandersen wird auch in der kommenden Spielzeit am Spielfeldrand in Stuttgart Regie f\u00fchren. Der Verein und er verl\u00e4ngern sein Engagement um ein Jahr. Der Norweger \u00fcbernahm das Team w\u00e4hrend der laufenden Saison und brachte direkt seinen eigenen Stil und seine eigene Spielidee ein. Dass sein System [&hellip;]<\/p>\n","protected":false},"author":4,"featured_media":0,"comment_status":"closed","ping_status":"open","sticky":false,"template":"","format":"standard","meta":{"inline_featured_image":false,"_exactmetrics_skip_tracking":false,"_exactmetrics_sitenote_active":false,"_exactmetrics_sitenote_note":"","_exactmetrics_sitenote_category":0,"footnotes":""},"categories":[110],"tags":[16187,131,14857,5,68,275,10629],"class_list":{"0":"post-141795","1":"post","2":"type-post","3":"status-publish","4":"format-standard","6":"category-sport","7":"tag-allianz-mtv","8":"tag-bundesliga","9":"tag-die-webzeitung","10":"tag-internetzeitung","11":"tag-online-zeitung","12":"tag-stuttgart","13":"tag-volleyball"},"image_feature":null,"author_name":"Redaktion","pure_taxonomies":{"categories":[{"term_id":110,"name":"Sport","slug":"sport","term_group":0,"term_taxonomy_id":112,"taxonomy":"category","description":"Sportberichte","parent":0,"count":1043,"filter":"raw","image":""}],"tags":[{"term_id":16187,"name":"Allianz MTV","slug":"allianz-mtv","term_group":0,"term_taxonomy_id":16206,"taxonomy":"post_tag","description":"","parent":0,"count":44,"filter":"raw","image":""},{"term_id":131,"name":"Bundesliga","slug":"bundesliga","term_group":0,"term_taxonomy_id":133,"taxonomy":"post_tag","description":"","parent":0,"count":699,"filter":"raw","image":""},{"term_id":14857,"name":"Die-Webzeitung","slug":"die-webzeitung","term_group":0,"term_taxonomy_id":14876,"taxonomy":"post_tag","description":"","parent":0,"count":3625,"filter":"raw","image":""},{"term_id":5,"name":"Internetzeitung","slug":"internetzeitung","term_group":0,"term_taxonomy_id":5,"taxonomy":"post_tag","description":"","parent":0,"count":1461,"filter":"raw","image":""},{"term_id":68,"name":"Online-Zeitung","slug":"online-zeitung","term_group":0,"term_taxonomy_id":69,"taxonomy":"post_tag","description":"","parent":0,"count":3595,"filter":"raw","image":""},{"term_id":275,"name":"Stuttgart","slug":"stuttgart","term_group":0,"term_taxonomy_id":281,"taxonomy":"post_tag","description":"","parent":0,"count":1195,"filter":"raw","image":""},{"term_id":10629,"name":"Volleyball","slug":"volleyball","term_group":0,"term_taxonomy_id":10665,"taxonomy":"post_tag","description":"","parent":0,"count":90,"filter":"raw","image":""}]},"_links":{"self":[{"href":"https:\/\/die-webzeitung.de\/stuttgart\/wp-json\/wp\/v2\/posts\/141795","targetHints":{"allow":["GET"]}}],"collection":[{"href":"https:\/\/die-webzeitung.de\/stuttgart\/wp-json\/wp\/v2\/posts"}],"about":[{"href":"https:\/\/die-webzeitung.de\/stuttgart\/wp-json\/wp\/v2\/types\/post"}],"author":[{"embeddable":true,"href":"https:\/\/die-webzeitung.de\/stuttgart\/wp-json\/wp\/v2\/users\/4"}],"replies":[{"embeddable":true,"href":"https:\/\/die-webzeitung.de\/stuttgart\/wp-json\/wp\/v2\/comments?post=141795"}],"version-history":[{"count":1,"href":"https:\/\/die-webzeitung.de\/stuttgart\/wp-json\/wp\/v2\/posts\/141795\/revisions"}],"predecessor-version":[{"id":141796,"href":"https:\/\/die-webzeitung.de\/stuttgart\/wp-json\/wp\/v2\/posts\/141795\/revisions\/141796"}],"wp:attachment":[{"href":"https:\/\/die-webzeitung.de\/stuttgart\/wp-json\/wp\/v2\/media?parent=141795"}],"wp:term":[{"taxonomy":"category","embeddable":true,"href":"https:\/\/die-webzeitung.de\/stuttgart\/wp-json\/wp\/v2\/categories?post=141795"},{"taxonomy":"post_tag","embeddable":true,"href":"https:\/\/die-webzeitung.de\/stuttgart\/wp-json\/wp\/v2\/tags?post=141795"}],"curies":[{"name":"wp","href":"https:\/\/api.w.org\/{rel}","templated":true}]}}