{"id":141789,"date":"2021-04-07T18:01:37","date_gmt":"2021-04-07T17:01:37","guid":{"rendered":"https:\/\/die-webzeitung.de\/stuttgart\/?p=141789"},"modified":"2021-04-07T18:01:37","modified_gmt":"2021-04-07T17:01:37","slug":"volleyball-roosa-koskelo-verlaengert-ihren-vertrag-um-zwei-jahre","status":"publish","type":"post","link":"https:\/\/die-webzeitung.de\/stuttgart\/2021\/04\/07\/volleyball-roosa-koskelo-verlaengert-ihren-vertrag-um-zwei-jahre\/","title":{"rendered":"Volleyball: Roosa Koskelo verl\u00e4ngert ihren Vertrag um zwei Jahre"},"content":{"rendered":"<div style=\"text-align: justify;\">Stuttgart.| \u201eThe Flying Finn\u201c Roosa Koskelo wird auch in den kommenden beiden Spielzeiten die Abwehr beim Deutschen Meister von 2019 dirigieren und startet damit bereits in ihre vierte Saison f\u00fcr die Damen aus der baden-w\u00fcrttembergischen Landeshauptstadt.<\/div>\n<div style=\"text-align: justify;\"><\/div>\n<div style=\"text-align: justify;\">Dabei war ihr Start bei den Stuttgarterinnen alles andere als einfach. Als die Finnin 2018 vom slowenischen Club aus Maribor an den Neckar wechselte, war die Energie der nur 1,64m gro\u00dfen Abwehrspezialistin deutlich zu sp\u00fcren. Doch diese verflog zun\u00e4chst schnell. Bei den obligatorischen medizinischen Tests, welchen sich alle Spielerinnen zu Beginn der Saison unterziehen m\u00fcssen, wurden bei der damals 27-j\u00e4hrigen Auff\u00e4lligkeiten festgestellt. Um weitere Untersuchungen durchf\u00fchren zu lassen und anschlie\u00dfend die n\u00f6tige Behandlung einzuleiten, ging es f\u00fcr Koskelo zun\u00e4chst zur\u00fcck in ihre Heimat. Dort wurde bald darauf deutlich, dass sich das Energieb\u00fcndel von diesem R\u00fcckschlag mit Sicherheit nicht aufhalten lassen w\u00fcrde. Nach einer medikament\u00f6sen Einstellung kehrte Roosa Koskelo nach Deutschland zur\u00fcck und zeigte bereits in ihrer ersten Saison in der Bundesliga ihr Talent und K\u00f6nnen und wurde mit Allianz MTV Stuttgart Deutscher Meister 2019. Trotz der Tatsache, dass es ihr in Deutschland eigentlich auch im Winter noch zu warm ist, verl\u00e4ngerte sie ihren Jahresvertrag zun\u00e4chst um zwei Jahre. Nun folgte die erneute Vertragsverl\u00e4ngerung um weitere zwei Jahre, sodass die in der kommenden Saison bereits in ihre vierte Saison in Orange gehen wird. Finanziell unterst\u00fctzt wird die erneute Verl\u00e4ngerung mit der Libera nicht zuletzt von Gesellschafter und Toppartner Rainer Scharr: \u201eWir freuen uns sehr, dass Roosa Koskelo f\u00fcr zwei weitere Jahre das orangene SCHARR-Trikot als Libera bei Allianz MTV Stuttgart tragen wird. Sie hat sich sowohl sportlich als auch menschlich zu einem ganz wichtigen Baustein f\u00fcr den Erfolg des Teams entwickelt und wir sind Kim und Aurel sehr dankbar daf\u00fcr, dass es ihnen gelungen ist, mit ihr eine weitere Spitzenspielerin in Stuttgart zu halten.\u201c<\/div>\n<div style=\"text-align: justify;\"><\/div>\n<div style=\"text-align: justify;\">Koskelo verf\u00fcgt nicht nur \u00fcber ein herausragendes Spielverst\u00e4ndnis, was es ihr erm\u00f6glicht B\u00e4lle sehr genau zu antizipieren, vielmehr ist sie auch \u00e4u\u00dferst wendig und schnell, sodass es ihr immer wieder gelingt auch die unm\u00f6glichsten B\u00e4lle vom Boden \u201ezu kratzen\u201c.<\/div>\n<div style=\"text-align: justify;\"><\/div>\n<div style=\"text-align: justify;\">Sportdirektorin Kim Renkema: \u201e\u00dcber Roosas Entscheidung sind wir nat\u00fcrlich sehr gl\u00fccklich! Sie hat sich in den Jahren bei uns zu einer der besten Liberas der deutschen Bundesliga entwickelt. Als Verein war es damals die kl\u00fcgste Entscheidung, dass wir auf Roosa gewartet haben, als sie nochmal zur\u00fcck nach Finnland musste, um sich einigen medizinischen Untersuchungen zu unterziehen. Wie sie sich danach entwickelt und was sie vollbracht hat, ist absolut gro\u00dfartig. Mit ihr und Krystal haben wir zwei Gesichter dieser Mannschaft, die uns auch in der neuen Saison erhalten bleiben. Nicht zuletzt ist dies eine gute Basis f\u00fcr unsere Konstanz auf dem Feld. Wir freuen uns sehr, dass Roosa uns erhalten bleibt und wir k\u00f6nnten uns keine bessere Libera w\u00fcnschen.\u201c<\/div>\n<div style=\"text-align: justify;\"><\/div>\n<div style=\"text-align: justify;\">Roosa Koskelo: \u201eIch bin sehr gl\u00fccklich in Stuttgart zu bleiben. Ich wusste, dass ich weiterspielen will und als der Verein angefragt hat, war es f\u00fcr mich tats\u00e4chlich keine schwere Entscheidung. In Stuttgart wird sehr viel hinter den Kulissen gearbeitet, sodass wir uns vollkommen auf den Volleyball und unsere Performance auf dem Feld konzentrieren k\u00f6nnen. Gerade in Corona-Zeiten, in denen die ganze Welt verr\u00fcckt spielt, k\u00f6nnen wir uns weiterhin auf uns konzentrieren, weil uns vieles abgenommen wird. Das Team ist jedes Jahr sehr gut, daher muss ich in jedem Training hart arbeiten, um das Level zu halten. Zun\u00e4chst einmal wollen wir jetzt die Meisterschaft f\u00fcr uns entscheiden, sodass wir in der kommenden Spielzeit auch wieder in der Champions League antreten d\u00fcrfen. Aber auch die Deutsche Bundesliga bietet Volleyball auf einem sehr hohen Niveau, daher ist es f\u00fcr mich bereits herausfordernd in der nationalen Liga zu spielen. Ich genie\u00dfe es in Stuttgart zu spielen und hoffe sehr, dass wir in der kommenden Saison auch wieder vor Fans in der Halle spielen k\u00f6nnen, sodass wir wieder unsere \u201egood old SCHARRena\u201c haben werden. Ich f\u00fchle mich in hier mittlerweile wie zuhause, sodass ich sehr dankbar bin, dass mir die M\u00f6glichkeit gegeben wird, weitere zwei Jahre f\u00fcr Stuttgart zu spielen!\u201c<\/div>\n<div style=\"text-align: justify;\">\n<p>&nbsp;<\/p>\n<p><strong>Finalpartien um die Deutsche Meisterschaft<\/strong><br \/>\nDas Finale wird im Modus Best-of-Five gespielt. Die Paarungen gegen den Dresdner SC sind wie folgt terminiert:<\/p>\n<p>Samstag, 10.04.2021, 16:30 Margon Arena Dresden<br \/>\nMittwoch, 14.04.2021, 18:00 SCHARRena Stuttgart<br \/>\nSamstag, 17.04.2021, 16:30 Margon Arena Dresden<br \/>\nMittwoch, 21.04.2021, 18:00 SCHARRena Stuttgart (entf\u00e4llt, falls Gesamtsieger bereits feststeht)<br \/>\nSamstag, 24.04.2021, 14:00 SCHARRena Stuttgart (entf\u00e4llt, falls Gesamtsieger bereits feststeht)<\/p>\n<p>Die Partien werden alle von SPORT1 im Free-TV \u00fcbertragen.<\/p>\n<hr \/>\n<\/div>\n","protected":false},"excerpt":{"rendered":"<p>Stuttgart.| \u201eThe Flying Finn\u201c Roosa Koskelo wird auch in den kommenden beiden Spielzeiten die Abwehr beim Deutschen Meister von 2019 dirigieren und startet damit bereits in ihre vierte Saison f\u00fcr die Damen aus der baden-w\u00fcrttembergischen Landeshauptstadt. Dabei war ihr Start bei den Stuttgarterinnen alles andere als einfach. Als die Finnin 2018 vom slowenischen Club aus [&hellip;]<\/p>\n","protected":false},"author":4,"featured_media":0,"comment_status":"closed","ping_status":"open","sticky":false,"template":"","format":"standard","meta":{"inline_featured_image":false,"_exactmetrics_skip_tracking":false,"_exactmetrics_sitenote_active":false,"_exactmetrics_sitenote_note":"","_exactmetrics_sitenote_category":0,"footnotes":""},"categories":[59,110],"tags":[16187,131,14857,5,68,9,275,10629],"class_list":{"0":"post-141789","1":"post","2":"type-post","3":"status-publish","4":"format-standard","6":"category-aktuell","7":"category-sport","8":"tag-allianz-mtv","9":"tag-bundesliga","10":"tag-die-webzeitung","11":"tag-internetzeitung","12":"tag-online-zeitung","13":"tag-schaumedia","14":"tag-stuttgart","15":"tag-volleyball"},"image_feature":null,"author_name":"Redaktion","pure_taxonomies":{"categories":[{"term_id":59,"name":"Aktuell","slug":"aktuell","term_group":0,"term_taxonomy_id":60,"taxonomy":"category","description":"","parent":0,"count":1017,"filter":"raw","image":""},{"term_id":110,"name":"Sport","slug":"sport","term_group":0,"term_taxonomy_id":112,"taxonomy":"category","description":"Sportberichte","parent":0,"count":1043,"filter":"raw","image":""}],"tags":[{"term_id":16187,"name":"Allianz MTV","slug":"allianz-mtv","term_group":0,"term_taxonomy_id":16206,"taxonomy":"post_tag","description":"","parent":0,"count":44,"filter":"raw","image":""},{"term_id":131,"name":"Bundesliga","slug":"bundesliga","term_group":0,"term_taxonomy_id":133,"taxonomy":"post_tag","description":"","parent":0,"count":699,"filter":"raw","image":""},{"term_id":14857,"name":"Die-Webzeitung","slug":"die-webzeitung","term_group":0,"term_taxonomy_id":14876,"taxonomy":"post_tag","description":"","parent":0,"count":3625,"filter":"raw","image":""},{"term_id":5,"name":"Internetzeitung","slug":"internetzeitung","term_group":0,"term_taxonomy_id":5,"taxonomy":"post_tag","description":"","parent":0,"count":1461,"filter":"raw","image":""},{"term_id":68,"name":"Online-Zeitung","slug":"online-zeitung","term_group":0,"term_taxonomy_id":69,"taxonomy":"post_tag","description":"","parent":0,"count":3595,"filter":"raw","image":""},{"term_id":9,"name":"SchauMedia","slug":"schaumedia","term_group":0,"term_taxonomy_id":9,"taxonomy":"post_tag","description":"","parent":0,"count":1607,"filter":"raw","image":""},{"term_id":275,"name":"Stuttgart","slug":"stuttgart","term_group":0,"term_taxonomy_id":281,"taxonomy":"post_tag","description":"","parent":0,"count":1195,"filter":"raw","image":""},{"term_id":10629,"name":"Volleyball","slug":"volleyball","term_group":0,"term_taxonomy_id":10665,"taxonomy":"post_tag","description":"","parent":0,"count":90,"filter":"raw","image":""}]},"_links":{"self":[{"href":"https:\/\/die-webzeitung.de\/stuttgart\/wp-json\/wp\/v2\/posts\/141789","targetHints":{"allow":["GET"]}}],"collection":[{"href":"https:\/\/die-webzeitung.de\/stuttgart\/wp-json\/wp\/v2\/posts"}],"about":[{"href":"https:\/\/die-webzeitung.de\/stuttgart\/wp-json\/wp\/v2\/types\/post"}],"author":[{"embeddable":true,"href":"https:\/\/die-webzeitung.de\/stuttgart\/wp-json\/wp\/v2\/users\/4"}],"replies":[{"embeddable":true,"href":"https:\/\/die-webzeitung.de\/stuttgart\/wp-json\/wp\/v2\/comments?post=141789"}],"version-history":[{"count":1,"href":"https:\/\/die-webzeitung.de\/stuttgart\/wp-json\/wp\/v2\/posts\/141789\/revisions"}],"predecessor-version":[{"id":141790,"href":"https:\/\/die-webzeitung.de\/stuttgart\/wp-json\/wp\/v2\/posts\/141789\/revisions\/141790"}],"wp:attachment":[{"href":"https:\/\/die-webzeitung.de\/stuttgart\/wp-json\/wp\/v2\/media?parent=141789"}],"wp:term":[{"taxonomy":"category","embeddable":true,"href":"https:\/\/die-webzeitung.de\/stuttgart\/wp-json\/wp\/v2\/categories?post=141789"},{"taxonomy":"post_tag","embeddable":true,"href":"https:\/\/die-webzeitung.de\/stuttgart\/wp-json\/wp\/v2\/tags?post=141789"}],"curies":[{"name":"wp","href":"https:\/\/api.w.org\/{rel}","templated":true}]}}