{"id":141723,"date":"2021-03-30T13:21:04","date_gmt":"2021-03-30T12:21:04","guid":{"rendered":"https:\/\/die-webzeitung.de\/stuttgart\/?p=141723"},"modified":"2021-03-30T13:21:04","modified_gmt":"2021-03-30T12:21:04","slug":"nachhaltiges-wohnviertel-am-stoeckach-entsteht","status":"publish","type":"post","link":"https:\/\/die-webzeitung.de\/stuttgart\/2021\/03\/30\/nachhaltiges-wohnviertel-am-stoeckach-entsteht\/","title":{"rendered":"Nachhaltiges Wohnviertel am St\u00f6ckach entsteht"},"content":{"rendered":"<ul>\n<li style=\"text-align: justify;\"><strong>Bis zu 800 Wohnungen, mehrere Kitas und eine Grundschule f\u00fcr den Stuttgarter Osten<\/strong><\/li>\n<li style=\"text-align: justify;\"><strong>Die EnBW und die Landeshauptstadt Stuttgart einigen sich bei Planungen f\u00fcr ein nachhaltiges Wohnviertel am St\u00f6ckach<\/strong><\/li>\n<\/ul>\n<p style=\"text-align: justify;\">Stuttgart.| Als Basis f\u00fcr den Rahmenplan des ehemaligen EnBW Betriebsgel\u00e4ndes am St\u00f6ckach haben Stadt Stuttgart und EnBW eine Vorvereinbarung unterzeichnet. Im Ausschuss f\u00fcr St\u00e4dtebau und Technik (STA) wurden heute die vorl\u00e4ufigen Pl\u00e4ne f\u00fcr die Bebauung am St\u00f6ckach vorgestellt. Neu ist dabei eine Grundschule auf dem Areal. Im Quartier sind zudem mehrere Kindertagesst\u00e4tten geplant.<\/p>\n<p style=\"text-align: justify;\">\u201e\u2018Der neue St\u00f6ckach\u2018 bietet beste Voraussetzungen f\u00fcr ein sozio-kulturell, \u00f6konomisch und \u00f6kologisch nachhaltiges Quartier. Ich freue mich, dass wir in einem konstruktiven Miteinander mit der Stadt Stuttgart und der IBA\u201927 in den vergangenen Monaten einen gro\u00dfen Schritt weitergekommen sind\u201c, so Frank Heberger, Generalbevollm\u00e4chtigter der EnBW, und f\u00e4hrt fort: \u201eMithilfe einer passgenauen Fl\u00e4chendichte und H\u00f6henentwicklung sind vor Ort rund 60.000 Quadratmeter Wohnfl\u00e4che m\u00f6glich. Damit k\u00f6nnen wir im angespannten Stuttgarter Wohnungsmarkt f\u00fcr eine gewisse Entlastung sorgen. Mit der Realisierung einer Grundschule und mehreren Kindertagesst\u00e4tten \u00fcbernehmen wir zudem f\u00fcr die J\u00fcngsten in unserer Gesellschaft Verantwortung. Nun gilt es, gemeinsam mit allen Partner*innen sowie der B\u00fcrgerschaft ein Nutzungskonzept zu entwickeln, das zukunftsweisend ist und Lust macht auf Wohnen, Leben und Arbeiten im Quartier.\u201c<\/p>\n<p style=\"text-align: justify;\">Der Rahmenplan soll bis zum Sommer finalisiert werden. Dieser bildet die wesentliche Grundlage f\u00fcr den Bebauungsplan und den notwenigen Baubeschluss. Ein neuer Bebauungsplan f\u00fcr das Areal am St\u00f6ckach ist erforderlich, da dieses bisher als Gewerbefl\u00e4che ausgewiesen ist. Das eigentliche Bebauungsplanverfahren soll noch in diesem Jahr starten, der Beschluss und damit die Baugenehmigung sollen in 2022 erfolgen. Dann beginnen auch die ersten Abbrucharbeiten auf dem Areal. 2027 werden die ersten Bewohner*innen am neuen St\u00f6ckach erwartet.<\/p>\n<p style=\"text-align: justify;\"><strong>Partizipation wird fortgesetzt<br \/>\n<\/strong>Auch im fortlaufenden Prozess f\u00fchrt die EnBW die intensive B\u00fcrgerbeteiligung fort und setzt weiter auf den direkten Austausch mit der Nachbarschaft und den Stuttgarter*innen. F\u00fcr die Partizipationsphase ab 2021 wurde ein neues Format mit verschiedenen Modulen entwickelt. N\u00e4chster Termin f\u00fcr eine Kreativ-Werkstatt ist der 24. April 2021. Hier werden die aktuellen Planungen mit der B\u00fcrgerschaft diskutiert. Der Partizipationsprozess wird in Kooperation mit der Landeshauptstadt Stuttgart und der Internationalen Bauausstellung 2027 StadtRegion Stuttgart (IBA\u201927) gef\u00fchrt.<\/p>\n<p style=\"text-align: justify;\"><strong>\u201eDer neue St\u00f6ckach\u201c<br \/>\n<\/strong>Auf dem ehemaligen Betriebsgel\u00e4nde \u201eSt\u00f6ckach\u201c im Stuttgarter Osten plant die EnBW ein zukunftsweisendes Stadtquartier. Das rund 4,25 Hektar gro\u00dfe Areal soll sich zu einem CO\u2082-neutralen und \u2013 soweit m\u00f6glich \u2013 autofreien Quartier wandeln und zugleich vielf\u00e4ltige Angebote f\u00fcr Bewohner*innen verschiedener Lebensphasen anbieten. Im Blick steht die Schaffung bezahlbaren Wohnraums: Insgesamt sind ungef\u00e4hr bis zu 800 Wohnungen geplant, 40 Prozent davon sozial gef\u00f6rdert. 2019 wurde in Abstimmung mit der Stadt Stuttgart ein zweistufiger Realisierungswettbewerb durchgef\u00fchrt. Aus mehr als 80 teilnehmenden B\u00fcros ging das Architekten-Netzwerk tong+ aus Frankfurt\/Hanoi als Gewinner hervor. Die Ideen bilden die Grundlage f\u00fcr die Erarbeitung eines Rahmenplans, das laufende Bebauungsplanverfahren und die weiteren Planungen. Auf <a href=\"http:\/\/www.der-neue-stoeckach.de\" target=\"_blank\" rel=\"noopener noreferrer\" data-saferedirecturl=\"https:\/\/www.google.com\/url?q=http:\/\/www.der-neue-stoeckach.de&amp;source=gmail&amp;ust=1617190636169000&amp;usg=AFQjCNGZLhUq-4NEZsa_FFZJ_JcC8AFgfQ\">www.der-neue-stoeckach.de<\/a> erhalten Interessierte weitere Informationen.<\/p>\n<hr \/>\n<p style=\"text-align: justify;\">\n","protected":false},"excerpt":{"rendered":"<p>Bis zu 800 Wohnungen, mehrere Kitas und eine Grundschule f\u00fcr den Stuttgarter Osten Die EnBW und die Landeshauptstadt Stuttgart einigen sich bei Planungen f\u00fcr ein nachhaltiges Wohnviertel am St\u00f6ckach Stuttgart.| Als Basis f\u00fcr den Rahmenplan des ehemaligen EnBW Betriebsgel\u00e4ndes am St\u00f6ckach haben Stadt Stuttgart und EnBW eine Vorvereinbarung unterzeichnet. Im Ausschuss f\u00fcr St\u00e4dtebau und Technik [&hellip;]<\/p>\n","protected":false},"author":4,"featured_media":0,"comment_status":"closed","ping_status":"open","sticky":false,"template":"","format":"standard","meta":{"inline_featured_image":false,"_exactmetrics_skip_tracking":false,"_exactmetrics_sitenote_active":false,"_exactmetrics_sitenote_note":"","_exactmetrics_sitenote_category":0,"footnotes":""},"categories":[2239],"tags":[14857,5,68,9,10054,275,16960],"class_list":{"0":"post-141723","1":"post","2":"type-post","3":"status-publish","4":"format-standard","6":"category-stuttgart-lokal","7":"tag-die-webzeitung","8":"tag-internetzeitung","9":"tag-online-zeitung","10":"tag-schaumedia","11":"tag-stockach","12":"tag-stuttgart","13":"tag-wohnviertel"},"image_feature":null,"author_name":"Redaktion","pure_taxonomies":{"categories":[{"term_id":2239,"name":"Stuttgart","slug":"stuttgart-lokal","term_group":0,"term_taxonomy_id":2252,"taxonomy":"category","description":"Berichte und Informationen aus Stuttgart","parent":1433,"count":942,"filter":"raw","image":""}],"tags":[{"term_id":14857,"name":"Die-Webzeitung","slug":"die-webzeitung","term_group":0,"term_taxonomy_id":14876,"taxonomy":"post_tag","description":"","parent":0,"count":3625,"filter":"raw","image":""},{"term_id":5,"name":"Internetzeitung","slug":"internetzeitung","term_group":0,"term_taxonomy_id":5,"taxonomy":"post_tag","description":"","parent":0,"count":1461,"filter":"raw","image":""},{"term_id":68,"name":"Online-Zeitung","slug":"online-zeitung","term_group":0,"term_taxonomy_id":69,"taxonomy":"post_tag","description":"","parent":0,"count":3595,"filter":"raw","image":""},{"term_id":9,"name":"SchauMedia","slug":"schaumedia","term_group":0,"term_taxonomy_id":9,"taxonomy":"post_tag","description":"","parent":0,"count":1607,"filter":"raw","image":""},{"term_id":10054,"name":"St\u00f6ckach","slug":"stockach","term_group":0,"term_taxonomy_id":10085,"taxonomy":"post_tag","description":"","parent":0,"count":1,"filter":"raw","image":""},{"term_id":275,"name":"Stuttgart","slug":"stuttgart","term_group":0,"term_taxonomy_id":281,"taxonomy":"post_tag","description":"","parent":0,"count":1195,"filter":"raw","image":""},{"term_id":16960,"name":"Wohnviertel","slug":"wohnviertel","term_group":0,"term_taxonomy_id":16979,"taxonomy":"post_tag","description":"","parent":0,"count":1,"filter":"raw","image":""}]},"_links":{"self":[{"href":"https:\/\/die-webzeitung.de\/stuttgart\/wp-json\/wp\/v2\/posts\/141723","targetHints":{"allow":["GET"]}}],"collection":[{"href":"https:\/\/die-webzeitung.de\/stuttgart\/wp-json\/wp\/v2\/posts"}],"about":[{"href":"https:\/\/die-webzeitung.de\/stuttgart\/wp-json\/wp\/v2\/types\/post"}],"author":[{"embeddable":true,"href":"https:\/\/die-webzeitung.de\/stuttgart\/wp-json\/wp\/v2\/users\/4"}],"replies":[{"embeddable":true,"href":"https:\/\/die-webzeitung.de\/stuttgart\/wp-json\/wp\/v2\/comments?post=141723"}],"version-history":[{"count":1,"href":"https:\/\/die-webzeitung.de\/stuttgart\/wp-json\/wp\/v2\/posts\/141723\/revisions"}],"predecessor-version":[{"id":141724,"href":"https:\/\/die-webzeitung.de\/stuttgart\/wp-json\/wp\/v2\/posts\/141723\/revisions\/141724"}],"wp:attachment":[{"href":"https:\/\/die-webzeitung.de\/stuttgart\/wp-json\/wp\/v2\/media?parent=141723"}],"wp:term":[{"taxonomy":"category","embeddable":true,"href":"https:\/\/die-webzeitung.de\/stuttgart\/wp-json\/wp\/v2\/categories?post=141723"},{"taxonomy":"post_tag","embeddable":true,"href":"https:\/\/die-webzeitung.de\/stuttgart\/wp-json\/wp\/v2\/tags?post=141723"}],"curies":[{"name":"wp","href":"https:\/\/api.w.org\/{rel}","templated":true}]}}