{"id":141721,"date":"2021-03-30T13:16:24","date_gmt":"2021-03-30T12:16:24","guid":{"rendered":"https:\/\/die-webzeitung.de\/stuttgart\/?p=141721"},"modified":"2021-04-05T10:25:08","modified_gmt":"2021-04-05T09:25:08","slug":"stuttgart-reds-starten-am-gruendonnerstag-in-baseball-bundesliga-saison","status":"publish","type":"post","link":"https:\/\/die-webzeitung.de\/stuttgart\/2021\/03\/30\/stuttgart-reds-starten-am-gruendonnerstag-in-baseball-bundesliga-saison\/","title":{"rendered":"Stuttgart Reds starten am Gr\u00fcndonnerstag in Baseball Bundesliga Saison"},"content":{"rendered":"<p style=\"text-align: justify;\"><b>Mit einem Heimspiel am 1.April gegen die Ulm Falcons starten die Bundesliga-Baseballer der Stuttgart Reds in die neue Saison. Pandemie-bedingt sind f\u00fcr dieses Heimspiel keine Zuschauer erlaubt, doch Reds-TV \u00fcbertr\u00e4gt das Spiel ab 19:00 im Internet Live Stream. Im Team und auch auf dem Sportgel\u00e4nde des TV Cannstatt, wo die Stuttgart Reds zuhause sind, tut sich aktuell eine Menge. Rings um das Baseball-Feld auf dem Schnarrenberg ist die kommenden Monate Gro\u00dfbaustelle. Die alten Trib\u00fcnen und Geb\u00e4ude sind bereits abgerissen, sie machen Platz f\u00fcr eines der sch\u00f6nsten Baseballstadien Europas, das in rund zwei Jahren Bauzeit entstehen wird. Auch sportlich geht es nach vorne. In den Vorbereitungsspielen gegen Regensburg, Heidenheim und T\u00fcbingen machten die Reds eine gute Figur und zeigten sich gut ger\u00fcstet f\u00fcr den Saisonbeginn.<\/b><\/p>\n<p style=\"text-align: justify;\">Den Reds gelang es \u00fcber den Winter den erfolgreichen Kader von 2020 weitestgehend zusammenzuhalten. Zum Team, das in der verk\u00fcrzten Saison 2020 den dritten Tabellenplatz im S\u00fcden erreichte, st\u00f6\u00dft 2021 wieder Publikumsliebling Toni Horvatic dazu. Horvatic spielte bereits 2019 f\u00fcr die Reds als Starting Pitcher und begeisterte zudem als Top Schlagmann. Ebenfalls aus Kroatien stammt Kruno Gojkovic, der 25j\u00e4hrige ehemalige U23 Nationalspieler erweitert wie Horvatic den Pitching Staff der Reds. Ein weiterer Neuzugang ist der Kubaner Elias Macias. Elias war bereits in der Schweizer Nationalliga t\u00e4tig und wird die Reds auch im weiteren Ausbau der Jugendarbeit voranbringen.<\/p>\n<p style=\"text-align: justify;\">Neben den R\u00fcckkehrern und Neuzug\u00e4ngen k\u00f6nnen Coach Curtis di Salle und Manager Andr\u00e9 Fink auf den kompletten Kern des 2020er Kaders st\u00fctzen. Die Reds Fans k\u00f6nnen sich auf die langj\u00e4hrigen Stammspieler Ruben Kratky, Xavi Gonzalez, Danilo Weber, Jonas van Bergen und Daniel Zeller genauso freuen wie auf die in den letzten Jahren erfolgreich ins Bundesliga-Team integrierten Nachwuchsspieler Fabian Beck, Frido Fink, Benedikt Sch\u00e4ffer, Moritz van Bergen und Yannick Witt. Auch die mit starken Leistungen zuletzt in den Kader eingestiegenen Dustin Ward, Marcel Giraud, Joe Cedano de Leon und Billy Germaine sind wieder mit von der Partie. Krankheits- bzw. verletzungsbedingt werden Yannis Weber und Jannik Denz die gesamte Saison 2021 fehlen.<\/p>\n<p style=\"text-align: justify;\">Mit einem sehr jungen, talentierten Team, das durch erfahrene Spieler stabilisiert wird, kann Coach Curtis di Salle die sportliche Entwicklung konsequent weiter vorantreiben. Bei einer COVID-bedingt noch nicht ganz absehbaren Saison nehmen die Reds die Playoff-Pl\u00e4tze in Angriff. Auch wenn der erste Spieltag noch ohne Zuschauer im TVC Ballpark der Reds stattfindet, hofft das Team auf eine baldige Verbesserung der Lage. Die Reds freuen sich darauf, mit ihren Fans die Baustelle auf dem Schnarrenberg Bauabschnitt f\u00fcr Bauabschnitt schnell wachsen zu sehen, begleitet vom erfolgreichen Verlauf der Baseball-Saison.<\/p>\n<hr \/>\n<p style=\"text-align: justify;\">\n","protected":false},"excerpt":{"rendered":"<p>Mit einem Heimspiel am 1.April gegen die Ulm Falcons starten die Bundesliga-Baseballer der Stuttgart Reds in die neue Saison. Pandemie-bedingt sind f\u00fcr dieses Heimspiel keine Zuschauer erlaubt, doch Reds-TV \u00fcbertr\u00e4gt das Spiel ab 19:00 im Internet Live Stream. Im Team und auch auf dem Sportgel\u00e4nde des TV Cannstatt, wo die Stuttgart Reds zuhause sind, tut [&hellip;]<\/p>\n","protected":false},"author":4,"featured_media":141775,"comment_status":"closed","ping_status":"open","sticky":false,"template":"","format":"standard","meta":{"inline_featured_image":false,"_exactmetrics_skip_tracking":false,"_exactmetrics_sitenote_active":false,"_exactmetrics_sitenote_note":"","_exactmetrics_sitenote_category":0,"footnotes":""},"categories":[110],"tags":[2760,131,14857,5,68,6908,9,275],"class_list":{"0":"post-141721","1":"post","2":"type-post","3":"status-publish","4":"format-standard","5":"has-post-thumbnail","7":"category-sport","8":"tag-baseball","9":"tag-bundesliga","10":"tag-die-webzeitung","11":"tag-internetzeitung","12":"tag-online-zeitung","13":"tag-reds","14":"tag-schaumedia","15":"tag-stuttgart"},"image_feature":"https:\/\/die-webzeitung.de\/stuttgart\/wp-content\/uploads\/sites\/4\/2021\/03\/stgt-Reds-Logo-wz.jpg","author_name":"Redaktion","pure_taxonomies":{"categories":[{"term_id":110,"name":"Sport","slug":"sport","term_group":0,"term_taxonomy_id":112,"taxonomy":"category","description":"Sportberichte","parent":0,"count":1043,"filter":"raw","image":""}],"tags":[{"term_id":2760,"name":"Baseball","slug":"baseball","term_group":0,"term_taxonomy_id":2774,"taxonomy":"post_tag","description":"","parent":0,"count":126,"filter":"raw","image":""},{"term_id":131,"name":"Bundesliga","slug":"bundesliga","term_group":0,"term_taxonomy_id":133,"taxonomy":"post_tag","description":"","parent":0,"count":699,"filter":"raw","image":""},{"term_id":14857,"name":"Die-Webzeitung","slug":"die-webzeitung","term_group":0,"term_taxonomy_id":14876,"taxonomy":"post_tag","description":"","parent":0,"count":3625,"filter":"raw","image":""},{"term_id":5,"name":"Internetzeitung","slug":"internetzeitung","term_group":0,"term_taxonomy_id":5,"taxonomy":"post_tag","description":"","parent":0,"count":1461,"filter":"raw","image":""},{"term_id":68,"name":"Online-Zeitung","slug":"online-zeitung","term_group":0,"term_taxonomy_id":69,"taxonomy":"post_tag","description":"","parent":0,"count":3595,"filter":"raw","image":""},{"term_id":6908,"name":"Reds","slug":"reds","term_group":0,"term_taxonomy_id":6930,"taxonomy":"post_tag","description":"","parent":0,"count":127,"filter":"raw","image":""},{"term_id":9,"name":"SchauMedia","slug":"schaumedia","term_group":0,"term_taxonomy_id":9,"taxonomy":"post_tag","description":"","parent":0,"count":1607,"filter":"raw","image":""},{"term_id":275,"name":"Stuttgart","slug":"stuttgart","term_group":0,"term_taxonomy_id":281,"taxonomy":"post_tag","description":"","parent":0,"count":1195,"filter":"raw","image":""}]},"_links":{"self":[{"href":"https:\/\/die-webzeitung.de\/stuttgart\/wp-json\/wp\/v2\/posts\/141721","targetHints":{"allow":["GET"]}}],"collection":[{"href":"https:\/\/die-webzeitung.de\/stuttgart\/wp-json\/wp\/v2\/posts"}],"about":[{"href":"https:\/\/die-webzeitung.de\/stuttgart\/wp-json\/wp\/v2\/types\/post"}],"author":[{"embeddable":true,"href":"https:\/\/die-webzeitung.de\/stuttgart\/wp-json\/wp\/v2\/users\/4"}],"replies":[{"embeddable":true,"href":"https:\/\/die-webzeitung.de\/stuttgart\/wp-json\/wp\/v2\/comments?post=141721"}],"version-history":[{"count":1,"href":"https:\/\/die-webzeitung.de\/stuttgart\/wp-json\/wp\/v2\/posts\/141721\/revisions"}],"predecessor-version":[{"id":141722,"href":"https:\/\/die-webzeitung.de\/stuttgart\/wp-json\/wp\/v2\/posts\/141721\/revisions\/141722"}],"wp:featuredmedia":[{"embeddable":true,"href":"https:\/\/die-webzeitung.de\/stuttgart\/wp-json\/wp\/v2\/media\/141775"}],"wp:attachment":[{"href":"https:\/\/die-webzeitung.de\/stuttgart\/wp-json\/wp\/v2\/media?parent=141721"}],"wp:term":[{"taxonomy":"category","embeddable":true,"href":"https:\/\/die-webzeitung.de\/stuttgart\/wp-json\/wp\/v2\/categories?post=141721"},{"taxonomy":"post_tag","embeddable":true,"href":"https:\/\/die-webzeitung.de\/stuttgart\/wp-json\/wp\/v2\/tags?post=141721"}],"curies":[{"name":"wp","href":"https:\/\/api.w.org\/{rel}","templated":true}]}}