{"id":141641,"date":"2021-03-19T17:58:08","date_gmt":"2021-03-19T16:58:08","guid":{"rendered":"https:\/\/die-webzeitung.de\/stuttgart\/?p=141641"},"modified":"2021-03-19T17:58:08","modified_gmt":"2021-03-19T16:58:08","slug":"grosseinsatz-wegen-demonstrationen-in-der-innenstadt","status":"publish","type":"post","link":"https:\/\/die-webzeitung.de\/stuttgart\/2021\/03\/19\/grosseinsatz-wegen-demonstrationen-in-der-innenstadt\/","title":{"rendered":"Gro\u00dfeinsatz wegen Demonstrationen in der Innenstadt"},"content":{"rendered":"<p style=\"text-align: justify;\">Stuttgart-Mitte.| Aufgrund verschiedener angemeldeter Versammlungen im Stadtgebiet gibt es am Samstag (20.03.2021) einen gr\u00f6\u00dferen Polizeieinsatz in der Innenstadt. Passanten und andere Verkehrsteilnehmer m\u00fcssen rund um den Cityring, aber auch im Gerichtsviertel und am Marienplatz, mit Behinderungen rechnen. Die angemeldeten Demonstrationen, die sich u.a. mit den Themen Solidarit\u00e4t, Rassismus sowie Polizeigewalt besch\u00e4ftigen, werden voraussichtlich auch zu Fu\u00df durch die Stadt ziehen. Je nach Lageentwicklung kommen auch der Polizeihubschrauber sowie eine ferngesteuerte Drohne zum Einsatz. Das Polizeipr\u00e4sidium Stuttgart wird zus\u00e4tzlich von Kr\u00e4ften der Landes- und der Bundespolizei sowie von Polizeireitern und Kommunikationsteams unterst\u00fctzt.<\/p>\n<hr \/>\n<p style=\"text-align: justify;\">\n","protected":false},"excerpt":{"rendered":"<p>Stuttgart-Mitte.| Aufgrund verschiedener angemeldeter Versammlungen im Stadtgebiet gibt es am Samstag (20.03.2021) einen gr\u00f6\u00dferen Polizeieinsatz in der Innenstadt. Passanten und andere Verkehrsteilnehmer m\u00fcssen rund um den Cityring, aber auch im Gerichtsviertel und am Marienplatz, mit Behinderungen rechnen. Die angemeldeten Demonstrationen, die sich u.a. mit den Themen Solidarit\u00e4t, Rassismus sowie Polizeigewalt besch\u00e4ftigen, werden voraussichtlich auch zu [&hellip;]<\/p>\n","protected":false},"author":4,"featured_media":0,"comment_status":"closed","ping_status":"open","sticky":false,"template":"","format":"standard","meta":{"inline_featured_image":false,"_exactmetrics_skip_tracking":false,"_exactmetrics_sitenote_active":false,"_exactmetrics_sitenote_note":"","_exactmetrics_sitenote_category":0,"footnotes":""},"categories":[59,2239],"tags":[12274,10940,14857,5,68,205,9,275],"class_list":{"0":"post-141641","1":"post","2":"type-post","3":"status-publish","4":"format-standard","6":"category-aktuell","7":"category-stuttgart-lokal","8":"tag-demo","9":"tag-demonstranten","10":"tag-die-webzeitung","11":"tag-internetzeitung","12":"tag-online-zeitung","13":"tag-polizei","14":"tag-schaumedia","15":"tag-stuttgart"},"image_feature":null,"author_name":"Redaktion","pure_taxonomies":{"categories":[{"term_id":59,"name":"Aktuell","slug":"aktuell","term_group":0,"term_taxonomy_id":60,"taxonomy":"category","description":"","parent":0,"count":1017,"filter":"raw","image":""},{"term_id":2239,"name":"Stuttgart","slug":"stuttgart-lokal","term_group":0,"term_taxonomy_id":2252,"taxonomy":"category","description":"Berichte und Informationen aus Stuttgart","parent":1433,"count":942,"filter":"raw","image":""}],"tags":[{"term_id":12274,"name":"Demo","slug":"demo","term_group":0,"term_taxonomy_id":12312,"taxonomy":"post_tag","description":"","parent":0,"count":12,"filter":"raw","image":""},{"term_id":10940,"name":"Demonstranten","slug":"demonstranten","term_group":0,"term_taxonomy_id":10978,"taxonomy":"post_tag","description":"","parent":0,"count":1,"filter":"raw","image":""},{"term_id":14857,"name":"Die-Webzeitung","slug":"die-webzeitung","term_group":0,"term_taxonomy_id":14876,"taxonomy":"post_tag","description":"","parent":0,"count":3625,"filter":"raw","image":""},{"term_id":5,"name":"Internetzeitung","slug":"internetzeitung","term_group":0,"term_taxonomy_id":5,"taxonomy":"post_tag","description":"","parent":0,"count":1461,"filter":"raw","image":""},{"term_id":68,"name":"Online-Zeitung","slug":"online-zeitung","term_group":0,"term_taxonomy_id":69,"taxonomy":"post_tag","description":"","parent":0,"count":3595,"filter":"raw","image":""},{"term_id":205,"name":"Polizei","slug":"polizei","term_group":0,"term_taxonomy_id":208,"taxonomy":"post_tag","description":"","parent":0,"count":277,"filter":"raw","image":""},{"term_id":9,"name":"SchauMedia","slug":"schaumedia","term_group":0,"term_taxonomy_id":9,"taxonomy":"post_tag","description":"","parent":0,"count":1607,"filter":"raw","image":""},{"term_id":275,"name":"Stuttgart","slug":"stuttgart","term_group":0,"term_taxonomy_id":281,"taxonomy":"post_tag","description":"","parent":0,"count":1195,"filter":"raw","image":""}]},"_links":{"self":[{"href":"https:\/\/die-webzeitung.de\/stuttgart\/wp-json\/wp\/v2\/posts\/141641","targetHints":{"allow":["GET"]}}],"collection":[{"href":"https:\/\/die-webzeitung.de\/stuttgart\/wp-json\/wp\/v2\/posts"}],"about":[{"href":"https:\/\/die-webzeitung.de\/stuttgart\/wp-json\/wp\/v2\/types\/post"}],"author":[{"embeddable":true,"href":"https:\/\/die-webzeitung.de\/stuttgart\/wp-json\/wp\/v2\/users\/4"}],"replies":[{"embeddable":true,"href":"https:\/\/die-webzeitung.de\/stuttgart\/wp-json\/wp\/v2\/comments?post=141641"}],"version-history":[{"count":1,"href":"https:\/\/die-webzeitung.de\/stuttgart\/wp-json\/wp\/v2\/posts\/141641\/revisions"}],"predecessor-version":[{"id":141642,"href":"https:\/\/die-webzeitung.de\/stuttgart\/wp-json\/wp\/v2\/posts\/141641\/revisions\/141642"}],"wp:attachment":[{"href":"https:\/\/die-webzeitung.de\/stuttgart\/wp-json\/wp\/v2\/media?parent=141641"}],"wp:term":[{"taxonomy":"category","embeddable":true,"href":"https:\/\/die-webzeitung.de\/stuttgart\/wp-json\/wp\/v2\/categories?post=141641"},{"taxonomy":"post_tag","embeddable":true,"href":"https:\/\/die-webzeitung.de\/stuttgart\/wp-json\/wp\/v2\/tags?post=141641"}],"curies":[{"name":"wp","href":"https:\/\/api.w.org\/{rel}","templated":true}]}}