{"id":141632,"date":"2021-03-17T18:49:02","date_gmt":"2021-03-17T17:49:02","guid":{"rendered":"https:\/\/die-webzeitung.de\/stuttgart\/2021\/03\/17\/marcel-soekler-kehrt-zurueck-an-den-wasen\/"},"modified":"2021-03-17T18:49:02","modified_gmt":"2021-03-17T17:49:02","slug":"marcel-soekler-kehrt-zurueck-an-den-wasen","status":"publish","type":"post","link":"https:\/\/die-webzeitung.de\/stuttgart\/2021\/03\/17\/marcel-soekler-kehrt-zurueck-an-den-wasen\/","title":{"rendered":"Marcel S\u00f6kler kehrt zur\u00fcck an den Wasen"},"content":{"rendered":"<h5 style=\"text-align: justify;\"><strong>Erneuter Transfercoup des SGV Freiberg Fu\u00dfball<\/strong><\/h5>\n<p style=\"text-align: justify;\">Freiberg a. N.| Der 1,88 gro\u00dfe Torj\u00e4ger, derzeit f\u00fcr den VfB Stuttgart II in der Regionalliga S\u00fcdwest im Einsatz, kehrt zur Saison 2021\/22, abl\u00f6sefrei zur\u00fcck an den Freiberger Wasen. In der laufenden Saison erzielte Marcel in bisher 20 Spielen 8 Tore und bereitete weitere vier vor. Bevor er 2019\/20 vom Freiberger Oberligisten zum VfB wechselte, erzielte er in den Spielzeiten 2016\/17 bis 2018\/19, in 105 Spielen f\u00fcr den SGV Freiberg Fu\u00dfball 93 Tore! Die Verbindung zwischen S\u00f6kler und Freiberg war spektakul\u00e4r erfolgreich und soll nun in der Folgesaison seine Fortsetzung finden.<\/p>\n<p style=\"text-align: justify;\">Marcel S\u00f6kler: Der SGV hat sich sportlich und organisatorisch neu orientiert und ein spannendes Projekt gestartet, in dem ich Teil sein m\u00f6chte, die Ziele zu erreichen. Ich dr\u00fccke Freiberg fest die Daumen und hoffe, dass die sehr erfolgreich gestartete Saison gewertet und erfolgreich abgeschlossen werden kann.<\/p>\n<p style=\"text-align: justify;\">Laki Sbonias, Cheftrainer SGV: Es ist eine sch\u00f6ne Geschichte, dass Marcel S\u00f6kler wieder den Weg zur\u00fcck nach Freiberg findet. Ich freue mich in der neuen Saison auf seine au\u00dferordentliche Qualit\u00e4t. Seine Statistiken sprechen eine deutliche Sprache und wir freuen uns auf einen super Typ und St\u00fcrmer.<\/p>\n<p style=\"text-align: justify;\">Dr. Christian Werner, Sportdirektor SGV: Wir sind sehr froh, dass Marcel sich f\u00fcr unser Projekt entschieden hat. Nat\u00fcrlich spricht bei ihm die Torquote schon alleine f\u00fcr seine au\u00dfergew\u00f6hnliche Qualit\u00e4t. Zus\u00e4tzlich hat sich Marcel in Stuttgart nochmals sportlich weiterentwickelt und passt mit seiner Spielweise hervorragend in unsere taktische Ausrichtung.<\/p>\n<hr \/>\n<p style=\"text-align: justify;\">\n","protected":false},"excerpt":{"rendered":"<p>Erneuter Transfercoup des SGV Freiberg Fu\u00dfball Freiberg a. N.| Der 1,88 gro\u00dfe Torj\u00e4ger, derzeit f\u00fcr den VfB Stuttgart II in der Regionalliga S\u00fcdwest im Einsatz, kehrt zur Saison 2021\/22, abl\u00f6sefrei zur\u00fcck an den Freiberger Wasen. In der laufenden Saison erzielte Marcel in bisher 20 Spielen 8 Tore und bereitete weitere vier vor. Bevor er 2019\/20 [&hellip;]<\/p>\n","protected":false},"author":4,"featured_media":0,"comment_status":"closed","ping_status":"open","sticky":false,"template":"","format":"standard","meta":{"inline_featured_image":false,"_exactmetrics_skip_tracking":false,"_exactmetrics_sitenote_active":false,"_exactmetrics_sitenote_note":"","_exactmetrics_sitenote_category":0,"footnotes":""},"categories":[110],"tags":[14857,80,129,5,1080,68,9,119],"class_list":{"0":"post-141632","1":"post","2":"type-post","3":"status-publish","4":"format-standard","6":"category-sport","7":"tag-die-webzeitung","8":"tag-freiberger-seite","9":"tag-fusball","10":"tag-internetzeitung","11":"tag-oberliga","12":"tag-online-zeitung","13":"tag-schaumedia","14":"tag-sgv"},"image_feature":null,"author_name":"Redaktion","pure_taxonomies":{"categories":[{"term_id":110,"name":"Sport","slug":"sport","term_group":0,"term_taxonomy_id":112,"taxonomy":"category","description":"Sportberichte","parent":0,"count":1043,"filter":"raw","image":""}],"tags":[{"term_id":14857,"name":"Die-Webzeitung","slug":"die-webzeitung","term_group":0,"term_taxonomy_id":14876,"taxonomy":"post_tag","description":"","parent":0,"count":3625,"filter":"raw","image":""},{"term_id":80,"name":"Freiberg","slug":"freiberger-seite","term_group":0,"term_taxonomy_id":95,"taxonomy":"post_tag","description":"","parent":0,"count":78,"filter":"raw","image":""},{"term_id":129,"name":"Fu\u00dfball","slug":"fusball","term_group":0,"term_taxonomy_id":131,"taxonomy":"post_tag","description":"","parent":0,"count":171,"filter":"raw","image":""},{"term_id":5,"name":"Internetzeitung","slug":"internetzeitung","term_group":0,"term_taxonomy_id":5,"taxonomy":"post_tag","description":"","parent":0,"count":1461,"filter":"raw","image":""},{"term_id":1080,"name":"Oberliga","slug":"oberliga","term_group":0,"term_taxonomy_id":1089,"taxonomy":"post_tag","description":"","parent":0,"count":35,"filter":"raw","image":""},{"term_id":68,"name":"Online-Zeitung","slug":"online-zeitung","term_group":0,"term_taxonomy_id":69,"taxonomy":"post_tag","description":"","parent":0,"count":3595,"filter":"raw","image":""},{"term_id":9,"name":"SchauMedia","slug":"schaumedia","term_group":0,"term_taxonomy_id":9,"taxonomy":"post_tag","description":"","parent":0,"count":1607,"filter":"raw","image":""},{"term_id":119,"name":"SGV","slug":"sgv","term_group":0,"term_taxonomy_id":121,"taxonomy":"post_tag","description":"","parent":0,"count":66,"filter":"raw","image":""}]},"_links":{"self":[{"href":"https:\/\/die-webzeitung.de\/stuttgart\/wp-json\/wp\/v2\/posts\/141632","targetHints":{"allow":["GET"]}}],"collection":[{"href":"https:\/\/die-webzeitung.de\/stuttgart\/wp-json\/wp\/v2\/posts"}],"about":[{"href":"https:\/\/die-webzeitung.de\/stuttgart\/wp-json\/wp\/v2\/types\/post"}],"author":[{"embeddable":true,"href":"https:\/\/die-webzeitung.de\/stuttgart\/wp-json\/wp\/v2\/users\/4"}],"replies":[{"embeddable":true,"href":"https:\/\/die-webzeitung.de\/stuttgart\/wp-json\/wp\/v2\/comments?post=141632"}],"version-history":[{"count":0,"href":"https:\/\/die-webzeitung.de\/stuttgart\/wp-json\/wp\/v2\/posts\/141632\/revisions"}],"wp:attachment":[{"href":"https:\/\/die-webzeitung.de\/stuttgart\/wp-json\/wp\/v2\/media?parent=141632"}],"wp:term":[{"taxonomy":"category","embeddable":true,"href":"https:\/\/die-webzeitung.de\/stuttgart\/wp-json\/wp\/v2\/categories?post=141632"},{"taxonomy":"post_tag","embeddable":true,"href":"https:\/\/die-webzeitung.de\/stuttgart\/wp-json\/wp\/v2\/tags?post=141632"}],"curies":[{"name":"wp","href":"https:\/\/api.w.org\/{rel}","templated":true}]}}