{"id":141607,"date":"2021-03-13T19:29:56","date_gmt":"2021-03-13T18:29:56","guid":{"rendered":"https:\/\/die-webzeitung.de\/stuttgart\/?p=141607"},"modified":"2021-03-13T19:30:09","modified_gmt":"2021-03-13T18:30:09","slug":"polizeieinsatz-in-der-innenstadt-2","status":"publish","type":"post","link":"https:\/\/die-webzeitung.de\/stuttgart\/2021\/03\/13\/polizeieinsatz-in-der-innenstadt-2\/","title":{"rendered":"Polizeieinsatz in der Innenstadt"},"content":{"rendered":"<p style=\"text-align: justify;\">Stuttgart-Mitte.| Anl\u00e4sslich einer Wahlkampfabschlussveranstaltung auf dem Kronprinzplatz und erwarteter Gegenaktionen sowie mehrerer angemeldeter Demonstrationen war die Polizei am Samstagmittag (13.03.2021) und am Nachmittag in der Innenstadt stark pr\u00e4sent. Am Kronprinzplatz waren aus Sicherheitsgr\u00fcnden Polizeigitter aufgestellt und u.a. Polizeireiter, Kommunikationsteams, Beweissicherungseinheiten und mehrere Hundertschaften in der City im Einsatz. Bei der Wahlkampfabschlussveranstaltung und diesbez\u00fcglichen Gegendemonstrationen kam es zu keinen nennenswerten Vorkommnissen.<\/p>\n<p style=\"text-align: justify;\">Eine zeitlich parallel stattfindende Demonstration gegen die coronabedingten Einschr\u00e4nkungen hatte starken Zulauf. Trotz Aufforderungen, Kontrollen und Lautsprecherdurchsagen der Polizei waren zun\u00e4chst bis zu 90 Prozent aller dortigen Teilnehmer, sp\u00e4ter noch gut die H\u00e4lfte, ohne Maske an der Versammlungs\u00f6rtlichkeit im oberen Schlossgarten. Die geforderten Abst\u00e4nde waren ebenfalls sehr h\u00e4ufig nicht eingehalten. Der Versammlungsleiter erkl\u00e4rte die Versammlung vor dem kleinen Haus des Staatstheaters gegen 14 Uhr, noch vor dem Zustandekommen eines zun\u00e4chst geplanten Aufzugs, f\u00fcr beendet.<\/p>\n<p style=\"text-align: justify;\">Mehrere hundert Personen der beendeten Versammlung zogen sodann in verschiedenen Aufz\u00fcgen in unterschiedliche Richtungen davon, vorbei an der Oper, am K\u00f6nigsbau, durch die untere K\u00f6nigstra\u00dfe sowie vorbei an der Gitterlinie vor dem Landtag. Ein Fernsehteam meldete, es sei in der unteren K\u00f6nigstra\u00dfe von Demoteilnehmern angegangen worden. \u00dcber Verletzungen ist nichts bekannt.<\/p>\n<p style=\"text-align: justify;\">Viele der Teilnehmer der sich offenbar spontan gebildeten Aufz\u00fcge trugen keine Maske und hielten auch die gebotenen Abst\u00e4nde nicht ein. Die Polizei stoppte die Aufz\u00fcge an verschiedenen Stellen in den Bereichen der Stuttgarter Innenstadt und der Fu\u00dfg\u00e4ngerzone, in der K\u00f6nigstra\u00dfe, am K\u00f6nigsbau sowie rund um den Schlossplatz. In Gruppen nutzten Demonstrationsteilnehmer die M\u00f6glichkeiten der vielen Kreuzungen und Einm\u00fcndungen im Fu\u00dfg\u00e4ngerbereich, um auszuweichen und die Polizeikr\u00e4fte zu umlaufen. Auch der Stra\u00dfenverkehr in der Innenstadt war phasenweise behindert.<\/p>\n<p style=\"text-align: justify;\">Gegen 16 Uhr begannen schlie\u00dflich starke Abwanderungstendenzen, jedoch waren auch zu diesem Zeitpunkt noch mehrere hundert Personen wieder auf der Gr\u00fcnfl\u00e4che vor der Staatsoper. Im Verlauf des Demonstrationsgeschehens setzten Polizeibeamte, die von Aufzugsteilnehmern angegriffen bzw. angegangen wurden, in der Sophienstra\u00dfe kurzfristig Pfefferspray und den Einsatzstock ein. In der K\u00f6nigstra\u00dfe soll eine Demonstrationsteilnehmerin gegen Einsatzkr\u00e4fte getreten haben. Sie wurde von Beamten zur Identit\u00e4tsfeststellung festgehalten, was von vielen Beobachtern mit deren Smartphones gefilmt worden ist.<\/p>\n<p style=\"text-align: justify;\">Die Einsatzkr\u00e4fte in der Stadt wurden von beiden Lagern in der Innenstadt vielfach verbal angegangen: die einen forderten die Polizei auf, gegen Maskenverweigerer hart durchzugreifen, die anderen riefen den Beamten u.a. zu, man solle sich sch\u00e4men, unbescholtene B\u00fcrger wegen Corona zu schikanieren. Medienschaffende wurden in Sprechch\u00f6ren als L\u00fcgenpresse tituliert. Ein Teil eines spontanen Aufzugs begab sich auch f\u00fcr mehrere Minuten vor den Innenhof des neuen Schlosses und demonstrierte dort gegen die Medien, die ihre Zelte zur Berichterstattung \u00fcber die Landtagswahl aufgebaut hatten.<\/p>\n<hr \/>\n<p style=\"text-align: justify;\">\n","protected":false},"excerpt":{"rendered":"<p>Stuttgart-Mitte.| Anl\u00e4sslich einer Wahlkampfabschlussveranstaltung auf dem Kronprinzplatz und erwarteter Gegenaktionen sowie mehrerer angemeldeter Demonstrationen war die Polizei am Samstagmittag (13.03.2021) und am Nachmittag in der Innenstadt stark pr\u00e4sent. Am Kronprinzplatz waren aus Sicherheitsgr\u00fcnden Polizeigitter aufgestellt und u.a. Polizeireiter, Kommunikationsteams, Beweissicherungseinheiten und mehrere Hundertschaften in der City im Einsatz. Bei der Wahlkampfabschlussveranstaltung und diesbez\u00fcglichen Gegendemonstrationen kam [&hellip;]<\/p>\n","protected":false},"author":4,"featured_media":0,"comment_status":"closed","ping_status":"open","sticky":false,"template":"","format":"standard","meta":{"inline_featured_image":false,"_exactmetrics_skip_tracking":false,"_exactmetrics_sitenote_active":false,"_exactmetrics_sitenote_note":"","_exactmetrics_sitenote_category":0,"footnotes":""},"categories":[59,2239],"tags":[14857,5,68,9,275],"class_list":{"0":"post-141607","1":"post","2":"type-post","3":"status-publish","4":"format-standard","6":"category-aktuell","7":"category-stuttgart-lokal","8":"tag-die-webzeitung","9":"tag-internetzeitung","10":"tag-online-zeitung","11":"tag-schaumedia","12":"tag-stuttgart"},"image_feature":null,"author_name":"Redaktion","pure_taxonomies":{"categories":[{"term_id":59,"name":"Aktuell","slug":"aktuell","term_group":0,"term_taxonomy_id":60,"taxonomy":"category","description":"","parent":0,"count":1017,"filter":"raw","image":""},{"term_id":2239,"name":"Stuttgart","slug":"stuttgart-lokal","term_group":0,"term_taxonomy_id":2252,"taxonomy":"category","description":"Berichte und Informationen aus Stuttgart","parent":1433,"count":942,"filter":"raw","image":""}],"tags":[{"term_id":14857,"name":"Die-Webzeitung","slug":"die-webzeitung","term_group":0,"term_taxonomy_id":14876,"taxonomy":"post_tag","description":"","parent":0,"count":3625,"filter":"raw","image":""},{"term_id":5,"name":"Internetzeitung","slug":"internetzeitung","term_group":0,"term_taxonomy_id":5,"taxonomy":"post_tag","description":"","parent":0,"count":1461,"filter":"raw","image":""},{"term_id":68,"name":"Online-Zeitung","slug":"online-zeitung","term_group":0,"term_taxonomy_id":69,"taxonomy":"post_tag","description":"","parent":0,"count":3595,"filter":"raw","image":""},{"term_id":9,"name":"SchauMedia","slug":"schaumedia","term_group":0,"term_taxonomy_id":9,"taxonomy":"post_tag","description":"","parent":0,"count":1607,"filter":"raw","image":""},{"term_id":275,"name":"Stuttgart","slug":"stuttgart","term_group":0,"term_taxonomy_id":281,"taxonomy":"post_tag","description":"","parent":0,"count":1195,"filter":"raw","image":""}]},"_links":{"self":[{"href":"https:\/\/die-webzeitung.de\/stuttgart\/wp-json\/wp\/v2\/posts\/141607","targetHints":{"allow":["GET"]}}],"collection":[{"href":"https:\/\/die-webzeitung.de\/stuttgart\/wp-json\/wp\/v2\/posts"}],"about":[{"href":"https:\/\/die-webzeitung.de\/stuttgart\/wp-json\/wp\/v2\/types\/post"}],"author":[{"embeddable":true,"href":"https:\/\/die-webzeitung.de\/stuttgart\/wp-json\/wp\/v2\/users\/4"}],"replies":[{"embeddable":true,"href":"https:\/\/die-webzeitung.de\/stuttgart\/wp-json\/wp\/v2\/comments?post=141607"}],"version-history":[{"count":1,"href":"https:\/\/die-webzeitung.de\/stuttgart\/wp-json\/wp\/v2\/posts\/141607\/revisions"}],"predecessor-version":[{"id":141608,"href":"https:\/\/die-webzeitung.de\/stuttgart\/wp-json\/wp\/v2\/posts\/141607\/revisions\/141608"}],"wp:attachment":[{"href":"https:\/\/die-webzeitung.de\/stuttgart\/wp-json\/wp\/v2\/media?parent=141607"}],"wp:term":[{"taxonomy":"category","embeddable":true,"href":"https:\/\/die-webzeitung.de\/stuttgart\/wp-json\/wp\/v2\/categories?post=141607"},{"taxonomy":"post_tag","embeddable":true,"href":"https:\/\/die-webzeitung.de\/stuttgart\/wp-json\/wp\/v2\/tags?post=141607"}],"curies":[{"name":"wp","href":"https:\/\/api.w.org\/{rel}","templated":true}]}}