{"id":141601,"date":"2021-03-13T11:34:59","date_gmt":"2021-03-13T10:34:59","guid":{"rendered":"https:\/\/die-webzeitung.de\/stuttgart\/2021\/03\/13\/explosionen-von-postsendungen\/"},"modified":"2021-03-13T11:34:59","modified_gmt":"2021-03-13T10:34:59","slug":"explosionen-von-postsendungen","status":"publish","type":"post","link":"https:\/\/die-webzeitung.de\/stuttgart\/2021\/03\/13\/explosionen-von-postsendungen\/","title":{"rendered":"Explosionen von Postsendungen"},"content":{"rendered":"<h5 style=\"text-align: justify;\"><strong>Belohnung von 5.000 Euro f\u00fcr Hinweise zu Paketversender<\/strong><\/h5>\n<p style=\"text-align: justify;\">Stuttgart.| Zu der Person, die am Montag, 15. Februar 2021, gegen 14 Uhr in einer Postannahmestelle in der Rosengasse 5 in Ulm Pakete mit versteckten Sprengs\u00e4tzen an Firmen in Eppelheim, Neckarsulm und Pfaffenhofen verschickt hat, bitten die Staatsanwaltschaft Heidelberg und die Sonderkommission des Landeskriminalamts Baden-W\u00fcrttemberg erneut um die Mithilfe der Bev\u00f6lkerung.<\/p>\n<p style=\"text-align: justify;\">F\u00fcr Hinweise, die zur Aufkl\u00e4rung der Straftat f\u00fchren, setzt die Staatsanwaltschaft Heidelberg eine Belohnung von 5.000 Euro aus.<\/p>\n<p style=\"text-align: justify;\">&#8211; Wer kann Hinweise zu der abgebildeten Person geben?<br \/>\n&#8211; Wer kann Hinweise zu dem von dieser Person getragenen, auff\u00e4lligen Schal geben?<br \/>\n&#8211; Wer kann Hinweise zu m\u00f6glichen Begleit- oder Kontaktpersonen geben?<\/p>\n<p style=\"text-align: justify;\">Die \u00dcberwachungskamera der Postannahmestelle zeichnete den Versand auf. Das \u00dcberwachungsvideo k\u00f6nnen Sie auf der Homepage der Polizei Baden-W\u00fcrttemberg aufrufen: <a href=\"https:\/\/fahndung.polizei-bw.de\" target=\"_blank\" rel=\"noopener noreferrer\">https:\/\/fahndung.polizei-bw.de<\/a><\/p>\n<p style=\"text-align: justify;\">Bei der Explosion der Postsendungen bei der Firma Wild in Eppelheim und der Firmenzentrale von LIDL in Neckarsulm wurden vier Personen verletzt. Der dritte Sprengsatz konnte rechtzeitig abgefangen und entsch\u00e4rft werden.<\/p>\n<p style=\"text-align: justify;\">Die Belohnung ist ausschlie\u00dflich f\u00fcr Privatpersonen und nicht f\u00fcr Amtstr\u00e4ger, zu deren Berufspflicht die Verfolgung strafbarer Handlungen geh\u00f6rt, bestimmt. Die Zuerkennung und Verteilung der Belohnung erfolgt unter Ausschluss des Rechtsweges.<\/p>\n<p style=\"text-align: justify;\">Hinweise nehmen die Hotline der Sonderkommission, Telefon 0711 5401 3333 oder jede andere Polizeidienststelle rund um die Uhr entgegen.<\/p>\n<hr \/>\n<p style=\"text-align: justify;\">\n","protected":false},"excerpt":{"rendered":"<p>Belohnung von 5.000 Euro f\u00fcr Hinweise zu Paketversender Stuttgart.| Zu der Person, die am Montag, 15. Februar 2021, gegen 14 Uhr in einer Postannahmestelle in der Rosengasse 5 in Ulm Pakete mit versteckten Sprengs\u00e4tzen an Firmen in Eppelheim, Neckarsulm und Pfaffenhofen verschickt hat, bitten die Staatsanwaltschaft Heidelberg und die Sonderkommission des Landeskriminalamts Baden-W\u00fcrttemberg erneut um [&hellip;]<\/p>\n","protected":false},"author":4,"featured_media":141602,"comment_status":"closed","ping_status":"open","sticky":false,"template":"","format":"standard","meta":{"inline_featured_image":false,"_exactmetrics_skip_tracking":false,"_exactmetrics_sitenote_active":false,"_exactmetrics_sitenote_note":"","_exactmetrics_sitenote_category":0,"footnotes":""},"categories":[59,9098],"tags":[14857,10525,5,16931,68,16954,16955,9],"class_list":{"0":"post-141601","1":"post","2":"type-post","3":"status-publish","4":"format-standard","5":"has-post-thumbnail","7":"category-aktuell","8":"category-baden-wuerttemberg","9":"tag-die-webzeitung","10":"tag-explosion","11":"tag-internetzeitung","12":"tag-lidl","13":"tag-online-zeitung","14":"tag-paket","15":"tag-post","16":"tag-schaumedia"},"image_feature":"https:\/\/die-webzeitung.de\/stuttgart\/wp-content\/uploads\/sites\/4\/2021\/03\/Bildschirmfoto-2021-03-13-um-11.32.46.png","author_name":"Redaktion","pure_taxonomies":{"categories":[{"term_id":59,"name":"Aktuell","slug":"aktuell","term_group":0,"term_taxonomy_id":60,"taxonomy":"category","description":"","parent":0,"count":1017,"filter":"raw","image":""},{"term_id":9098,"name":"Baden-W\u00fcrttemberg","slug":"baden-wuerttemberg","term_group":0,"term_taxonomy_id":9124,"taxonomy":"category","description":"","parent":171,"count":238,"filter":"raw","image":""}],"tags":[{"term_id":14857,"name":"Die-Webzeitung","slug":"die-webzeitung","term_group":0,"term_taxonomy_id":14876,"taxonomy":"post_tag","description":"","parent":0,"count":3625,"filter":"raw","image":""},{"term_id":10525,"name":"Explosion","slug":"explosion","term_group":0,"term_taxonomy_id":10560,"taxonomy":"post_tag","description":"","parent":0,"count":6,"filter":"raw","image":""},{"term_id":5,"name":"Internetzeitung","slug":"internetzeitung","term_group":0,"term_taxonomy_id":5,"taxonomy":"post_tag","description":"","parent":0,"count":1461,"filter":"raw","image":""},{"term_id":16931,"name":"Lidl","slug":"lidl","term_group":0,"term_taxonomy_id":16950,"taxonomy":"post_tag","description":"","parent":0,"count":3,"filter":"raw","image":""},{"term_id":68,"name":"Online-Zeitung","slug":"online-zeitung","term_group":0,"term_taxonomy_id":69,"taxonomy":"post_tag","description":"","parent":0,"count":3595,"filter":"raw","image":""},{"term_id":16954,"name":"Paket","slug":"paket","term_group":0,"term_taxonomy_id":16973,"taxonomy":"post_tag","description":"","parent":0,"count":1,"filter":"raw","image":""},{"term_id":16955,"name":"Post","slug":"post","term_group":0,"term_taxonomy_id":16974,"taxonomy":"post_tag","description":"","parent":0,"count":1,"filter":"raw","image":""},{"term_id":9,"name":"SchauMedia","slug":"schaumedia","term_group":0,"term_taxonomy_id":9,"taxonomy":"post_tag","description":"","parent":0,"count":1607,"filter":"raw","image":""}]},"_links":{"self":[{"href":"https:\/\/die-webzeitung.de\/stuttgart\/wp-json\/wp\/v2\/posts\/141601","targetHints":{"allow":["GET"]}}],"collection":[{"href":"https:\/\/die-webzeitung.de\/stuttgart\/wp-json\/wp\/v2\/posts"}],"about":[{"href":"https:\/\/die-webzeitung.de\/stuttgart\/wp-json\/wp\/v2\/types\/post"}],"author":[{"embeddable":true,"href":"https:\/\/die-webzeitung.de\/stuttgart\/wp-json\/wp\/v2\/users\/4"}],"replies":[{"embeddable":true,"href":"https:\/\/die-webzeitung.de\/stuttgart\/wp-json\/wp\/v2\/comments?post=141601"}],"version-history":[{"count":0,"href":"https:\/\/die-webzeitung.de\/stuttgart\/wp-json\/wp\/v2\/posts\/141601\/revisions"}],"wp:featuredmedia":[{"embeddable":true,"href":"https:\/\/die-webzeitung.de\/stuttgart\/wp-json\/wp\/v2\/media\/141602"}],"wp:attachment":[{"href":"https:\/\/die-webzeitung.de\/stuttgart\/wp-json\/wp\/v2\/media?parent=141601"}],"wp:term":[{"taxonomy":"category","embeddable":true,"href":"https:\/\/die-webzeitung.de\/stuttgart\/wp-json\/wp\/v2\/categories?post=141601"},{"taxonomy":"post_tag","embeddable":true,"href":"https:\/\/die-webzeitung.de\/stuttgart\/wp-json\/wp\/v2\/tags?post=141601"}],"curies":[{"name":"wp","href":"https:\/\/api.w.org\/{rel}","templated":true}]}}