{"id":141552,"date":"2021-03-09T13:26:15","date_gmt":"2021-03-09T12:26:15","guid":{"rendered":"https:\/\/die-webzeitung.de\/stuttgart\/2021\/03\/09\/joachim-loew-beendet-nach-der-euro-taetigkeit-als-bundestrainer\/"},"modified":"2021-03-09T13:26:15","modified_gmt":"2021-03-09T12:26:15","slug":"joachim-loew-beendet-nach-der-euro-taetigkeit-als-bundestrainer","status":"publish","type":"post","link":"https:\/\/die-webzeitung.de\/stuttgart\/2021\/03\/09\/joachim-loew-beendet-nach-der-euro-taetigkeit-als-bundestrainer\/","title":{"rendered":"Joachim L\u00f6w beendet nach der EURO T\u00e4tigkeit als Bundestrainer"},"content":{"rendered":"<div>\n<p style=\"text-align: justify;\">Frankfurt.| Joachim L\u00f6w wird seine T\u00e4tigkeit als Bundestrainer nach der Europameisterschaft im Sommer 2021 beenden. Der Bundestrainer bat darum, seinen urspr\u00fcnglich bis zur WM 2022 laufenden Vertrag unmittelbar mit Abschluss des EM-Turniers zu beenden. Dem stimmte der Deutsche Fu\u00dfball-Bund (DFB) zu.<\/p>\n<p style=\"text-align: justify;\">\u201cIch gehe diesen Schritt ganz bewusst, voller Stolz und mit riesiger Dankbarkeit, gleichzeitig aber weiterhin mit einer ungebrochen gro\u00dfen Motivation, was das bevorstehende EM-Turnier angeht\u201d, sagt Joachim L\u00f6w. \u201cStolz, weil es f\u00fcr mich etwas ganz Besonderes und eine Ehre ist, mich f\u00fcr mein Land zu engagieren. Und weil ich insgesamt fast 17 Jahre mit den besten Fu\u00dfballern des Landes arbeiten und sie in ihrer Entwicklung begleiten durfte. Mit ihnen verbinden mich gro\u00dfe Triumphe und schmerzliche Niederlagen, vor allem aber viele wunderbare und magische Momente \u2013 nicht nur der Gewinn der Weltmeisterschaft 2014 in Brasilien. Dankbar bin und bleibe ich gegen\u00fcber dem DFB, der mir und der Mannschaft immer ein optimales Arbeitsumfeld bereitet hat.\u201d<\/p>\n<p style=\"text-align: justify;\">Der 61 Jahre alte Bundestrainer, der die Nationalmannschaft ab Sommer 2004 zun\u00e4chst als Assistent an der Seite von J\u00fcrgen Klinsmann betreute und seit 1. August 2006 ihr Chefcoach ist, betont: \u201cF\u00fcr die bevorstehende Europameisterschaft versp\u00fcre ich weiterhin den unbedingten Willen sowie gro\u00dfe Energie und Ehrgeiz. Ich werde mein Bestes geben, unseren Fans bei diesem Turnier gro\u00dfe Freude zu bereiten und erfolgreich zu sein. Ich wei\u00df auch, dass dies f\u00fcr die gesamte Mannschaft gilt.\u201d<\/p>\n<p style=\"text-align: justify;\">DFB-Pr\u00e4sident Fritz Keller sagt: \u201cIch habe gro\u00dfen Respekt vor der Entscheidung von Joachim L\u00f6w. Der DFB wei\u00df, was er an Jogi hat, er ist einer der gr\u00f6\u00dften Trainer im Weltfu\u00dfball. Jogi L\u00f6w hat den deutschen Fu\u00dfball wie kaum ein anderer \u00fcber Jahre hinweg gepr\u00e4gt und international zu h\u00f6chstem Ansehen verholfen. Nicht nur aufgrund seiner sportlichen Errungenschaften, sondern auch wegen seiner Empathie und Menschlichkeit. Dass er uns fr\u00fchzeitig \u00fcber seine Entscheidung informiert hat, ist hoch anst\u00e4ndig. Er l\u00e4sst uns als DFB somit die n\u00f6tige Zeit, mit Ruhe und Augenma\u00df seinen Nachfolger zu benennen.\u201d<\/p>\n<p style=\"text-align: justify;\">Oliver Bierhoff, Direktor Nationalmannschaften und DFB-Akademie, erkl\u00e4rt: \u201cJoachim L\u00f6w und ich haben fast 17 Jahre lang eng zusammengearbeitet. Wir durften gemeinsam so viel erleben und auch zusammen durchstehen. Es ist schon ein besonderes Verh\u00e4ltnis, das vor allem von absolutem Vertrauen gepr\u00e4gt ist. Unter Jogi stand die Nationalmannschaft wieder f\u00fcr Spielfreude und attraktiven Offensivfu\u00dfball, diese Mannschaft und ihre Spieler haben sich unglaublich mit ihm entwickelt. Ich bedauere, dass sich nach der EURO unsere Wege beruflich voneinander trennen. Pers\u00f6nlich werden wir verbunden bleiben. Daran aber denke ich im Moment nicht, zumal ich wei\u00df, dass Jogis volle Konzentration und Energie in den n\u00e4chsten Wochen und Monaten einzig und allein der Vorbereitung auf die Europameisterschaft gelten. Uns verbindet im Sommer weiterhin ein gro\u00dfes gemeinsames Ziel.\u201d<\/p>\n<hr \/>\n<p style=\"text-align: justify;\">\n<\/div>\n","protected":false},"excerpt":{"rendered":"<p>Frankfurt.| Joachim L\u00f6w wird seine T\u00e4tigkeit als Bundestrainer nach der Europameisterschaft im Sommer 2021 beenden. Der Bundestrainer bat darum, seinen urspr\u00fcnglich bis zur WM 2022 laufenden Vertrag unmittelbar mit Abschluss des EM-Turniers zu beenden. Dem stimmte der Deutsche Fu\u00dfball-Bund (DFB) zu. \u201cIch gehe diesen Schritt ganz bewusst, voller Stolz und mit riesiger Dankbarkeit, gleichzeitig aber [&hellip;]<\/p>\n","protected":false},"author":4,"featured_media":0,"comment_status":"closed","ping_status":"open","sticky":false,"template":"","format":"standard","meta":{"inline_featured_image":false,"_exactmetrics_skip_tracking":false,"_exactmetrics_sitenote_active":false,"_exactmetrics_sitenote_note":"","_exactmetrics_sitenote_category":0,"footnotes":""},"categories":[59,110],"tags":[10077,11983,14857,129,5,15785,68,9],"class_list":{"0":"post-141552","1":"post","2":"type-post","3":"status-publish","4":"format-standard","6":"category-aktuell","7":"category-sport","8":"tag-bundestrainer","9":"tag-dfb","10":"tag-die-webzeitung","11":"tag-fusball","12":"tag-internetzeitung","13":"tag-loew","14":"tag-online-zeitung","15":"tag-schaumedia"},"image_feature":null,"author_name":"Redaktion","pure_taxonomies":{"categories":[{"term_id":59,"name":"Aktuell","slug":"aktuell","term_group":0,"term_taxonomy_id":60,"taxonomy":"category","description":"","parent":0,"count":1017,"filter":"raw","image":""},{"term_id":110,"name":"Sport","slug":"sport","term_group":0,"term_taxonomy_id":112,"taxonomy":"category","description":"Sportberichte","parent":0,"count":1043,"filter":"raw","image":""}],"tags":[{"term_id":10077,"name":"Bundestrainer","slug":"bundestrainer","term_group":0,"term_taxonomy_id":10108,"taxonomy":"post_tag","description":"","parent":0,"count":7,"filter":"raw","image":""},{"term_id":11983,"name":"DFB","slug":"dfb","term_group":0,"term_taxonomy_id":12021,"taxonomy":"post_tag","description":"","parent":0,"count":46,"filter":"raw","image":""},{"term_id":14857,"name":"Die-Webzeitung","slug":"die-webzeitung","term_group":0,"term_taxonomy_id":14876,"taxonomy":"post_tag","description":"","parent":0,"count":3625,"filter":"raw","image":""},{"term_id":129,"name":"Fu\u00dfball","slug":"fusball","term_group":0,"term_taxonomy_id":131,"taxonomy":"post_tag","description":"","parent":0,"count":171,"filter":"raw","image":""},{"term_id":5,"name":"Internetzeitung","slug":"internetzeitung","term_group":0,"term_taxonomy_id":5,"taxonomy":"post_tag","description":"","parent":0,"count":1461,"filter":"raw","image":""},{"term_id":15785,"name":"L\u00f6w","slug":"loew","term_group":0,"term_taxonomy_id":15804,"taxonomy":"post_tag","description":"","parent":0,"count":2,"filter":"raw","image":""},{"term_id":68,"name":"Online-Zeitung","slug":"online-zeitung","term_group":0,"term_taxonomy_id":69,"taxonomy":"post_tag","description":"","parent":0,"count":3595,"filter":"raw","image":""},{"term_id":9,"name":"SchauMedia","slug":"schaumedia","term_group":0,"term_taxonomy_id":9,"taxonomy":"post_tag","description":"","parent":0,"count":1607,"filter":"raw","image":""}]},"_links":{"self":[{"href":"https:\/\/die-webzeitung.de\/stuttgart\/wp-json\/wp\/v2\/posts\/141552","targetHints":{"allow":["GET"]}}],"collection":[{"href":"https:\/\/die-webzeitung.de\/stuttgart\/wp-json\/wp\/v2\/posts"}],"about":[{"href":"https:\/\/die-webzeitung.de\/stuttgart\/wp-json\/wp\/v2\/types\/post"}],"author":[{"embeddable":true,"href":"https:\/\/die-webzeitung.de\/stuttgart\/wp-json\/wp\/v2\/users\/4"}],"replies":[{"embeddable":true,"href":"https:\/\/die-webzeitung.de\/stuttgart\/wp-json\/wp\/v2\/comments?post=141552"}],"version-history":[{"count":0,"href":"https:\/\/die-webzeitung.de\/stuttgart\/wp-json\/wp\/v2\/posts\/141552\/revisions"}],"wp:attachment":[{"href":"https:\/\/die-webzeitung.de\/stuttgart\/wp-json\/wp\/v2\/media?parent=141552"}],"wp:term":[{"taxonomy":"category","embeddable":true,"href":"https:\/\/die-webzeitung.de\/stuttgart\/wp-json\/wp\/v2\/categories?post=141552"},{"taxonomy":"post_tag","embeddable":true,"href":"https:\/\/die-webzeitung.de\/stuttgart\/wp-json\/wp\/v2\/tags?post=141552"}],"curies":[{"name":"wp","href":"https:\/\/api.w.org\/{rel}","templated":true}]}}