{"id":141525,"date":"2021-03-07T19:12:14","date_gmt":"2021-03-07T18:12:14","guid":{"rendered":"https:\/\/die-webzeitung.de\/stuttgart\/?p=141525"},"modified":"2021-03-07T19:12:29","modified_gmt":"2021-03-07T18:12:29","slug":"neue-corona-regelungen-ab-montag-8-maerz","status":"publish","type":"post","link":"https:\/\/die-webzeitung.de\/stuttgart\/2021\/03\/07\/neue-corona-regelungen-ab-montag-8-maerz\/","title":{"rendered":"Neue Corona-Regelungen im Kreis B\u00f6blingen ab Montag, 8. M\u00e4rz"},"content":{"rendered":"<ul>\n<li style=\"text-align: justify;\"><strong>Inzidenz-Zahlen r\u00fccken in den Vordergrund<\/strong><\/li>\n<li style=\"text-align: justify;\"><strong>Ma\u00dfgeblich sind die Zahlen des Landesgesundheitsamts, nicht das Dashboard des Landkreises<\/strong><\/li>\n<\/ul>\n<p style=\"text-align: justify;\">Kreis B\u00f6blingen.| Mit Beschluss vom 7. M\u00e4rz 2021 hat die Landesregierung nun die neue Corona-Verordnung erlassen. Sie sieht ab morgen, 8. M\u00e4rz, Lockerungen bei den Corona-Ma\u00dfnahmen vor. Dabei r\u00fcckt die Inzidenz in den Mittelpunkt \u2013 und zwar nicht der Wert, wie er auf dem Dashboard des Landkreises errechnet wird, sondern der des Landesgesundheitsamts! Verlinkt von der Startseite des Landkreises B\u00f6blingen, <a href=\"http:\/\/www.lrabb.de\" target=\"_blank\" rel=\"noopener noreferrer\">www.lrabb.de<\/a>, Corona-Inzidenzzahlen.<\/p>\n<p style=\"text-align: justify;\">F\u00e4llt im Landkreis die 7-Tage-Inzidenz stabil (mindestens f\u00fcnf Tage in Folge) unter 50, treten weitere Lockerungen in Kraft. Wo die 7-Tage-Inzidenz an drei aufeinanderfolgenden Tagen \u00fcber 100 liegt, treten mit der sogenannten \u201eNotbremse\u201c wieder Versch\u00e4rfungen in Kraft. Der Landkreis B\u00f6blingen ist derzeit stabil unter 50. Die Feststellung dieses Werts muss jeweils gem. \u00a7 20 der Corona-Verordnung vom Gesundheitsamt erfolgen und \u00f6ffentlich bekannt gemacht werden. Die \u00f6ffentliche Bekanntmachung ist \u00fcber die Homepage des Landkreises erfolgt. Ab morgen, 8.3., treten die Lockerungen in Kraft.<\/p>\n<p style=\"text-align: justify;\">Einzelhandel, Ladengesch\u00e4fte und M\u00e4rkte k\u00f6nnen unter geltenden Hygieneauflagen wieder komplett \u00f6ffnen. Es gilt eine Maskenpflicht (medizinische oder FFP2-Maske) und Begrenzung der Kundenzahl. Museen, Galerien, Gedenkst\u00e4tten, zoologische und botanische G\u00e4rten k\u00f6nnen auch ohne vorherige Buchung besucht werden. Kontaktarmer Sport ist in kleinen Gruppen von nicht mehr als zehn Personen im Freien und auf Au\u00dfensportanlagen m\u00f6glich. Musik-, Kunst- und Jugendkunstschulen k\u00f6nnen Einzelunterricht und Unterricht f\u00fcr Gruppen von bis zu f\u00fcnf Kindern bis einschlie\u00dflich 14 Jahre anbieten (au\u00dfer Ballett- und Tanzschulen).<\/p>\n<p style=\"text-align: justify;\">Landrat Bernhard mahnt bei aller Freude \u00fcber den guten Inzidenzwert im Landkreis zur Vorsicht: \u201eDie \u00d6ffnung des Einzelhandels k\u00f6nnte zu einem kurzen Intermezzo werden. Ich appelliere deshalb an alle, sich an die Abstands- und Hygieneregeln zu halten.\u201c Parallel pr\u00fcfe man, das Schnelltestangebot im Landkreis \u00fcber die bestehenden Schnelltestzentren hinaus noch zu erweitern und zu verfeinern.<\/p>\n<p style=\"text-align: justify;\">Dar\u00fcber hinaus gilt f\u00fcr alle ab morgen, dass Treffen von bis zu f\u00fcnf Personen aus zwei Haushalten wieder m\u00f6glich sind (Kinder bis 14 Jahre z\u00e4hlen nicht mit). Im Landkreis B\u00f6blingen ist die Inzidenz seit Tagen um die 35. F\u00e4llt sie f\u00fcnf Tage hintereinander noch darunter, sind Treffen von bis zu zehn Personen aus drei Haushalten m\u00f6glich (Kinder bis 14 Jahre z\u00e4hlen nicht mit).<\/p>\n<p style=\"text-align: justify;\">Genauere Infos zu den neuen Bestimmungen, den wichtigsten \u00c4nderungen und FAQs finden sich unter <a href=\"https:\/\/www.baden-wuerttemberg.de\/de\/service\/aktuelle-infos-zu-corona\/aktuelle-corona-verordnung-des-landes-baden-wuerttemberg\/\" target=\"_blank\" rel=\"noopener noreferrer\">https:\/\/www.baden-wuerttemberg.de\/de\/service\/aktuelle-infos-zu-corona\/aktuelle-corona-verordnung-des-landes-baden-wuerttemberg\/<\/a>.<\/p>\n<hr \/>\n<p style=\"text-align: justify;\">\n","protected":false},"excerpt":{"rendered":"<p>Inzidenz-Zahlen r\u00fccken in den Vordergrund Ma\u00dfgeblich sind die Zahlen des Landesgesundheitsamts, nicht das Dashboard des Landkreises Kreis B\u00f6blingen.| Mit Beschluss vom 7. M\u00e4rz 2021 hat die Landesregierung nun die neue Corona-Verordnung erlassen. Sie sieht ab morgen, 8. M\u00e4rz, Lockerungen bei den Corona-Ma\u00dfnahmen vor. Dabei r\u00fcckt die Inzidenz in den Mittelpunkt \u2013 und zwar nicht der [&hellip;]<\/p>\n","protected":false},"author":4,"featured_media":0,"comment_status":"closed","ping_status":"open","sticky":false,"template":"","format":"standard","meta":{"inline_featured_image":false,"_exactmetrics_skip_tracking":false,"_exactmetrics_sitenote_active":false,"_exactmetrics_sitenote_note":"","_exactmetrics_sitenote_category":0,"footnotes":""},"categories":[59,2246],"tags":[],"class_list":{"0":"post-141525","1":"post","2":"type-post","3":"status-publish","4":"format-standard","6":"category-aktuell","7":"category-kreis-boeblingen"},"image_feature":null,"author_name":"Redaktion","pure_taxonomies":{"categories":[{"term_id":59,"name":"Aktuell","slug":"aktuell","term_group":0,"term_taxonomy_id":60,"taxonomy":"category","description":"","parent":0,"count":1017,"filter":"raw","image":""},{"term_id":2246,"name":"Kreis B\u00f6blingen","slug":"kreis-boeblingen","term_group":0,"term_taxonomy_id":2259,"taxonomy":"category","description":"","parent":171,"count":197,"filter":"raw","image":""}]},"_links":{"self":[{"href":"https:\/\/die-webzeitung.de\/stuttgart\/wp-json\/wp\/v2\/posts\/141525","targetHints":{"allow":["GET"]}}],"collection":[{"href":"https:\/\/die-webzeitung.de\/stuttgart\/wp-json\/wp\/v2\/posts"}],"about":[{"href":"https:\/\/die-webzeitung.de\/stuttgart\/wp-json\/wp\/v2\/types\/post"}],"author":[{"embeddable":true,"href":"https:\/\/die-webzeitung.de\/stuttgart\/wp-json\/wp\/v2\/users\/4"}],"replies":[{"embeddable":true,"href":"https:\/\/die-webzeitung.de\/stuttgart\/wp-json\/wp\/v2\/comments?post=141525"}],"version-history":[{"count":2,"href":"https:\/\/die-webzeitung.de\/stuttgart\/wp-json\/wp\/v2\/posts\/141525\/revisions"}],"predecessor-version":[{"id":141527,"href":"https:\/\/die-webzeitung.de\/stuttgart\/wp-json\/wp\/v2\/posts\/141525\/revisions\/141527"}],"wp:attachment":[{"href":"https:\/\/die-webzeitung.de\/stuttgart\/wp-json\/wp\/v2\/media?parent=141525"}],"wp:term":[{"taxonomy":"category","embeddable":true,"href":"https:\/\/die-webzeitung.de\/stuttgart\/wp-json\/wp\/v2\/categories?post=141525"},{"taxonomy":"post_tag","embeddable":true,"href":"https:\/\/die-webzeitung.de\/stuttgart\/wp-json\/wp\/v2\/tags?post=141525"}],"curies":[{"name":"wp","href":"https:\/\/api.w.org\/{rel}","templated":true}]}}