{"id":141489,"date":"2021-03-02T17:37:19","date_gmt":"2021-03-02T16:37:19","guid":{"rendered":"https:\/\/die-webzeitung.de\/stuttgart\/?p=141489"},"modified":"2021-03-02T17:37:19","modified_gmt":"2021-03-02T16:37:19","slug":"krystal-rivers-verlaengert-vertrag-in-stuttgart","status":"publish","type":"post","link":"https:\/\/die-webzeitung.de\/stuttgart\/2021\/03\/02\/krystal-rivers-verlaengert-vertrag-in-stuttgart\/","title":{"rendered":"Krystal Rivers verl\u00e4ngert Vertrag in Stuttgart"},"content":{"rendered":"<h5 style=\"text-align: justify;\"><strong>Das ist ein Hammer!<\/strong><\/h5>\n<p style=\"text-align: justify;\">Stuttgart.| Diagonalangreiferin Krystal Rivers verl\u00e4ngert ihren Vertrag bei Allianz MTV Stuttgart um ein Jahr mit beidseitiger Option auf ein weiteres und wird damit auch in der kommenden Saison f\u00fcr den aktuellen deutschen Meister auf der Platte stehen.<\/p>\n<p style=\"text-align: justify;\">Die 26-j\u00e4hrige Diagonalangreiferin aus Birmingham (USA) geht damit bereits in ihre vierte Saison in Stuttgart. Bereits seit ihrer ersten Spielzeit geh\u00f6rt die US-Amerikanerin zu den spielerisch herausragenden Akteuren in der Volleyball Bundesliga der Frauen. So war es auch nicht \u00fcberraschend, dass sie mit ihrer athletischen und teilweise spektakul\u00e4ren Spielweise einen gro\u00dfen Anteil am ersten Meistertitel in der Vereinsgeschichte 2019 hatte. Als T\u00fcpfelchen auf dem I wurde sie im Anschluss an die Saison 2018\/19 auch als wertvollste Spielerin der Volleyball-Bundesliga ausgezeichnet.<\/p>\n<p style=\"text-align: justify;\">Auch in der aktuellen Saison weisen die Statistiken der Volleyball Bundesliga Rivers als Topscorerin der Liga aus. Mit aktuell vier goldenen und einer silbernen MVP Medaille ist sie auch in diesem Ranking ganz oben zu finden.<\/p>\n<p style=\"text-align: justify;\">Krystal Rivers: Als ich \u00fcber die Unterschrift nachgedacht habe, gingen meine ersten Gedanken zu den Fans und Sponsoren, zu der gro\u00dfartigen Unterst\u00fctzung, die wir genie\u00dfen. Sogar in dieser Pandemie ohne Zuschauer in der SCHARRena haben wir die Unterst\u00fctzung gesp\u00fcrt. Stuttgart f\u00fchlt sich f\u00fcr mich wie ein Zuhause an. All diese Dinge sind gerade im Hinblick auf die momentane Situation in der Welt sehr wichtig f\u00fcr mich<\/p>\n<p style=\"text-align: justify;\">Die letzten Jahre hier in Stuttgart haben mir als Athlet so viel gebracht. Das ist hier auch in Zukunft ein sehr gutes Umfeld. Das Team, die Ziele die wir uns gesetzt und auch erreicht haben, ich bin mir sicher, da geht auch noch mehr. Wie ich sagte, ein Umfeld wo ich mich weiterentwickeln kann und in dem ich mich geborgen f\u00fchle, das war wichtig f\u00fcr mich. Wenn ich jetzt all diese Dinge zusammenf\u00fchre und bedenke, dass Stuttgart mir all diese Dinge bieten kann, dann macht es nur Sinn zu bleiben. Ich bin ein Teil dieser Familie und dieses Clubs. Ich freue mich sehr darauf weiterzumachen!<\/p>\n<p style=\"text-align: justify;\">Kim Renkema: Die Verl\u00e4ngerung mit Krystal Rivers ist nat\u00fcrlich \u00fcberragend, zumal wir diese Vertragsverl\u00e4ngerung fast nicht mehr f\u00fcr m\u00f6glich gehalten haben. Es ist ein gutes Signal f\u00fcr uns als Allianz MTV Stuttgart, dass wir eine Spielerin von solcher Qualit\u00e4t jetzt bald 4 Jahre in Stuttgart halten k\u00f6nnen. Krystal ist ein wichtiger Baustein mit ihrer Konstanz in unserem Team und spielt auch eine gro\u00dfe Rolle in der Kaderplanung f\u00fcr die neue Saison. Ich freue mich auch f\u00fcr die Volleyball Bundesliga der Frauen, dass sie einen solchen Star in Deutschland in ihren Reihen hat und dass sich die Fans noch weiter an Krystal erfreuen k\u00f6nnen.<\/p>\n<p style=\"text-align: justify;\">Aurel Irion: Wir sind sehr stolz, dass sich Krystal entschieden hat noch mindestens 1 Jahr in Stuttgart zu bleiben. Das ist besonders f\u00fcr uns als Allianz MTV Stuttgart aber auch f\u00fcr den Volleyballsport in Deutschland ein sehr positives Zeichen! Es zeigt, dass wir mit unserer Arbeit auf einem sehr guten Weg sind und das sich Krystal rundum sehr wohl in Stuttgart f\u00fchlt.<\/p>\n<hr \/>\n<p style=\"text-align: justify;\">\n","protected":false},"excerpt":{"rendered":"<p>Das ist ein Hammer! Stuttgart.| Diagonalangreiferin Krystal Rivers verl\u00e4ngert ihren Vertrag bei Allianz MTV Stuttgart um ein Jahr mit beidseitiger Option auf ein weiteres und wird damit auch in der kommenden Saison f\u00fcr den aktuellen deutschen Meister auf der Platte stehen. Die 26-j\u00e4hrige Diagonalangreiferin aus Birmingham (USA) geht damit bereits in ihre vierte Saison in [&hellip;]<\/p>\n","protected":false},"author":4,"featured_media":137979,"comment_status":"closed","ping_status":"open","sticky":false,"template":"","format":"standard","meta":{"inline_featured_image":false,"_exactmetrics_skip_tracking":false,"_exactmetrics_sitenote_active":false,"_exactmetrics_sitenote_note":"","_exactmetrics_sitenote_category":0,"footnotes":""},"categories":[59,110],"tags":[16187,131,14857,5,68,9,10629],"class_list":{"0":"post-141489","1":"post","2":"type-post","3":"status-publish","4":"format-standard","5":"has-post-thumbnail","7":"category-aktuell","8":"category-sport","9":"tag-allianz-mtv","10":"tag-bundesliga","11":"tag-die-webzeitung","12":"tag-internetzeitung","13":"tag-online-zeitung","14":"tag-schaumedia","15":"tag-volleyball"},"image_feature":"https:\/\/die-webzeitung.de\/stuttgart\/wp-content\/uploads\/sites\/4\/2020\/02\/allianz-mtv-Beitrag.png","author_name":"Redaktion","pure_taxonomies":{"categories":[{"term_id":59,"name":"Aktuell","slug":"aktuell","term_group":0,"term_taxonomy_id":60,"taxonomy":"category","description":"","parent":0,"count":1017,"filter":"raw","image":""},{"term_id":110,"name":"Sport","slug":"sport","term_group":0,"term_taxonomy_id":112,"taxonomy":"category","description":"Sportberichte","parent":0,"count":1043,"filter":"raw","image":""}],"tags":[{"term_id":16187,"name":"Allianz MTV","slug":"allianz-mtv","term_group":0,"term_taxonomy_id":16206,"taxonomy":"post_tag","description":"","parent":0,"count":44,"filter":"raw","image":""},{"term_id":131,"name":"Bundesliga","slug":"bundesliga","term_group":0,"term_taxonomy_id":133,"taxonomy":"post_tag","description":"","parent":0,"count":699,"filter":"raw","image":""},{"term_id":14857,"name":"Die-Webzeitung","slug":"die-webzeitung","term_group":0,"term_taxonomy_id":14876,"taxonomy":"post_tag","description":"","parent":0,"count":3625,"filter":"raw","image":""},{"term_id":5,"name":"Internetzeitung","slug":"internetzeitung","term_group":0,"term_taxonomy_id":5,"taxonomy":"post_tag","description":"","parent":0,"count":1461,"filter":"raw","image":""},{"term_id":68,"name":"Online-Zeitung","slug":"online-zeitung","term_group":0,"term_taxonomy_id":69,"taxonomy":"post_tag","description":"","parent":0,"count":3595,"filter":"raw","image":""},{"term_id":9,"name":"SchauMedia","slug":"schaumedia","term_group":0,"term_taxonomy_id":9,"taxonomy":"post_tag","description":"","parent":0,"count":1607,"filter":"raw","image":""},{"term_id":10629,"name":"Volleyball","slug":"volleyball","term_group":0,"term_taxonomy_id":10665,"taxonomy":"post_tag","description":"","parent":0,"count":90,"filter":"raw","image":""}]},"_links":{"self":[{"href":"https:\/\/die-webzeitung.de\/stuttgart\/wp-json\/wp\/v2\/posts\/141489","targetHints":{"allow":["GET"]}}],"collection":[{"href":"https:\/\/die-webzeitung.de\/stuttgart\/wp-json\/wp\/v2\/posts"}],"about":[{"href":"https:\/\/die-webzeitung.de\/stuttgart\/wp-json\/wp\/v2\/types\/post"}],"author":[{"embeddable":true,"href":"https:\/\/die-webzeitung.de\/stuttgart\/wp-json\/wp\/v2\/users\/4"}],"replies":[{"embeddable":true,"href":"https:\/\/die-webzeitung.de\/stuttgart\/wp-json\/wp\/v2\/comments?post=141489"}],"version-history":[{"count":1,"href":"https:\/\/die-webzeitung.de\/stuttgart\/wp-json\/wp\/v2\/posts\/141489\/revisions"}],"predecessor-version":[{"id":141490,"href":"https:\/\/die-webzeitung.de\/stuttgart\/wp-json\/wp\/v2\/posts\/141489\/revisions\/141490"}],"wp:featuredmedia":[{"embeddable":true,"href":"https:\/\/die-webzeitung.de\/stuttgart\/wp-json\/wp\/v2\/media\/137979"}],"wp:attachment":[{"href":"https:\/\/die-webzeitung.de\/stuttgart\/wp-json\/wp\/v2\/media?parent=141489"}],"wp:term":[{"taxonomy":"category","embeddable":true,"href":"https:\/\/die-webzeitung.de\/stuttgart\/wp-json\/wp\/v2\/categories?post=141489"},{"taxonomy":"post_tag","embeddable":true,"href":"https:\/\/die-webzeitung.de\/stuttgart\/wp-json\/wp\/v2\/tags?post=141489"}],"curies":[{"name":"wp","href":"https:\/\/api.w.org\/{rel}","templated":true}]}}