{"id":141455,"date":"2021-02-27T17:27:53","date_gmt":"2021-02-27T16:27:53","guid":{"rendered":"https:\/\/die-webzeitung.de\/stuttgart\/2021\/02\/27\/erster-sieg-fuer-das-mercedes-eq-formel-e-team\/"},"modified":"2021-02-27T17:27:53","modified_gmt":"2021-02-27T16:27:53","slug":"erster-sieg-fuer-das-mercedes-eq-formel-e-team","status":"publish","type":"post","link":"https:\/\/die-webzeitung.de\/stuttgart\/2021\/02\/27\/erster-sieg-fuer-das-mercedes-eq-formel-e-team\/","title":{"rendered":"Erster Sieg f\u00fcr das Mercedes-EQ Formel E Team"},"content":{"rendered":"<h5 style=\"text-align: justify;\"><strong>Nyck de Vries gewinnt bei der Nachtpremiere in Diriyah seinen ersten E-Prix, Stoffel Vandoorne wird Achter<\/strong><\/h5>\n<ul>\n<li style=\"text-align: justify;\">Nyck startete zum ersten Mal in seiner Formel-E-Karriere von der Pole Position und wurde damit im 70. Rennen der 21. Pole-Setter in der Geschichte der Serie<\/li>\n<li style=\"text-align: justify;\">Schon vor dem Rennen fuhr Nyck ein perfektes Event mit Bestzeiten in allen Sessions vom ersten und zweiten Freien Training \u00fcber seine Qualifying-Gruppe bis hin zur Super-Pole.<\/li>\n<li style=\"text-align: justify;\">Stoffel startete als WM-Zweiter des Vorjahres in der ersten Qualifying-Gruppe bei den schlechtesten Streckenverh\u00e4ltnissen und qualifizierte sich auf P15. Im Rennen verbesserte er sich um sieben Positionen bis auf den achten Rang, mit dem er seine ersten Punkte in dieser Saison sammeln konnte.<\/li>\n<li style=\"text-align: justify;\">In 1:09.583 Minuten fuhr Stoffel nach 30 von 32 Runden die schnellste Runde des Rennens, da er die Rundenzeit unter Einsatz des Fanboosts erzielte, erhielt er daf\u00fcr keinen Punkt<\/li>\n<li style=\"text-align: justify;\">Das Mercedes-EQ Formel E Team (33 Punkte) f\u00fchrt die Teamwertung nach dem ersten Saisonlauf vor Venturi Racing (18 Punkte) an<\/li>\n<li style=\"text-align: justify;\">Der zweite Saisonlauf der ABB FIA Formel E Weltmeisterschaft findet bereits am Samstag auf der gleichen Strecke unter dem Flutlicht von Diriyah statt.<\/li>\n<\/ul>\n<p style=\"text-align: justify;\">Ian James, Teamchef: \u201eNyck hat hier ab dem ersten Freien Training eine b\u00e4renstarke Leistung vollbracht. Wir konnten sein Potenzial bereits im Laufe der vergangenen Saison erkennen und es ist klasse, dass er dies nun mit seinem ersten Sieg in der Formel E umsetzen konnte. Ich finde es fantastisch, dass er hier unter Beweis stellen konnte, was er draufhat. Das war eine gro\u00dfartige Leistung von Nyck.<\/p>\n<p style=\"text-align: justify;\">Stoffel ist ebenfalls ein sehr starkes Rennen gefahren. Er sah sich der Herausforderung gegen\u00fcber, in der ersten Qualifying-Gruppe antreten zu m\u00fcssen. Dabei haben wir uns dazu entschieden, keine Risiken einzugehen und ihn sofort auf die Strecke rauszuschicken. Das brachte ihm einen noch gr\u00f6\u00dferen Nachteil ein.<\/p>\n<p style=\"text-align: justify;\">Aber schlussendlich hat Stoffel mit der zweitbesten Zeit in seiner Gruppe eine gute Performance gezeigt. Im Rennen konnte er unsere Strategie sehr gut umsetzen. Morgen erhalten wir eine weitere Gelegenheit, um anzugreifen. Warten wir ab, was dann drin ist.<\/p>\n<p style=\"text-align: justify;\">In den Abstand zu unseren Konkurrenten d\u00fcrfen wir nach dem ersten Saisonrennen nichts hineininterpretieren. Wir sind uns bewusst, wie stark die Konkurrenz ist und wie verschieden Performance und Rennverlauf sein k\u00f6nnen. Insgesamt ein guter Start, aber morgen stehen wir vor einem neuen Rennen.\u201c<\/p>\n<p style=\"text-align: justify;\">Nyck de Vries: \u201eMein erster Sieg in der Formel E ist ein fantastisches Ergebnis und ein perfekter Start in unsere zweite Saison. Ich wei\u00df nicht warum, aber ich war trotz der Freude \u00fcber den Sieg nach dem Rennen ganz entspannt. Es war bislang ein gro\u00dfartiges Wochenende f\u00fcr mich, bei dem ich in jeder Session die Bestzeit gefahren bin und am Ende den E-Prix gewonnen habe. Das ist nat\u00fcrlich ein sehr sch\u00f6nes Gef\u00fchl, aber es war kein einfaches Rennen. Es gab so viele Safety-Car-Phasen und es war schwierig, stets das richtige Energiemanagement zu w\u00e4hlen. Dabei war viel Kommunikation mit dem Team n\u00f6tig, aber es ist klasse, dass ich am Ende den Sieg nach Hause fahren konnte. Vielen Dank an das gesamte Team. Ich wei\u00df, das klingt wie ein Klischee, aber jeder in unserer Mannschaft hat \u00fcber den Winter sehr hart gearbeitet, damit wir heute hier stehen k\u00f6nnen. Deshalb noch einmal ein riesiges Dankesch\u00f6n an die gesamte Truppe f\u00fcr die unerm\u00fcdliche Arbeit. Ihr habt diesen Sieg verdient.\u201c<\/p>\n<p style=\"text-align: justify;\">Stoffel Vandoorne: \u201eHeute war ein gro\u00dfartiger Start in die Saison f\u00fcr unser gesamtes Team. Allen voran nat\u00fcrlich f\u00fcr Nyck, der seinen ersten Sieg eingefahren hat, aber auch mit Blick auf die Anzahl an Punkten, die wir als Team gesammelt haben. Das war ein fantastischer Auftakt. Wenn man bedenkt, dass ich in der ersten Qualifying-Gruppe an den Start gegangen bin, ist es aus meiner Sicht ganz ordentlich gelaufen. Ich habe mich auf P15 qualifiziert, obwohl die Streckenbedingungen nicht besonders vorteilhaft waren. Aber damit muss man leben, wenn man in der ersten Gruppe startet. Alles in allem war es ein gutes Rennen mit einer sch\u00f6nen Aufholjagd. Die Pace des Autos war gut und ich konnte mich bis auf P8 verbessern, obwohl das \u00dcberholen auf dieser Strecke sehr schwierig ist. Zusammen mit der schnellsten Rennrunde brachte mir das die ersten Punkte in diesem Jahr. Morgen erhalten wir im zweiten Rennen die n\u00e4chste Chance.\u201c<\/p>\n<hr \/>\n<p style=\"text-align: justify;\">\n","protected":false},"excerpt":{"rendered":"<p>Nyck de Vries gewinnt bei der Nachtpremiere in Diriyah seinen ersten E-Prix, Stoffel Vandoorne wird Achter Nyck startete zum ersten Mal in seiner Formel-E-Karriere von der Pole Position und wurde damit im 70. Rennen der 21. Pole-Setter in der Geschichte der Serie Schon vor dem Rennen fuhr Nyck ein perfektes Event mit Bestzeiten in allen [&hellip;]<\/p>\n","protected":false},"author":4,"featured_media":141456,"comment_status":"closed","ping_status":"open","sticky":false,"template":"","format":"standard","meta":{"inline_featured_image":false,"_exactmetrics_skip_tracking":false,"_exactmetrics_sitenote_active":false,"_exactmetrics_sitenote_note":"","_exactmetrics_sitenote_category":0,"footnotes":""},"categories":[59,110],"tags":[709,14857,14981,5,1623,68,9],"class_list":{"0":"post-141455","1":"post","2":"type-post","3":"status-publish","4":"format-standard","5":"has-post-thumbnail","7":"category-aktuell","8":"category-sport","9":"tag-daimler","10":"tag-die-webzeitung","11":"tag-formel-e","12":"tag-internetzeitung","13":"tag-motorsport","14":"tag-online-zeitung","15":"tag-schaumedia"},"image_feature":"https:\/\/die-webzeitung.de\/stuttgart\/wp-content\/uploads\/sites\/4\/2021\/02\/D711560.jpg","author_name":"Redaktion","pure_taxonomies":{"categories":[{"term_id":59,"name":"Aktuell","slug":"aktuell","term_group":0,"term_taxonomy_id":60,"taxonomy":"category","description":"","parent":0,"count":1017,"filter":"raw","image":""},{"term_id":110,"name":"Sport","slug":"sport","term_group":0,"term_taxonomy_id":112,"taxonomy":"category","description":"Sportberichte","parent":0,"count":1043,"filter":"raw","image":""}],"tags":[{"term_id":709,"name":"Daimler","slug":"daimler","term_group":0,"term_taxonomy_id":717,"taxonomy":"post_tag","description":"","parent":0,"count":10,"filter":"raw","image":""},{"term_id":14857,"name":"Die-Webzeitung","slug":"die-webzeitung","term_group":0,"term_taxonomy_id":14876,"taxonomy":"post_tag","description":"","parent":0,"count":3625,"filter":"raw","image":""},{"term_id":14981,"name":"Formel E","slug":"formel-e","term_group":0,"term_taxonomy_id":15000,"taxonomy":"post_tag","description":"","parent":0,"count":5,"filter":"raw","image":""},{"term_id":5,"name":"Internetzeitung","slug":"internetzeitung","term_group":0,"term_taxonomy_id":5,"taxonomy":"post_tag","description":"","parent":0,"count":1461,"filter":"raw","image":""},{"term_id":1623,"name":"Motorsport","slug":"motorsport","term_group":0,"term_taxonomy_id":1632,"taxonomy":"post_tag","description":"","parent":0,"count":30,"filter":"raw","image":""},{"term_id":68,"name":"Online-Zeitung","slug":"online-zeitung","term_group":0,"term_taxonomy_id":69,"taxonomy":"post_tag","description":"","parent":0,"count":3595,"filter":"raw","image":""},{"term_id":9,"name":"SchauMedia","slug":"schaumedia","term_group":0,"term_taxonomy_id":9,"taxonomy":"post_tag","description":"","parent":0,"count":1607,"filter":"raw","image":""}]},"_links":{"self":[{"href":"https:\/\/die-webzeitung.de\/stuttgart\/wp-json\/wp\/v2\/posts\/141455","targetHints":{"allow":["GET"]}}],"collection":[{"href":"https:\/\/die-webzeitung.de\/stuttgart\/wp-json\/wp\/v2\/posts"}],"about":[{"href":"https:\/\/die-webzeitung.de\/stuttgart\/wp-json\/wp\/v2\/types\/post"}],"author":[{"embeddable":true,"href":"https:\/\/die-webzeitung.de\/stuttgart\/wp-json\/wp\/v2\/users\/4"}],"replies":[{"embeddable":true,"href":"https:\/\/die-webzeitung.de\/stuttgart\/wp-json\/wp\/v2\/comments?post=141455"}],"version-history":[{"count":0,"href":"https:\/\/die-webzeitung.de\/stuttgart\/wp-json\/wp\/v2\/posts\/141455\/revisions"}],"wp:featuredmedia":[{"embeddable":true,"href":"https:\/\/die-webzeitung.de\/stuttgart\/wp-json\/wp\/v2\/media\/141456"}],"wp:attachment":[{"href":"https:\/\/die-webzeitung.de\/stuttgart\/wp-json\/wp\/v2\/media?parent=141455"}],"wp:term":[{"taxonomy":"category","embeddable":true,"href":"https:\/\/die-webzeitung.de\/stuttgart\/wp-json\/wp\/v2\/categories?post=141455"},{"taxonomy":"post_tag","embeddable":true,"href":"https:\/\/die-webzeitung.de\/stuttgart\/wp-json\/wp\/v2\/tags?post=141455"}],"curies":[{"name":"wp","href":"https:\/\/api.w.org\/{rel}","templated":true}]}}