{"id":141439,"date":"2021-02-25T18:40:44","date_gmt":"2021-02-25T17:40:44","guid":{"rendered":"https:\/\/die-webzeitung.de\/stuttgart\/?p=141439"},"modified":"2021-02-25T18:40:44","modified_gmt":"2021-02-25T17:40:44","slug":"bauvorhaben-leuze-rechtsstreit-endet-gutlich","status":"publish","type":"post","link":"https:\/\/die-webzeitung.de\/stuttgart\/2021\/02\/25\/bauvorhaben-leuze-rechtsstreit-endet-gutlich\/","title":{"rendered":"Bauvorhaben Leuze: Rechtsstreit endet gu\u0308tlich"},"content":{"rendered":"<p style=\"text-align: justify;\">Stuttgart.| Der Rechtsstreit zum Bauvorhaben Leuze kann gu\u0308tlich beigelegt werden. Darauf haben sich die Landeshauptstadt Stuttgart und WOLFF &amp; MU\u0308LLER versta\u0308ndigt. Sie folgen damit einem Vorschlag des Landgerichts Stuttgart vom September 2020. Damit verzichten beide Parteien auf ihre wechselseitigen Anspru\u0308che. Der Gemeinderat hat am Donnerstag, 25. Februar, in nicht o\u0308ffentlicher Sitzung diesem Vorgehen zugestimmt.<\/p>\n<p style=\"text-align: justify;\">Dirk Thu\u0308rnau, Technischer Bu\u0308rgermeister, erkla\u0308rte: \u201eWir schlie\u00dfen ein schwieriges Kapitel dieses Bauprojekts, das fu\u0308r alle Beteiligten belastend war. Wir richten den Blick nach vorn und setzen auf eine partnerschaftliche Zusammenarbeit mit dem Stuttgarter Bauunternehmen, das sich selbstversta\u0308ndlich auch auf ku\u0308nftige Ausschreibungen bewerben kann.\u201c<\/p>\n<p style=\"text-align: justify;\">Durch die Komplexita\u0308t des Rechtsstreits kam es erst im Herbst 2020 zu einer mu\u0308ndlichen Verhandlung. Bu\u0308rgermeister Thu\u0308rnau: \u201eWir haben die Chancen und Risiken eines fortgesetzten Rechtsstreits pra\u0308zise bewertet. Klar ist, dass sich die Auseinandersetzung u\u0308ber Jahre hinziehen wu\u0308rde. Unklar ist, mit welchen finanziellen Belastungen ein Urteilsspruch fu\u0308r die Stadt verbunden wa\u0308re. Deswegen haben wir dem Gemeinderat den Vorschlag einer gu\u0308tlichen Einigung unterbreitet. Ich bin zufrieden, dass der Rat mehrheitlich dieser Argumentation folgt.\u201c<\/p>\n<p style=\"text-align: justify;\">Dr. Albert Du\u0308rr, Gescha\u0308ftsfu\u0308hrender Gesellschafter der WOLFF &amp; MU\u0308LLER Gruppe erkla\u0308rte: \u201eEs ist gut, dass der Streit einvernehmlich beigelegt werden konnte, das hat alle Seiten gleicherma\u00dfen schon viel zu lange belastet. Auch wir schauen lieber nach vorne und freuen uns auf partnerschaftliche Zusammenarbeit in neuen Projekten.\u201c<\/p>\n<p style=\"text-align: justify;\">Die Auseinandersetzung bezog sich auf die Verbindung der Bundesstra\u00dfen B10 und B14 am Leuze. In direkter Nachbarschaft wurde von einer Arbeitsgemeinschaft, der WOLFF &amp; MU\u0308LLER ebenfalls angeho\u0308rt, der Rosensteintunnel gebaut, der im September in Betrieb gehen wird. Durch den Bau der Tunnel wird Bad Cannstatt und die Bezirke Nord und Ost erheblich vom Autoverkehr entlastet. Das Projekt hat au\u00dferdem eine neue Stadtbahnhaltestelle Wilhelma, mehr Radstreifen im Bereich Pragstra\u00dfe und neue Fu\u00dfga\u0308ngerverbindungen ermo\u0308glicht. Die Stadt investiert insgesamt u\u0308ber 400 Millionen Euro in das Gesamtprojekt.<\/p>\n<hr \/>\n<p style=\"text-align: justify;\">\n","protected":false},"excerpt":{"rendered":"<p>Stuttgart.| Der Rechtsstreit zum Bauvorhaben Leuze kann gu\u0308tlich beigelegt werden. Darauf haben sich die Landeshauptstadt Stuttgart und WOLFF &amp; MU\u0308LLER versta\u0308ndigt. Sie folgen damit einem Vorschlag des Landgerichts Stuttgart vom September 2020. Damit verzichten beide Parteien auf ihre wechselseitigen Anspru\u0308che. Der Gemeinderat hat am Donnerstag, 25. Februar, in nicht o\u0308ffentlicher Sitzung diesem Vorgehen zugestimmt. Dirk [&hellip;]<\/p>\n","protected":false},"author":4,"featured_media":0,"comment_status":"closed","ping_status":"open","sticky":false,"template":"","format":"standard","meta":{"inline_featured_image":false,"_exactmetrics_skip_tracking":false,"_exactmetrics_sitenote_active":false,"_exactmetrics_sitenote_note":"","_exactmetrics_sitenote_category":0,"footnotes":""},"categories":[2239],"tags":[16938,14857,5,5717,68,9,275],"class_list":{"0":"post-141439","1":"post","2":"type-post","3":"status-publish","4":"format-standard","6":"category-stuttgart-lokal","7":"tag-baumassnahmen","8":"tag-die-webzeitung","9":"tag-internetzeitung","10":"tag-leuze","11":"tag-online-zeitung","12":"tag-schaumedia","13":"tag-stuttgart"},"image_feature":null,"author_name":"Redaktion","pure_taxonomies":{"categories":[{"term_id":2239,"name":"Stuttgart","slug":"stuttgart-lokal","term_group":0,"term_taxonomy_id":2252,"taxonomy":"category","description":"Berichte und Informationen aus Stuttgart","parent":1433,"count":942,"filter":"raw","image":""}],"tags":[{"term_id":16938,"name":"baumassnahmen","slug":"baumassnahmen","term_group":0,"term_taxonomy_id":16957,"taxonomy":"post_tag","description":"","parent":0,"count":1,"filter":"raw","image":""},{"term_id":14857,"name":"Die-Webzeitung","slug":"die-webzeitung","term_group":0,"term_taxonomy_id":14876,"taxonomy":"post_tag","description":"","parent":0,"count":3625,"filter":"raw","image":""},{"term_id":5,"name":"Internetzeitung","slug":"internetzeitung","term_group":0,"term_taxonomy_id":5,"taxonomy":"post_tag","description":"","parent":0,"count":1461,"filter":"raw","image":""},{"term_id":5717,"name":"Leuze","slug":"leuze","term_group":0,"term_taxonomy_id":5737,"taxonomy":"post_tag","description":"","parent":0,"count":3,"filter":"raw","image":""},{"term_id":68,"name":"Online-Zeitung","slug":"online-zeitung","term_group":0,"term_taxonomy_id":69,"taxonomy":"post_tag","description":"","parent":0,"count":3595,"filter":"raw","image":""},{"term_id":9,"name":"SchauMedia","slug":"schaumedia","term_group":0,"term_taxonomy_id":9,"taxonomy":"post_tag","description":"","parent":0,"count":1607,"filter":"raw","image":""},{"term_id":275,"name":"Stuttgart","slug":"stuttgart","term_group":0,"term_taxonomy_id":281,"taxonomy":"post_tag","description":"","parent":0,"count":1195,"filter":"raw","image":""}]},"_links":{"self":[{"href":"https:\/\/die-webzeitung.de\/stuttgart\/wp-json\/wp\/v2\/posts\/141439","targetHints":{"allow":["GET"]}}],"collection":[{"href":"https:\/\/die-webzeitung.de\/stuttgart\/wp-json\/wp\/v2\/posts"}],"about":[{"href":"https:\/\/die-webzeitung.de\/stuttgart\/wp-json\/wp\/v2\/types\/post"}],"author":[{"embeddable":true,"href":"https:\/\/die-webzeitung.de\/stuttgart\/wp-json\/wp\/v2\/users\/4"}],"replies":[{"embeddable":true,"href":"https:\/\/die-webzeitung.de\/stuttgart\/wp-json\/wp\/v2\/comments?post=141439"}],"version-history":[{"count":1,"href":"https:\/\/die-webzeitung.de\/stuttgart\/wp-json\/wp\/v2\/posts\/141439\/revisions"}],"predecessor-version":[{"id":141440,"href":"https:\/\/die-webzeitung.de\/stuttgart\/wp-json\/wp\/v2\/posts\/141439\/revisions\/141440"}],"wp:attachment":[{"href":"https:\/\/die-webzeitung.de\/stuttgart\/wp-json\/wp\/v2\/media?parent=141439"}],"wp:term":[{"taxonomy":"category","embeddable":true,"href":"https:\/\/die-webzeitung.de\/stuttgart\/wp-json\/wp\/v2\/categories?post=141439"},{"taxonomy":"post_tag","embeddable":true,"href":"https:\/\/die-webzeitung.de\/stuttgart\/wp-json\/wp\/v2\/tags?post=141439"}],"curies":[{"name":"wp","href":"https:\/\/api.w.org\/{rel}","templated":true}]}}