{"id":141435,"date":"2021-02-25T15:53:22","date_gmt":"2021-02-25T14:53:22","guid":{"rendered":"https:\/\/die-webzeitung.de\/stuttgart\/?p=141435"},"modified":"2021-02-25T15:53:22","modified_gmt":"2021-02-25T14:53:22","slug":"stuttgart-reds-corona-abenteuer-fuer-bundesligaspieler-in-suedafrika","status":"publish","type":"post","link":"https:\/\/die-webzeitung.de\/stuttgart\/2021\/02\/25\/stuttgart-reds-corona-abenteuer-fuer-bundesligaspieler-in-suedafrika\/","title":{"rendered":"Stuttgart Reds: Corona-Abenteuer f\u00fcr Bundesligaspieler in S\u00fcdafrika"},"content":{"rendered":"<h5><strong>TVC-Baseballer in S\u00fcdafrika<\/strong><\/h5>\n<p style=\"text-align: justify;\">Frido Fink, 19\u00a0Jahre junger\u00a0Baseball Bundesligaspieler bei den Stuttgart Reds, wollte nach bestandenem Abitur und noch vor einem Architekturstudium eine andere Kultur und ein anderes Land kennenlernen und dabei, was auch sonst, Baseball auf h\u00f6chstem Niveau spielen. Das dies in einer Zeit mit einer weltweiten Pandamie schwierig ist, versteht sich von selbst. Mit den letzten Ligaspielen vergangenen\u00a0September auf der Baseballanlage des TV Cannstatt intensivierte er seine Kontakte, die man als deutscher Baseballer zwangsl\u00e4ufig haben muss. Denn als Spitzensportathlet bei einer in Deutschland geltenden Randsportart kommt man relativ schnell und fr\u00fch in der Welt herum.<\/p>\n<p style=\"text-align: justify;\">F\u00fcr Frido Fink begann seine Baseballkarriere im November 2009 als Achtj\u00e4hriger, als seine Mutter ihn ins damalige Training in der entsprechenden Altersgruppe brachte. Aber warum\u00a0gerade Baseball? F\u00fcr Frido Fink damals quasi alternativlos. Schlie\u00dflich haben sich seine Eltern \u00fcber den Baseballsport kennengelernt und auch beide jeweils viele Jahre f\u00fcr die Stuttgart Reds gespielt. Und da sein \u00e4lterer Bruder auch schon mit Baseball beim TV Cannstatt angefangen hatte, war die Auswahl der Sportart f\u00fcr Frido quasi vorbestimmt.<\/p>\n<p style=\"text-align: justify;\">Relativ schnell zeigte sich,\u00a0dass Frido viel Talent von seinen Eltern mit in die Wiege gelegt bekommen hatte. Die Fortschritte zeigten sich t\u00e4glich und\u00a0dann, schon fast logisch,\u00a0wurde er im Jahr 2012 mit 11 Jahren\u00a0erstmals f\u00fcr\u00a0die Baden-W\u00fcrttemberg Auswahl nominiert. Ein Jahr sp\u00e4ter, 2013, spielte er auf Einladung sein erstes internationales Turnier in den USA\/St. Louis f\u00fcr das\u00a0&#8220;Team Europe&#8221;. 2015 der n\u00e4chste Karriereschritt mit der Berufung in die Deutsche Nationalmannschaft der Altersklasse U15. Es folgten Turniere in den USA, S\u00fcdkorea, Frankreich und Tschechien. Sein bis dahin gr\u00f6\u00dftes Abenteuer war dann im Winter 2016\/2017, als er f\u00fcr 3 Monate in der Dominikanschen Republik wohnte und dort \u00fcber die Deutsche Baseballacademy neben Schule t\u00e4glich Baseball trainieren und spielen konnte. Sein Bundesligadebut f\u00fcr die Stuttgart Reds gab Frido dann bereits als Sechszehnj\u00e4hriger am 09. Juli 2017 bei einem Spiel gegen die M\u00fcnchen Haar Disciples.<\/p>\n<p style=\"text-align: justify;\">Nach der sehr erfolgreichen Saison 2020 und der Beendigung der Schule hatte Frido nun viel Zeit und wollte dies dann nutzen, um im Ausland ein Praktikum seiner Studienrichtung zu belegen\u00a0und dabei nat\u00fcrlich Baseball zu spielen. Erste Adresse, um genau so etwas zu machen im europ\u00e4ischem Winter, ist der Sommer in Australien. Hier halten sich viele Nachwuchstalente aus der ganzen Welt zu dieser Zeit auf, um dort in mehreren organisierten Ligen erstklassigen Baseball zu spielen. Doch recht fr\u00fch wird klar, dass dieses Jahr dank Corona alles anders ist. Australien signalisert, dass sie f\u00fcr Ausl\u00e4nder quasi dicht machen, und dass die Baseballligen ohne ausl\u00e4ndische Spieler spielen sollten.<\/p>\n<p style=\"text-align: justify;\">Durch Vermittlung\u00a0des Stuttgarter Head Coaches Curtis di Salle war dann die Insel Aruba, n\u00f6rdlich von Venezuela, das wahrscheinlich kommende\u00a0Ziel von Frido Fink. Doch steigende Coronazahlen dort vor Ort machten auch dieses\u00a0Ziel unm\u00f6glich. Dann aber doch noch greift ein Kontakt seines Stuttgarter Mitspielers Danilo Weber, und es folgt die Einigung mit dem Baseball Verein\u00a0Helderberg Pirates. Die Vorbereitungen f\u00fcr das Abenteuer in S\u00fcdafrika beginnen. Doch dann steigen pl\u00f6tzlich die Coronazahlen in Deutschland stark an. So stark, dass nun ausgerechnet\u00a0Deutschland als Risikoland eingestuft wird, und damit eine Einreise aus Deutschland von s\u00fcdafrikanischer Seite aus nicht erlaubt wird. Die beantragte Sondergenehmigung l\u00e4sst auf sich warten und m\u00f6chte einfach nicht kommen.<\/p>\n<p style=\"text-align: justify;\">Die Eltern buchen daraufhin kurzentschlossen eine gemeinsame Reise in das Nachbarland Namibia, und so genie\u00dft Frido Fink noch einen Traumurlaub mit Tiersafari. Von Namibia aus\u00a0mit mehr als 10 t\u00e4gigem Aufenthalt in einem &#8220;Low-Risk-Country&#8221; darf Frido mit einem aktuellen negativen Coronatest nach S\u00fcdafrka einreisen. Dass dazu noch gleichzeitig die Sondergenehmigung kommt, macht vieles zudem einfacher. Frido Fink bezieht daraufhin Anfang Dezember 2020 seine Einzimmerwohnung in Somerset West, rund 25 Autominuten von Kapstadt entfernt. Es herrscht vor Ort Maskenpflicht, Ausgangssperre ab 23:00 Uhr und ab 21:00 Uhr auch ein Alkoholverbot. Alles kein Problem f\u00fcr den einzigen Deutschen im Team der Helderberg Pirates. Kann man\u00a0doch t\u00e4glich bei bestem Wetter trainieren und auch schon Vorbereitungsspiele f\u00fcr die kommende Saison spielen.<\/p>\n<p style=\"text-align: justify;\">Doch auch dann trifft zur Weihnachtszeit S\u00fcdafrika die zweite Coronawelle. Die Saison wird verschoben, Training ist nur noch in kleinen Gruppen m\u00f6glich. Auch das Praktikum findet nicht mehr wie geplant und vereinbart statt. &#8220;Die S\u00fcdafrikaner halten sich an die staatlichen Regeln und akzeptieren Ma\u00dfnahmen mit einer gewissen Lockerheit&#8221;, berichtet Frido Fink aus S\u00fcdafrika. Da man drau\u00dfen quasi alles machen kann, schaut sich Frido die Landschaft und Tierwelt an und zieht dabei nur das Positive aus der aktuellen Lage heraus. Und auch Baseball kommt nicht zu kurz. Zwar wurde die Liga inzwischen komplett abgesagt, aber mit dem Amerikaner Chris Beyers kann Frido Fink t\u00e4glich hart unter besten Bedingungen trainieren.<\/p>\n<p style=\"text-align: justify;\">Dazu kann er die Vereinsanlage zu bestimmten Zeiten nutzen, und auch sind die Kraftstudios in S\u00fcdafrika ge\u00f6ffnet. Somit sollte die Vorbereitung f\u00fcr ihn besser sein, als das Wintertraining seiner Mitspieler beim TV Cannstatt. Je nach Saisonstart der Baseball Bundesliga, momentan geplant f\u00fcr Anfang April, m\u00f6chte Frido\u00a0Fink wieder rechtzeitig nach Stuttgart zur\u00fcckkehren.<\/p>\n<hr \/>\n<p style=\"text-align: justify;\">\n","protected":false},"excerpt":{"rendered":"<p>TVC-Baseballer in S\u00fcdafrika Frido Fink, 19\u00a0Jahre junger\u00a0Baseball Bundesligaspieler bei den Stuttgart Reds, wollte nach bestandenem Abitur und noch vor einem Architekturstudium eine andere Kultur und ein anderes Land kennenlernen und dabei, was auch sonst, Baseball auf h\u00f6chstem Niveau spielen. Das dies in einer Zeit mit einer weltweiten Pandamie schwierig ist, versteht sich von selbst. Mit [&hellip;]<\/p>\n","protected":false},"author":4,"featured_media":0,"comment_status":"closed","ping_status":"open","sticky":false,"template":"","format":"standard","meta":{"inline_featured_image":false,"_exactmetrics_skip_tracking":false,"_exactmetrics_sitenote_active":false,"_exactmetrics_sitenote_note":"","_exactmetrics_sitenote_category":0,"footnotes":""},"categories":[110],"tags":[2760,131,14857,5,68,6908,9,8275],"class_list":{"0":"post-141435","1":"post","2":"type-post","3":"status-publish","4":"format-standard","6":"category-sport","7":"tag-baseball","8":"tag-bundesliga","9":"tag-die-webzeitung","10":"tag-internetzeitung","11":"tag-online-zeitung","12":"tag-reds","13":"tag-schaumedia","14":"tag-tv-cannstatt"},"image_feature":null,"author_name":"Redaktion","pure_taxonomies":{"categories":[{"term_id":110,"name":"Sport","slug":"sport","term_group":0,"term_taxonomy_id":112,"taxonomy":"category","description":"Sportberichte","parent":0,"count":1043,"filter":"raw","image":""}],"tags":[{"term_id":2760,"name":"Baseball","slug":"baseball","term_group":0,"term_taxonomy_id":2774,"taxonomy":"post_tag","description":"","parent":0,"count":126,"filter":"raw","image":""},{"term_id":131,"name":"Bundesliga","slug":"bundesliga","term_group":0,"term_taxonomy_id":133,"taxonomy":"post_tag","description":"","parent":0,"count":699,"filter":"raw","image":""},{"term_id":14857,"name":"Die-Webzeitung","slug":"die-webzeitung","term_group":0,"term_taxonomy_id":14876,"taxonomy":"post_tag","description":"","parent":0,"count":3625,"filter":"raw","image":""},{"term_id":5,"name":"Internetzeitung","slug":"internetzeitung","term_group":0,"term_taxonomy_id":5,"taxonomy":"post_tag","description":"","parent":0,"count":1461,"filter":"raw","image":""},{"term_id":68,"name":"Online-Zeitung","slug":"online-zeitung","term_group":0,"term_taxonomy_id":69,"taxonomy":"post_tag","description":"","parent":0,"count":3595,"filter":"raw","image":""},{"term_id":6908,"name":"Reds","slug":"reds","term_group":0,"term_taxonomy_id":6930,"taxonomy":"post_tag","description":"","parent":0,"count":127,"filter":"raw","image":""},{"term_id":9,"name":"SchauMedia","slug":"schaumedia","term_group":0,"term_taxonomy_id":9,"taxonomy":"post_tag","description":"","parent":0,"count":1607,"filter":"raw","image":""},{"term_id":8275,"name":"TV Cannstatt","slug":"tv-cannstatt","term_group":0,"term_taxonomy_id":8298,"taxonomy":"post_tag","description":"","parent":0,"count":124,"filter":"raw","image":""}]},"_links":{"self":[{"href":"https:\/\/die-webzeitung.de\/stuttgart\/wp-json\/wp\/v2\/posts\/141435","targetHints":{"allow":["GET"]}}],"collection":[{"href":"https:\/\/die-webzeitung.de\/stuttgart\/wp-json\/wp\/v2\/posts"}],"about":[{"href":"https:\/\/die-webzeitung.de\/stuttgart\/wp-json\/wp\/v2\/types\/post"}],"author":[{"embeddable":true,"href":"https:\/\/die-webzeitung.de\/stuttgart\/wp-json\/wp\/v2\/users\/4"}],"replies":[{"embeddable":true,"href":"https:\/\/die-webzeitung.de\/stuttgart\/wp-json\/wp\/v2\/comments?post=141435"}],"version-history":[{"count":1,"href":"https:\/\/die-webzeitung.de\/stuttgart\/wp-json\/wp\/v2\/posts\/141435\/revisions"}],"predecessor-version":[{"id":141436,"href":"https:\/\/die-webzeitung.de\/stuttgart\/wp-json\/wp\/v2\/posts\/141435\/revisions\/141436"}],"wp:attachment":[{"href":"https:\/\/die-webzeitung.de\/stuttgart\/wp-json\/wp\/v2\/media?parent=141435"}],"wp:term":[{"taxonomy":"category","embeddable":true,"href":"https:\/\/die-webzeitung.de\/stuttgart\/wp-json\/wp\/v2\/categories?post=141435"},{"taxonomy":"post_tag","embeddable":true,"href":"https:\/\/die-webzeitung.de\/stuttgart\/wp-json\/wp\/v2\/tags?post=141435"}],"curies":[{"name":"wp","href":"https:\/\/api.w.org\/{rel}","templated":true}]}}