{"id":141414,"date":"2021-02-21T16:04:24","date_gmt":"2021-02-21T15:04:24","guid":{"rendered":"https:\/\/die-webzeitung.de\/stuttgart\/?p=141414"},"modified":"2021-02-21T16:04:24","modified_gmt":"2021-02-21T15:04:24","slug":"covid-19-rapid-test-device-nasal-kommt-zum-einsatz","status":"publish","type":"post","link":"https:\/\/die-webzeitung.de\/stuttgart\/2021\/02\/21\/covid-19-rapid-test-device-nasal-kommt-zum-einsatz\/","title":{"rendered":"Covid-19 Rapid Test Device (nasal) kommt zum Einsatz"},"content":{"rendered":"<h5><strong>Ein bisschen wie in der Nase bohren<\/strong><\/h5>\n<p style=\"text-align: justify;\">Kreis B\u00f6blingen.| Der Vergleich war zuletzt h\u00e4ufig in den Medien zu h\u00f6ren \u2013 die neuen Schnelltests, die im Nachbarland \u00d6sterreich in den Schulen schon im Einsatz sind, seien ein bisschen als wolle man sich in der Nase bohren. Ab Montag, 22.2.2021, werden diese in der Handhabe \u201eeinfacheren Tests\u201c, auch seitens aller f\u00fcnf Schnelltestzentren im Landkreis B\u00f6blingen eingesetzt. \u201eDamit wollen wir zun\u00e4chst bei Lehrerinnen und Lehrern sowie Erzieherinnen und Erziehern die Hemmschwelle noch weiter senken, und wir wollen damit auch f\u00fcr j\u00fcngere Kinder ein Angebot schaffen\u201c, sagt Landrat Roland Bernhard. Zuletzt hatten viele Mails die Kreisbeh\u00f6rde erreicht, in denen sich Eltern erkundigten, warum unter 12 Jahren kein Angebot eines kostenlosen Schnelltests gemacht wurde.<\/p>\n<p style=\"text-align: justify;\">\u201eWir machen das im Vorgriff auf die absehbare fl\u00e4chendeckende Einf\u00fchrung in Bund und Land\u201c, so Dr. Bj\u00f6rn Schittenhelm, der Initiator der Schnelltestzentren im Kreis. \u201eAuf dem Testgipfel des Landes am Mittwoch wurde die hohe Wirksamkeit der Tests von allen eingeladenen Experten best\u00e4tigt. Wir wollen die Vorteile des Tests bereits jetzt f\u00fcr Personen nutzen, die sich h\u00e4ufig testen lassen sollten, und f\u00fcr Kinder.\u201c<\/p>\n<p style=\"text-align: justify;\">Der Landkreis B\u00f6blingen sorgt bundesweit f\u00fcr Schlagzeilen mit seinem Konzept. Im Landratsamt laufen nicht nur die Telefondr\u00e4hte hei\u00df, es h\u00e4ufen sich auch die Mails aus anderen Landkreisen, die alle Interesse daran haben, wie das Modell funktioniert und was es dazu braucht. \u201eEs wird klar, dass es nicht damit getan ist, die Tests finanziert zu bekommen\u201c, so Bernhard. \u201eEs braucht eine Organisationsstruktur daf\u00fcr, um das Angebot auch in die Fl\u00e4che zu bringen.\u201c<\/p>\n<hr \/>\n<p style=\"text-align: justify;\">\n","protected":false},"excerpt":{"rendered":"<p>Ein bisschen wie in der Nase bohren Kreis B\u00f6blingen.| Der Vergleich war zuletzt h\u00e4ufig in den Medien zu h\u00f6ren \u2013 die neuen Schnelltests, die im Nachbarland \u00d6sterreich in den Schulen schon im Einsatz sind, seien ein bisschen als wolle man sich in der Nase bohren. Ab Montag, 22.2.2021, werden diese in der Handhabe \u201eeinfacheren Tests\u201c, [&hellip;]<\/p>\n","protected":false},"author":4,"featured_media":0,"comment_status":"closed","ping_status":"open","sticky":false,"template":"","format":"standard","meta":{"inline_featured_image":false,"_exactmetrics_skip_tracking":false,"_exactmetrics_sitenote_active":false,"_exactmetrics_sitenote_note":"","_exactmetrics_sitenote_category":0,"footnotes":""},"categories":[59,2246],"tags":[3061,14857,5,16933,68,9,16934],"class_list":{"0":"post-141414","1":"post","2":"type-post","3":"status-publish","4":"format-standard","6":"category-aktuell","7":"category-kreis-boeblingen","8":"tag-boblingen","9":"tag-die-webzeitung","10":"tag-internetzeitung","11":"tag-nasaltest","12":"tag-online-zeitung","13":"tag-schaumedia","14":"tag-schnelltest"},"image_feature":null,"author_name":"Redaktion","pure_taxonomies":{"categories":[{"term_id":59,"name":"Aktuell","slug":"aktuell","term_group":0,"term_taxonomy_id":60,"taxonomy":"category","description":"","parent":0,"count":1017,"filter":"raw","image":""},{"term_id":2246,"name":"Kreis B\u00f6blingen","slug":"kreis-boeblingen","term_group":0,"term_taxonomy_id":2259,"taxonomy":"category","description":"","parent":171,"count":197,"filter":"raw","image":""}],"tags":[{"term_id":3061,"name":"B\u00f6blingen","slug":"boblingen","term_group":0,"term_taxonomy_id":3075,"taxonomy":"post_tag","description":"","parent":0,"count":260,"filter":"raw","image":""},{"term_id":14857,"name":"Die-Webzeitung","slug":"die-webzeitung","term_group":0,"term_taxonomy_id":14876,"taxonomy":"post_tag","description":"","parent":0,"count":3625,"filter":"raw","image":""},{"term_id":5,"name":"Internetzeitung","slug":"internetzeitung","term_group":0,"term_taxonomy_id":5,"taxonomy":"post_tag","description":"","parent":0,"count":1461,"filter":"raw","image":""},{"term_id":16933,"name":"Nasaltest","slug":"nasaltest","term_group":0,"term_taxonomy_id":16952,"taxonomy":"post_tag","description":"","parent":0,"count":1,"filter":"raw","image":""},{"term_id":68,"name":"Online-Zeitung","slug":"online-zeitung","term_group":0,"term_taxonomy_id":69,"taxonomy":"post_tag","description":"","parent":0,"count":3595,"filter":"raw","image":""},{"term_id":9,"name":"SchauMedia","slug":"schaumedia","term_group":0,"term_taxonomy_id":9,"taxonomy":"post_tag","description":"","parent":0,"count":1607,"filter":"raw","image":""},{"term_id":16934,"name":"Schnelltest","slug":"schnelltest","term_group":0,"term_taxonomy_id":16953,"taxonomy":"post_tag","description":"","parent":0,"count":2,"filter":"raw","image":""}]},"_links":{"self":[{"href":"https:\/\/die-webzeitung.de\/stuttgart\/wp-json\/wp\/v2\/posts\/141414","targetHints":{"allow":["GET"]}}],"collection":[{"href":"https:\/\/die-webzeitung.de\/stuttgart\/wp-json\/wp\/v2\/posts"}],"about":[{"href":"https:\/\/die-webzeitung.de\/stuttgart\/wp-json\/wp\/v2\/types\/post"}],"author":[{"embeddable":true,"href":"https:\/\/die-webzeitung.de\/stuttgart\/wp-json\/wp\/v2\/users\/4"}],"replies":[{"embeddable":true,"href":"https:\/\/die-webzeitung.de\/stuttgart\/wp-json\/wp\/v2\/comments?post=141414"}],"version-history":[{"count":1,"href":"https:\/\/die-webzeitung.de\/stuttgart\/wp-json\/wp\/v2\/posts\/141414\/revisions"}],"predecessor-version":[{"id":141415,"href":"https:\/\/die-webzeitung.de\/stuttgart\/wp-json\/wp\/v2\/posts\/141414\/revisions\/141415"}],"wp:attachment":[{"href":"https:\/\/die-webzeitung.de\/stuttgart\/wp-json\/wp\/v2\/media?parent=141414"}],"wp:term":[{"taxonomy":"category","embeddable":true,"href":"https:\/\/die-webzeitung.de\/stuttgart\/wp-json\/wp\/v2\/categories?post=141414"},{"taxonomy":"post_tag","embeddable":true,"href":"https:\/\/die-webzeitung.de\/stuttgart\/wp-json\/wp\/v2\/tags?post=141414"}],"curies":[{"name":"wp","href":"https:\/\/api.w.org\/{rel}","templated":true}]}}