{"id":141404,"date":"2021-02-20T16:22:48","date_gmt":"2021-02-20T15:22:48","guid":{"rendered":"https:\/\/die-webzeitung.de\/stuttgart\/2021\/02\/20\/nach-explosionen-von-postsendungen-tatverdaechtiger-in-u-haft\/"},"modified":"2021-02-20T16:22:48","modified_gmt":"2021-02-20T15:22:48","slug":"nach-explosionen-von-postsendungen-tatverdaechtiger-in-u-haft","status":"publish","type":"post","link":"https:\/\/die-webzeitung.de\/stuttgart\/2021\/02\/20\/nach-explosionen-von-postsendungen-tatverdaechtiger-in-u-haft\/","title":{"rendered":"Nach Explosionen von Postsendungen Tatverd\u00e4chtiger in U-Haft"},"content":{"rendered":"<p style=\"text-align: justify;\">Stuttgart.| Nach den Explosionen von bei der Firma Wild in Eppelheim am 16. Februar 2021 und bei der Firma Lidl in Heilbronn-Neckarsulm am 17. Februar 2021 eingegangenen Postsendungen hatten eine Sonderkommission unter Leitung des Landeskriminalamts Baden-W\u00fcrttemberg und die Staatsanwaltschaft Heidelberg die Ermittlungen \u00fcbernommen.<\/p>\n<p style=\"text-align: justify;\">Noch in der Nacht vom 17. auf den 18. Februar konnte ein weiteres Sprengstoffpaket in einem Paketzentrum am Flughafen M\u00fcnchen lokalisiert und durch das Bayerische Landeskriminalamt unsch\u00e4dlich gemacht werden. Insbesondere die Ermittlungen zum Versandweg und zur Art der Sprengstoffpakete f\u00fchrten die Sonderkommission im Verlauf des 19. Februar auf die Spur eines Tatverd\u00e4chtigen aus dem Raum Ulm. Noch am selben Abend ordnete die Staatsanwaltschaft Heidelberg die vorl\u00e4ufige Festnahme des 66-j\u00e4hrigen Mannes an und holte eine Durchsuchungsanordnung des Amtsgerichts Heidelberg f\u00fcr seine Wohnr\u00e4ume ein.<\/p>\n<p style=\"text-align: justify;\">Der Mann konnte durch Spezialkr\u00e4fte der Polizei an seinem Wohnsitz widerstandslos festgenommen werden. Er steht im Verdacht, der Absender der Postsendungen zu sein. Bei den Explosionen waren insgesamt vier Personen verletzt worden. Der Rentner, der bislang polizeilich nicht in Erscheinung getreten ist, macht derzeit keine Angaben zu den gegen ihn erhobenen Vorw\u00fcrfen.<\/p>\n<p style=\"text-align: justify;\">Die Untersuchung der bei der Durchsuchung aufgefundenen Beweismittel dauert an. Das Amtsgericht Heidelberg hat auf Antrag der Staatsanwaltschaft Heidelberg einen Haftbefehl gegen den Tatverd\u00e4chtigen erlassen und in Vollzug gesetzt. Der Mann wurde in eine Justizvollzugsanstalt \u00fcberstellt.<\/p>\n<p style=\"text-align: justify;\">Die Ermittler erachten es derzeit als wenig wahrscheinlich, dass der Beschuldigte noch weitere sprengstoffverd\u00e4chtige Postsendungen versandt hat.<\/p>\n<hr \/>\n<p style=\"text-align: justify;\">\n","protected":false},"excerpt":{"rendered":"<p>Stuttgart.| Nach den Explosionen von bei der Firma Wild in Eppelheim am 16. Februar 2021 und bei der Firma Lidl in Heilbronn-Neckarsulm am 17. Februar 2021 eingegangenen Postsendungen hatten eine Sonderkommission unter Leitung des Landeskriminalamts Baden-W\u00fcrttemberg und die Staatsanwaltschaft Heidelberg die Ermittlungen \u00fcbernommen. Noch in der Nacht vom 17. auf den 18. Februar konnte ein [&hellip;]<\/p>\n","protected":false},"author":4,"featured_media":0,"comment_status":"closed","ping_status":"open","sticky":false,"template":"","format":"standard","meta":{"inline_featured_image":false,"_exactmetrics_skip_tracking":false,"_exactmetrics_sitenote_active":false,"_exactmetrics_sitenote_note":"","_exactmetrics_sitenote_category":0,"footnotes":""},"categories":[59,9098],"tags":[16930,14857,10525,5,16931,1754,68,9,16932],"class_list":{"0":"post-141404","1":"post","2":"type-post","3":"status-publish","4":"format-standard","6":"category-aktuell","7":"category-baden-wuerttemberg","8":"tag-briefbombe","9":"tag-die-webzeitung","10":"tag-explosion","11":"tag-internetzeitung","12":"tag-lidl","13":"tag-lka","14":"tag-online-zeitung","15":"tag-schaumedia","16":"tag-sprengstoff"},"image_feature":null,"author_name":"Redaktion","pure_taxonomies":{"categories":[{"term_id":59,"name":"Aktuell","slug":"aktuell","term_group":0,"term_taxonomy_id":60,"taxonomy":"category","description":"","parent":0,"count":1017,"filter":"raw","image":""},{"term_id":9098,"name":"Baden-W\u00fcrttemberg","slug":"baden-wuerttemberg","term_group":0,"term_taxonomy_id":9124,"taxonomy":"category","description":"","parent":171,"count":238,"filter":"raw","image":""}],"tags":[{"term_id":16930,"name":"Briefbombe","slug":"briefbombe","term_group":0,"term_taxonomy_id":16949,"taxonomy":"post_tag","description":"","parent":0,"count":1,"filter":"raw","image":""},{"term_id":14857,"name":"Die-Webzeitung","slug":"die-webzeitung","term_group":0,"term_taxonomy_id":14876,"taxonomy":"post_tag","description":"","parent":0,"count":3625,"filter":"raw","image":""},{"term_id":10525,"name":"Explosion","slug":"explosion","term_group":0,"term_taxonomy_id":10560,"taxonomy":"post_tag","description":"","parent":0,"count":6,"filter":"raw","image":""},{"term_id":5,"name":"Internetzeitung","slug":"internetzeitung","term_group":0,"term_taxonomy_id":5,"taxonomy":"post_tag","description":"","parent":0,"count":1461,"filter":"raw","image":""},{"term_id":16931,"name":"Lidl","slug":"lidl","term_group":0,"term_taxonomy_id":16950,"taxonomy":"post_tag","description":"","parent":0,"count":3,"filter":"raw","image":""},{"term_id":1754,"name":"LKA","slug":"lka","term_group":0,"term_taxonomy_id":1763,"taxonomy":"post_tag","description":"","parent":0,"count":20,"filter":"raw","image":""},{"term_id":68,"name":"Online-Zeitung","slug":"online-zeitung","term_group":0,"term_taxonomy_id":69,"taxonomy":"post_tag","description":"","parent":0,"count":3595,"filter":"raw","image":""},{"term_id":9,"name":"SchauMedia","slug":"schaumedia","term_group":0,"term_taxonomy_id":9,"taxonomy":"post_tag","description":"","parent":0,"count":1607,"filter":"raw","image":""},{"term_id":16932,"name":"Sprengstoff","slug":"sprengstoff","term_group":0,"term_taxonomy_id":16951,"taxonomy":"post_tag","description":"","parent":0,"count":1,"filter":"raw","image":""}]},"_links":{"self":[{"href":"https:\/\/die-webzeitung.de\/stuttgart\/wp-json\/wp\/v2\/posts\/141404","targetHints":{"allow":["GET"]}}],"collection":[{"href":"https:\/\/die-webzeitung.de\/stuttgart\/wp-json\/wp\/v2\/posts"}],"about":[{"href":"https:\/\/die-webzeitung.de\/stuttgart\/wp-json\/wp\/v2\/types\/post"}],"author":[{"embeddable":true,"href":"https:\/\/die-webzeitung.de\/stuttgart\/wp-json\/wp\/v2\/users\/4"}],"replies":[{"embeddable":true,"href":"https:\/\/die-webzeitung.de\/stuttgart\/wp-json\/wp\/v2\/comments?post=141404"}],"version-history":[{"count":0,"href":"https:\/\/die-webzeitung.de\/stuttgart\/wp-json\/wp\/v2\/posts\/141404\/revisions"}],"wp:attachment":[{"href":"https:\/\/die-webzeitung.de\/stuttgart\/wp-json\/wp\/v2\/media?parent=141404"}],"wp:term":[{"taxonomy":"category","embeddable":true,"href":"https:\/\/die-webzeitung.de\/stuttgart\/wp-json\/wp\/v2\/categories?post=141404"},{"taxonomy":"post_tag","embeddable":true,"href":"https:\/\/die-webzeitung.de\/stuttgart\/wp-json\/wp\/v2\/tags?post=141404"}],"curies":[{"name":"wp","href":"https:\/\/api.w.org\/{rel}","templated":true}]}}