{"id":141381,"date":"2021-02-18T14:27:25","date_gmt":"2021-02-18T13:27:25","guid":{"rendered":"https:\/\/die-webzeitung.de\/stuttgart\/?p=141381"},"modified":"2021-02-18T14:27:25","modified_gmt":"2021-02-18T13:27:25","slug":"tests-fuer-lehrkraefte-und-personal-der-kindertagesstaetten","status":"publish","type":"post","link":"https:\/\/die-webzeitung.de\/stuttgart\/2021\/02\/18\/tests-fuer-lehrkraefte-und-personal-der-kindertagesstaetten\/","title":{"rendered":"Tests f\u00fcr Lehrkr\u00e4fte und Personal der Kindertagesst\u00e4tten"},"content":{"rendered":"<h5 style=\"text-align: justify;\"><strong>Landkreis B\u00f6blingen will bestehende Strukturen der Schnelltestzentren nutzen<\/strong><\/h5>\n<p style=\"text-align: justify;\">Kreis B\u00f6blingen.| Ab der kommenden Woche m\u00f6chte das Land den Lehrerinnen und Lehrern sowie den Erzieherinnen und Erziehern das Angebot machen, sich bis zu zweimal w\u00f6chentlich kostenlos auf SarsCov-2 mit einem Antigenschnelltest testen zu lassen. Diese Testungen sollen \u2013 so auch das Ergebnis des Testgipfels von heute \u2013 vorwiegend in bestehenden Strukturen \u00fcber \u00c4rzte und Apotheker stattfinden.<\/p>\n<p style=\"text-align: justify;\">Der Landkreis B\u00f6blingen hat bereits f\u00fcnf Schnelltestzentren aufgebaut und in Betrieb genommen. \u201eDiesen Vorsprung k\u00f6nnen wir jetzt nutzen, um die fl\u00e4chendeckende Testung von Lehrpersonal und Kita-Personal m\u00f6glichst einfach zu erm\u00f6glichen\u201c, so Landrat Roland Bernhard. Man erweitere das bestehende Schnelltestkonzept um diese Komponente.<\/p>\n<p style=\"text-align: justify;\">Nach dem gestrigen Testgipfel hatte auch die Landesregierung verk\u00fcndet, dass die Teststrategie des Landes deutlich erweitert wird und m\u00f6gliche \u00d6ffnungsschritte mit anlasslosen Schnelltests zu flankieren sind. Das erfordert eine landesweit verf\u00fcgbare Organisationsstruktur mit leicht zug\u00e4nglichen und wohnortnahen Testangeboten. Am ehesten sei das durch kommunale Schnelltestzentren erreicht, hie\u00df es dazu in der Pressemeldung des Landes.<\/p>\n<p style=\"text-align: justify;\">In den f\u00fcnf Schnelltestzentren im Landkreis B\u00f6blingen besteht zu den jeweiligen \u00d6ffnungszeiten niederschwellig die M\u00f6glichkeit f\u00fcr einen Test. Die Termine sind online buchbar und aktuell besteht ausreichend Kapazit\u00e4t. In Verbindung mit diesen Zentren k\u00f6nnen die St\u00e4dte und Gemeinden, jeweils mit dem ihnen r\u00e4umlich zugeordneten Testzentrum, mobile Testungen vor Ort abstimmen. \u201eDiese k\u00f6nnten dann vor Ort in einem geeigneten Raum stattfinden\u201c, erkl\u00e4rt Bernhard. Personal aus anderen Schulen und Betreuungseinrichtungen der Kommune k\u00f6nnten sich dann auch dort testen lassen. Je nach Planung und Gegebenheiten w\u00e4ren pro mobiles Testteam bis zu rund 50 Testungen in der Stunde m\u00f6glich. (<a href=\"http:\/\/www.lrabb.de\/schnelltestzentren\" target=\"_blank\" rel=\"noopener noreferrer\">www.lrabb.de\/schnelltestzentren<\/a>)<\/p>\n<p style=\"text-align: justify;\">Alternativ k\u00f6nnen sich die St\u00e4dte und Gemeinden auch an ortsans\u00e4ssige Apotheker oder \u00c4rzte wenden, um ein Angebot f\u00fcr Lehr- und Kitapersonal mit diesen zu etablieren. Hierzu \u00e4u\u00dfert der Kreisverbandsvorsitzende des Gemeindetags, Bondorfs B\u00fcrgermeister Bernd D\u00fcrr: \u201eIch empfehle den Kommunen zun\u00e4chst den kurzen Weg zum Apotheker oder Arzt zu suchen. Mit Testungen vor Ort kann es gelingen, die Bereitschaft der Mitarbeitenden f\u00fcr die Tests deutlich zu erh\u00f6hen, was wiederum zu einer gr\u00f6\u00dferen Sicherheit f\u00fcr die betreuten Kinder wie die Fachkr\u00e4fte f\u00fchrt.\u201c<\/p>\n<p style=\"text-align: justify;\">Beide brauchen dazu keine gesonderte Beauftragung durch das Gesundheitsamt, sondern k\u00f6nnen \u00fcber Vereinbarungen des Landes mit den jeweiligen Berufsverb\u00e4nden die Leistungen f\u00fcr Lehr- und Kitapersonal abrechnen. Solche Vor-Ort-L\u00f6sungen sind auch aus Sicht der Testzentren w\u00fcnschenswert, da der Bedarf an Vor-Ort-Testungen die M\u00f6glichkeiten der Zentren und deren mobilen Teams \u00fcbersteigen k\u00f6nnte.<\/p>\n<p style=\"text-align: justify;\">\u201eDer Testgipfel des Landes heute hat gezeigt, dass das Land zwar gewillt ist, das Angebot kostenloser Testungen auszuweiten \u2013 was ich ausdr\u00fccklich begr\u00fc\u00dfe\u201c, betont der B\u00f6blinger Landrat. \u201eDas Angebot aber zu den Menschen vor Ort zu bringen, gelingt nicht ohne den koordinierenden Einsatz der kommunalen Familie.\u201c Die Teststrategie sei, neben den AHA-Regeln, so lange ein wichtiger Baustein in der Pandemie-Bek\u00e4mpfung, bis ausreichend Menschen geimpft sind, so Bernhard.<\/p>\n<hr \/>\n<p style=\"text-align: justify;\">\n","protected":false},"excerpt":{"rendered":"<p>Landkreis B\u00f6blingen will bestehende Strukturen der Schnelltestzentren nutzen Kreis B\u00f6blingen.| Ab der kommenden Woche m\u00f6chte das Land den Lehrerinnen und Lehrern sowie den Erzieherinnen und Erziehern das Angebot machen, sich bis zu zweimal w\u00f6chentlich kostenlos auf SarsCov-2 mit einem Antigenschnelltest testen zu lassen. Diese Testungen sollen \u2013 so auch das Ergebnis des Testgipfels von heute [&hellip;]<\/p>\n","protected":false},"author":4,"featured_media":0,"comment_status":"closed","ping_status":"open","sticky":false,"template":"","format":"standard","meta":{"inline_featured_image":false,"_exactmetrics_skip_tracking":false,"_exactmetrics_sitenote_active":false,"_exactmetrics_sitenote_note":"","_exactmetrics_sitenote_category":0,"footnotes":""},"categories":[59,2246],"tags":[3061,16752,14857,5,68],"class_list":{"0":"post-141381","1":"post","2":"type-post","3":"status-publish","4":"format-standard","6":"category-aktuell","7":"category-kreis-boeblingen","8":"tag-boblingen","9":"tag-corona-test","10":"tag-die-webzeitung","11":"tag-internetzeitung","12":"tag-online-zeitung"},"image_feature":null,"author_name":"Redaktion","pure_taxonomies":{"categories":[{"term_id":59,"name":"Aktuell","slug":"aktuell","term_group":0,"term_taxonomy_id":60,"taxonomy":"category","description":"","parent":0,"count":1017,"filter":"raw","image":""},{"term_id":2246,"name":"Kreis B\u00f6blingen","slug":"kreis-boeblingen","term_group":0,"term_taxonomy_id":2259,"taxonomy":"category","description":"","parent":171,"count":197,"filter":"raw","image":""}],"tags":[{"term_id":3061,"name":"B\u00f6blingen","slug":"boblingen","term_group":0,"term_taxonomy_id":3075,"taxonomy":"post_tag","description":"","parent":0,"count":260,"filter":"raw","image":""},{"term_id":16752,"name":"Corona-Test","slug":"corona-test","term_group":0,"term_taxonomy_id":16771,"taxonomy":"post_tag","description":"","parent":0,"count":3,"filter":"raw","image":""},{"term_id":14857,"name":"Die-Webzeitung","slug":"die-webzeitung","term_group":0,"term_taxonomy_id":14876,"taxonomy":"post_tag","description":"","parent":0,"count":3625,"filter":"raw","image":""},{"term_id":5,"name":"Internetzeitung","slug":"internetzeitung","term_group":0,"term_taxonomy_id":5,"taxonomy":"post_tag","description":"","parent":0,"count":1461,"filter":"raw","image":""},{"term_id":68,"name":"Online-Zeitung","slug":"online-zeitung","term_group":0,"term_taxonomy_id":69,"taxonomy":"post_tag","description":"","parent":0,"count":3595,"filter":"raw","image":""}]},"_links":{"self":[{"href":"https:\/\/die-webzeitung.de\/stuttgart\/wp-json\/wp\/v2\/posts\/141381","targetHints":{"allow":["GET"]}}],"collection":[{"href":"https:\/\/die-webzeitung.de\/stuttgart\/wp-json\/wp\/v2\/posts"}],"about":[{"href":"https:\/\/die-webzeitung.de\/stuttgart\/wp-json\/wp\/v2\/types\/post"}],"author":[{"embeddable":true,"href":"https:\/\/die-webzeitung.de\/stuttgart\/wp-json\/wp\/v2\/users\/4"}],"replies":[{"embeddable":true,"href":"https:\/\/die-webzeitung.de\/stuttgart\/wp-json\/wp\/v2\/comments?post=141381"}],"version-history":[{"count":1,"href":"https:\/\/die-webzeitung.de\/stuttgart\/wp-json\/wp\/v2\/posts\/141381\/revisions"}],"predecessor-version":[{"id":141382,"href":"https:\/\/die-webzeitung.de\/stuttgart\/wp-json\/wp\/v2\/posts\/141381\/revisions\/141382"}],"wp:attachment":[{"href":"https:\/\/die-webzeitung.de\/stuttgart\/wp-json\/wp\/v2\/media?parent=141381"}],"wp:term":[{"taxonomy":"category","embeddable":true,"href":"https:\/\/die-webzeitung.de\/stuttgart\/wp-json\/wp\/v2\/categories?post=141381"},{"taxonomy":"post_tag","embeddable":true,"href":"https:\/\/die-webzeitung.de\/stuttgart\/wp-json\/wp\/v2\/tags?post=141381"}],"curies":[{"name":"wp","href":"https:\/\/api.w.org\/{rel}","templated":true}]}}