{"id":141366,"date":"2021-02-16T17:23:02","date_gmt":"2021-02-16T16:23:02","guid":{"rendered":"https:\/\/die-webzeitung.de\/stuttgart\/?p=141366"},"modified":"2021-02-16T17:23:02","modified_gmt":"2021-02-16T16:23:02","slug":"erneuter-autokorso-in-stuttgart","status":"publish","type":"post","link":"https:\/\/die-webzeitung.de\/stuttgart\/2021\/02\/16\/erneuter-autokorso-in-stuttgart\/","title":{"rendered":"Erneuter Autokorso in Stuttgart"},"content":{"rendered":"<h5 style=\"text-align: justify;\"><strong>Stadt rechnet am Mittwoch mit Verkehrsbehinderungen<\/strong><\/h5>\n<p style=\"text-align: justify;\">Stuttgart.| Am Mittwoch, 17. Februar, findet in Stuttgart erneut eine Versammlung in Form eines Autokorsos statt. Das hat die Landeshauptstadt am Dienstag, 16. Februar, bekanntgegeben.<\/p>\n<p style=\"text-align: justify;\">In der Zeit von 17.30 bis ca. 19.30 Uhr ist entlang der Aufzugsstrecke mit Verkehrsbehinderungen zu rechnen. Besonders betroffen sind voraussichtlich die Augsburger Stra\u00dfe, Neckartalstra\u00dfe, Mu\u0308hlha\u0308user Stra\u00dfe, Aldinger Stra\u00dfe, Mo\u0308nchfeldstra\u00dfe, Rotweg, Stammheimer Stra\u00dfe, Schwieberdinger Stra\u00dfe sowie die B295 Bludenzer Stra\u00dfe, Stuttgarter Stra\u00dfe und die Tunnelstra\u00dfe.<\/p>\n<p style=\"text-align: justify;\">Durch die Demonstration wird auch der Betrieb der o\u0308ffentlichen Verkehrsmittel beeintra\u0308chtigt. Die Stadt Stuttgart bittet Verkehrsteilnehmerinnen und Verkehrsteilnehmer, die Bereiche Bad Cannstatt, Zuffenhausen und Feuerbach in den genannten Zeitra\u0308umen weitla\u0308ufig zu umfahren oder auf andere Zeitbereiche auszuweichen.<\/p>\n<hr \/>\n<p style=\"text-align: justify;\">\n","protected":false},"excerpt":{"rendered":"<p>Stadt rechnet am Mittwoch mit Verkehrsbehinderungen Stuttgart.| Am Mittwoch, 17. Februar, findet in Stuttgart erneut eine Versammlung in Form eines Autokorsos statt. Das hat die Landeshauptstadt am Dienstag, 16. Februar, bekanntgegeben. In der Zeit von 17.30 bis ca. 19.30 Uhr ist entlang der Aufzugsstrecke mit Verkehrsbehinderungen zu rechnen. Besonders betroffen sind voraussichtlich die Augsburger Stra\u00dfe, [&hellip;]<\/p>\n","protected":false},"author":4,"featured_media":0,"comment_status":"closed","ping_status":"open","sticky":false,"template":"","format":"standard","meta":{"inline_featured_image":false,"_exactmetrics_skip_tracking":false,"_exactmetrics_sitenote_active":false,"_exactmetrics_sitenote_note":"","_exactmetrics_sitenote_category":0,"footnotes":""},"categories":[59,2239],"tags":[12907,14857,5,68,9,275],"class_list":{"0":"post-141366","1":"post","2":"type-post","3":"status-publish","4":"format-standard","6":"category-aktuell","7":"category-stuttgart-lokal","8":"tag-auto-korso","9":"tag-die-webzeitung","10":"tag-internetzeitung","11":"tag-online-zeitung","12":"tag-schaumedia","13":"tag-stuttgart"},"image_feature":null,"author_name":"Redaktion","pure_taxonomies":{"categories":[{"term_id":59,"name":"Aktuell","slug":"aktuell","term_group":0,"term_taxonomy_id":60,"taxonomy":"category","description":"","parent":0,"count":1017,"filter":"raw","image":""},{"term_id":2239,"name":"Stuttgart","slug":"stuttgart-lokal","term_group":0,"term_taxonomy_id":2252,"taxonomy":"category","description":"Berichte und Informationen aus Stuttgart","parent":1433,"count":942,"filter":"raw","image":""}],"tags":[{"term_id":12907,"name":"Auto-Korso","slug":"auto-korso","term_group":0,"term_taxonomy_id":12948,"taxonomy":"post_tag","description":"","parent":0,"count":1,"filter":"raw","image":""},{"term_id":14857,"name":"Die-Webzeitung","slug":"die-webzeitung","term_group":0,"term_taxonomy_id":14876,"taxonomy":"post_tag","description":"","parent":0,"count":3625,"filter":"raw","image":""},{"term_id":5,"name":"Internetzeitung","slug":"internetzeitung","term_group":0,"term_taxonomy_id":5,"taxonomy":"post_tag","description":"","parent":0,"count":1461,"filter":"raw","image":""},{"term_id":68,"name":"Online-Zeitung","slug":"online-zeitung","term_group":0,"term_taxonomy_id":69,"taxonomy":"post_tag","description":"","parent":0,"count":3595,"filter":"raw","image":""},{"term_id":9,"name":"SchauMedia","slug":"schaumedia","term_group":0,"term_taxonomy_id":9,"taxonomy":"post_tag","description":"","parent":0,"count":1607,"filter":"raw","image":""},{"term_id":275,"name":"Stuttgart","slug":"stuttgart","term_group":0,"term_taxonomy_id":281,"taxonomy":"post_tag","description":"","parent":0,"count":1195,"filter":"raw","image":""}]},"_links":{"self":[{"href":"https:\/\/die-webzeitung.de\/stuttgart\/wp-json\/wp\/v2\/posts\/141366","targetHints":{"allow":["GET"]}}],"collection":[{"href":"https:\/\/die-webzeitung.de\/stuttgart\/wp-json\/wp\/v2\/posts"}],"about":[{"href":"https:\/\/die-webzeitung.de\/stuttgart\/wp-json\/wp\/v2\/types\/post"}],"author":[{"embeddable":true,"href":"https:\/\/die-webzeitung.de\/stuttgart\/wp-json\/wp\/v2\/users\/4"}],"replies":[{"embeddable":true,"href":"https:\/\/die-webzeitung.de\/stuttgart\/wp-json\/wp\/v2\/comments?post=141366"}],"version-history":[{"count":1,"href":"https:\/\/die-webzeitung.de\/stuttgart\/wp-json\/wp\/v2\/posts\/141366\/revisions"}],"predecessor-version":[{"id":141367,"href":"https:\/\/die-webzeitung.de\/stuttgart\/wp-json\/wp\/v2\/posts\/141366\/revisions\/141367"}],"wp:attachment":[{"href":"https:\/\/die-webzeitung.de\/stuttgart\/wp-json\/wp\/v2\/media?parent=141366"}],"wp:term":[{"taxonomy":"category","embeddable":true,"href":"https:\/\/die-webzeitung.de\/stuttgart\/wp-json\/wp\/v2\/categories?post=141366"},{"taxonomy":"post_tag","embeddable":true,"href":"https:\/\/die-webzeitung.de\/stuttgart\/wp-json\/wp\/v2\/tags?post=141366"}],"curies":[{"name":"wp","href":"https:\/\/api.w.org\/{rel}","templated":true}]}}