{"id":141364,"date":"2021-02-16T17:20:52","date_gmt":"2021-02-16T16:20:52","guid":{"rendered":"https:\/\/die-webzeitung.de\/stuttgart\/?p=141364"},"modified":"2021-02-16T17:20:52","modified_gmt":"2021-02-16T16:20:52","slug":"schlachthof-genossenschaft-waehlt-neuen-vorstand","status":"publish","type":"post","link":"https:\/\/die-webzeitung.de\/stuttgart\/2021\/02\/16\/schlachthof-genossenschaft-waehlt-neuen-vorstand\/","title":{"rendered":"Schlachthof-Genossenschaft w\u00e4hlt neuen Vorstand"},"content":{"rendered":"<h5 style=\"text-align: justify;\"><strong>Josef Hecht, Daniel Burgmayer und Renate Blum arbeiten auf Neustart hin<\/strong><\/h5>\n<p style=\"text-align: justify;\">Kreis B\u00f6blingen.| Am vergangenen Mittwoch, 10.2., hat der Aufsichtsrat der Schlachthof e.G. einen komplett neuen Vorstand bestellt. Vorstandssprecher ist Josef Hecht, der auch Gesch\u00e4ftsf\u00fchrer der Fleischer-Innungen in B\u00f6blingen und in Ludwigsburg ist. Er bildet eine Doppelspitze mit dem Agraringenieur Daniel Burgmayer. Weiteres Vorstandsmitglied ist Renate Blum, welche als Gesch\u00e4ftsf\u00fchrerin die Metzgerei Glasbrenner in Waldenbuch gemeinsam mit ihrem Bruder f\u00fchrt.<\/p>\n<p style=\"text-align: justify;\">Der neue Vorstand wird die enge Zusammenarbeit mit Kurt Matthes fortf\u00fchren, der bereits im Herbst als Projektleiter bestimmt worden war, um f\u00fcr die Genossenschaft ein Konzept zu erarbeiten, das Grundlage f\u00fcr die Wiederinbetriebnahme sein wird. Dieses Konzept wurde als Vorentwurf im Runden Tisch des Landratsamtes B\u00f6blingen Mitte Januar vorgestellt und wird derzeit verfeinert.<\/p>\n<p style=\"text-align: justify;\">Josef Hecht dazu: \u201eDie Genossenschaft befindet sich in einer schwierigen Phase \u2013 der Betrieb ist geschlossen, die Mitglieder mussten kurzfristig Ausweichm\u00f6glichkeiten organisieren. Hinzu kommt die Notwendigkeit, hohe Summen in den Schlachthof zu investieren. Gleichzeitig wollen wir den hohen Anspr\u00fcchen an das Tierwohl gerecht werden und die Erwartungen der Verbraucher an Regionalit\u00e4t erf\u00fcllen. Wir stellen uns dieser Herausforderung und z\u00e4hlen auf jede Unterst\u00fctzung, um den Ruf des Schlachthofes wiederherzustellen.\u201c<\/p>\n<p style=\"text-align: justify;\">Landrat Roland Bernhard freut sich \u00fcber die Personalentscheidungen: \u201eIch habe Herrn Hecht und Herrn Burgmayer bereits kennengelernt am Runden Tisch. In den Arbeitsgruppen bringen Sie sich mit viel Engagement und guten Ideen ein. Der Landkreis B\u00f6blingen wird alles, was m\u00f6glich ist, tun, um der Genossenschaft beim Neustart des Schlachthofes zu helfen. Regionale Produktion ist auch bei tierischen Lebensmitteln ein Ziel, woran wir festhalten. Die Bev\u00f6lkerung erwartet dies ebenso, wie den humanen Umgang mit den Tieren.\u201c<\/p>\n<p style=\"text-align: justify;\">Wilhelm Dengler stand als Vorstandsvorsitzender auf eigenen Wunsch nicht mehr zur Verf\u00fcgung und ist, wie bereits seit zwei Jahren geplant, ausgeschieden.<\/p>\n<hr \/>\n<p style=\"text-align: justify;\">\n","protected":false},"excerpt":{"rendered":"<p>Josef Hecht, Daniel Burgmayer und Renate Blum arbeiten auf Neustart hin Kreis B\u00f6blingen.| Am vergangenen Mittwoch, 10.2., hat der Aufsichtsrat der Schlachthof e.G. einen komplett neuen Vorstand bestellt. Vorstandssprecher ist Josef Hecht, der auch Gesch\u00e4ftsf\u00fchrer der Fleischer-Innungen in B\u00f6blingen und in Ludwigsburg ist. Er bildet eine Doppelspitze mit dem Agraringenieur Daniel Burgmayer. Weiteres Vorstandsmitglied ist [&hellip;]<\/p>\n","protected":false},"author":4,"featured_media":0,"comment_status":"closed","ping_status":"open","sticky":false,"template":"","format":"standard","meta":{"inline_featured_image":false,"_exactmetrics_skip_tracking":false,"_exactmetrics_sitenote_active":false,"_exactmetrics_sitenote_note":"","_exactmetrics_sitenote_category":0,"footnotes":""},"categories":[59,2246],"tags":[3061,14857,16928,5,68,9,16778],"class_list":{"0":"post-141364","1":"post","2":"type-post","3":"status-publish","4":"format-standard","6":"category-aktuell","7":"category-kreis-boeblingen","8":"tag-boblingen","9":"tag-die-webzeitung","10":"tag-genossenschaft","11":"tag-internetzeitung","12":"tag-online-zeitung","13":"tag-schaumedia","14":"tag-schlachthof"},"image_feature":null,"author_name":"Redaktion","pure_taxonomies":{"categories":[{"term_id":59,"name":"Aktuell","slug":"aktuell","term_group":0,"term_taxonomy_id":60,"taxonomy":"category","description":"","parent":0,"count":1017,"filter":"raw","image":""},{"term_id":2246,"name":"Kreis B\u00f6blingen","slug":"kreis-boeblingen","term_group":0,"term_taxonomy_id":2259,"taxonomy":"category","description":"","parent":171,"count":197,"filter":"raw","image":""}],"tags":[{"term_id":3061,"name":"B\u00f6blingen","slug":"boblingen","term_group":0,"term_taxonomy_id":3075,"taxonomy":"post_tag","description":"","parent":0,"count":260,"filter":"raw","image":""},{"term_id":14857,"name":"Die-Webzeitung","slug":"die-webzeitung","term_group":0,"term_taxonomy_id":14876,"taxonomy":"post_tag","description":"","parent":0,"count":3625,"filter":"raw","image":""},{"term_id":16928,"name":"Genossenschaft","slug":"genossenschaft","term_group":0,"term_taxonomy_id":16947,"taxonomy":"post_tag","description":"","parent":0,"count":1,"filter":"raw","image":""},{"term_id":5,"name":"Internetzeitung","slug":"internetzeitung","term_group":0,"term_taxonomy_id":5,"taxonomy":"post_tag","description":"","parent":0,"count":1461,"filter":"raw","image":""},{"term_id":68,"name":"Online-Zeitung","slug":"online-zeitung","term_group":0,"term_taxonomy_id":69,"taxonomy":"post_tag","description":"","parent":0,"count":3595,"filter":"raw","image":""},{"term_id":9,"name":"SchauMedia","slug":"schaumedia","term_group":0,"term_taxonomy_id":9,"taxonomy":"post_tag","description":"","parent":0,"count":1607,"filter":"raw","image":""},{"term_id":16778,"name":"Schlachthof","slug":"schlachthof","term_group":0,"term_taxonomy_id":16797,"taxonomy":"post_tag","description":"","parent":0,"count":6,"filter":"raw","image":""}]},"_links":{"self":[{"href":"https:\/\/die-webzeitung.de\/stuttgart\/wp-json\/wp\/v2\/posts\/141364","targetHints":{"allow":["GET"]}}],"collection":[{"href":"https:\/\/die-webzeitung.de\/stuttgart\/wp-json\/wp\/v2\/posts"}],"about":[{"href":"https:\/\/die-webzeitung.de\/stuttgart\/wp-json\/wp\/v2\/types\/post"}],"author":[{"embeddable":true,"href":"https:\/\/die-webzeitung.de\/stuttgart\/wp-json\/wp\/v2\/users\/4"}],"replies":[{"embeddable":true,"href":"https:\/\/die-webzeitung.de\/stuttgart\/wp-json\/wp\/v2\/comments?post=141364"}],"version-history":[{"count":1,"href":"https:\/\/die-webzeitung.de\/stuttgart\/wp-json\/wp\/v2\/posts\/141364\/revisions"}],"predecessor-version":[{"id":141365,"href":"https:\/\/die-webzeitung.de\/stuttgart\/wp-json\/wp\/v2\/posts\/141364\/revisions\/141365"}],"wp:attachment":[{"href":"https:\/\/die-webzeitung.de\/stuttgart\/wp-json\/wp\/v2\/media?parent=141364"}],"wp:term":[{"taxonomy":"category","embeddable":true,"href":"https:\/\/die-webzeitung.de\/stuttgart\/wp-json\/wp\/v2\/categories?post=141364"},{"taxonomy":"post_tag","embeddable":true,"href":"https:\/\/die-webzeitung.de\/stuttgart\/wp-json\/wp\/v2\/tags?post=141364"}],"curies":[{"name":"wp","href":"https:\/\/api.w.org\/{rel}","templated":true}]}}