{"id":141355,"date":"2021-02-15T19:03:20","date_gmt":"2021-02-15T18:03:20","guid":{"rendered":"https:\/\/die-webzeitung.de\/stuttgart\/2021\/02\/15\/streugut-darf-bis-zum-ende-der-frostperiode-liegen-bleiben\/"},"modified":"2021-02-15T19:03:20","modified_gmt":"2021-02-15T18:03:20","slug":"streugut-darf-bis-zum-ende-der-frostperiode-liegen-bleiben","status":"publish","type":"post","link":"https:\/\/die-webzeitung.de\/stuttgart\/2021\/02\/15\/streugut-darf-bis-zum-ende-der-frostperiode-liegen-bleiben\/","title":{"rendered":"Streugut darf bis zum Ende der Frostperiode liegen bleiben"},"content":{"rendered":"<p style=\"text-align: justify;\"><strong>Hauseigent\u00fcmer und Mieter m\u00fcssen bei Schnee und Eis daf\u00fcr sorgen, dass Gehwege vor ihrem Haus ger\u00e4umt und mit einem geeigneten Streugut ihrer Wahl gegen St\u00fcrze gesichert werden. Sie d\u00fcrfen ausgestreutes Gut bis zum Ende der Frostperiode liegen lassen. Die W\u00fcrttembergische Versicherung, ein Unternehmen der W&amp;W-Gruppe, weist auf eine Entscheidung des Oberlandesgerichts Schleswig (7 U 25\/19) hin. <\/strong><\/p>\n<p style=\"text-align: justify;\">Eine Frau fuhr mit ihrem Fahrrad auf einem \u00f6ffentlichen Gehweg und wollte in eine Seitenstra\u00dfe abbiegen. Dabei rutschte sie auf einem Gemisch von Splitt und Salz aus, das die Gemeinde im Winter ausgestreut hatte. Sie brach sich beim Sturz die linke Hand und konnte diese auf Dauer nicht mehr zum Greifen nutzen. Sie verklagte die Gemeinde, ihr Schmerzensgeld zu zahlen und die Kosten einer zeitweisen Haushaltshilfe zu ersetzen, da sie nur noch eingeschr\u00e4nkt in der Lage sei, ihre Hausarbeiten zu erledigen. Die Klage begr\u00fcndete sie damit, dass das verwendete Streugut ungeeignet gewesen sei und die Gemeinde es nach der Frostperiode wieder beseitigen musste. Damit kam sie jedoch vor Gericht nicht durch.<\/p>\n<p style=\"text-align: justify;\">Laut Gericht k\u00f6nnen Streupflichtige grunds\u00e4tzlich selbst entscheiden, welches Streumittel sie einsetzen. Geeignet sei unter anderem sowohl das von der Gemeinde verwendete Splitt-Salz-Gemisch als auch reiner Splitt. Da der Unfall im Laufe des Monats M\u00e4rz geschah, war es nicht zu beanstanden, dass das Streugut noch nicht beseitigt war. Bis Ende M\u00e4rz k\u00f6nne es n\u00e4mlich durchaus noch zu Frost kommen, weshalb das Streugut zur Vorsorge liegen bleiben d\u00fcrfe. Bis dahin m\u00fcssten Fahrradfahrer ihre Fahrweise entsprechend anpassen. Im \u00dcbrigen wies das Gericht darauf hin, dass man auf einem reinen Gehweg nicht mit dem Fahrrad fahren d\u00fcrfe und man bei Unf\u00e4llen schon deshalb keine Entsch\u00e4digung verlangen k\u00f6nne.<\/p>\n<hr \/>\n<p style=\"text-align: justify;\">\n","protected":false},"excerpt":{"rendered":"<p>Hauseigent\u00fcmer und Mieter m\u00fcssen bei Schnee und Eis daf\u00fcr sorgen, dass Gehwege vor ihrem Haus ger\u00e4umt und mit einem geeigneten Streugut ihrer Wahl gegen St\u00fcrze gesichert werden. Sie d\u00fcrfen ausgestreutes Gut bis zum Ende der Frostperiode liegen lassen. Die W\u00fcrttembergische Versicherung, ein Unternehmen der W&amp;W-Gruppe, weist auf eine Entscheidung des Oberlandesgerichts Schleswig (7 U 25\/19) [&hellip;]<\/p>\n","protected":false},"author":4,"featured_media":0,"comment_status":"closed","ping_status":"open","sticky":false,"template":"","format":"standard","meta":{"inline_featured_image":false,"_exactmetrics_skip_tracking":false,"_exactmetrics_sitenote_active":false,"_exactmetrics_sitenote_note":"","_exactmetrics_sitenote_category":0,"footnotes":""},"categories":[2237],"tags":[14857,16926,5,68,9,9721,18,19],"class_list":{"0":"post-141355","1":"post","2":"type-post","3":"status-publish","4":"format-standard","6":"category-ratgeber-leben","7":"tag-die-webzeitung","8":"tag-frostperiode","9":"tag-internetzeitung","10":"tag-online-zeitung","11":"tag-schaumedia","12":"tag-streugut","13":"tag-wurttembergische","14":"tag-wustenrot"},"image_feature":null,"author_name":"Redaktion","pure_taxonomies":{"categories":[{"term_id":2237,"name":"Ratgeber","slug":"ratgeber-leben","term_group":0,"term_taxonomy_id":2250,"taxonomy":"category","description":"","parent":482,"count":380,"filter":"raw","image":""}],"tags":[{"term_id":14857,"name":"Die-Webzeitung","slug":"die-webzeitung","term_group":0,"term_taxonomy_id":14876,"taxonomy":"post_tag","description":"","parent":0,"count":3625,"filter":"raw","image":""},{"term_id":16926,"name":"Frostperiode","slug":"frostperiode","term_group":0,"term_taxonomy_id":16945,"taxonomy":"post_tag","description":"","parent":0,"count":1,"filter":"raw","image":""},{"term_id":5,"name":"Internetzeitung","slug":"internetzeitung","term_group":0,"term_taxonomy_id":5,"taxonomy":"post_tag","description":"","parent":0,"count":1461,"filter":"raw","image":""},{"term_id":68,"name":"Online-Zeitung","slug":"online-zeitung","term_group":0,"term_taxonomy_id":69,"taxonomy":"post_tag","description":"","parent":0,"count":3595,"filter":"raw","image":""},{"term_id":9,"name":"SchauMedia","slug":"schaumedia","term_group":0,"term_taxonomy_id":9,"taxonomy":"post_tag","description":"","parent":0,"count":1607,"filter":"raw","image":""},{"term_id":9721,"name":"Streugut","slug":"streugut","term_group":0,"term_taxonomy_id":9752,"taxonomy":"post_tag","description":"","parent":0,"count":1,"filter":"raw","image":""},{"term_id":18,"name":"W\u00fcrttembergische","slug":"wurttembergische","term_group":0,"term_taxonomy_id":18,"taxonomy":"post_tag","description":"","parent":0,"count":111,"filter":"raw","image":""},{"term_id":19,"name":"W\u00fcstenrot","slug":"wustenrot","term_group":0,"term_taxonomy_id":19,"taxonomy":"post_tag","description":"","parent":0,"count":171,"filter":"raw","image":""}]},"_links":{"self":[{"href":"https:\/\/die-webzeitung.de\/stuttgart\/wp-json\/wp\/v2\/posts\/141355","targetHints":{"allow":["GET"]}}],"collection":[{"href":"https:\/\/die-webzeitung.de\/stuttgart\/wp-json\/wp\/v2\/posts"}],"about":[{"href":"https:\/\/die-webzeitung.de\/stuttgart\/wp-json\/wp\/v2\/types\/post"}],"author":[{"embeddable":true,"href":"https:\/\/die-webzeitung.de\/stuttgart\/wp-json\/wp\/v2\/users\/4"}],"replies":[{"embeddable":true,"href":"https:\/\/die-webzeitung.de\/stuttgart\/wp-json\/wp\/v2\/comments?post=141355"}],"version-history":[{"count":0,"href":"https:\/\/die-webzeitung.de\/stuttgart\/wp-json\/wp\/v2\/posts\/141355\/revisions"}],"wp:attachment":[{"href":"https:\/\/die-webzeitung.de\/stuttgart\/wp-json\/wp\/v2\/media?parent=141355"}],"wp:term":[{"taxonomy":"category","embeddable":true,"href":"https:\/\/die-webzeitung.de\/stuttgart\/wp-json\/wp\/v2\/categories?post=141355"},{"taxonomy":"post_tag","embeddable":true,"href":"https:\/\/die-webzeitung.de\/stuttgart\/wp-json\/wp\/v2\/tags?post=141355"}],"curies":[{"name":"wp","href":"https:\/\/api.w.org\/{rel}","templated":true}]}}