{"id":141051,"date":"2021-02-01T18:29:47","date_gmt":"2021-02-01T17:29:47","guid":{"rendered":"https:\/\/die-webzeitung.de\/stuttgart\/?p=141051"},"modified":"2021-02-01T18:29:47","modified_gmt":"2021-02-01T17:29:47","slug":"bauarbeiten-auf-der-schoenbuchbahn-2","status":"publish","type":"post","link":"https:\/\/die-webzeitung.de\/stuttgart\/2021\/02\/01\/bauarbeiten-auf-der-schoenbuchbahn-2\/","title":{"rendered":"Bauarbeiten auf der Sch\u00f6nbuchbahn"},"content":{"rendered":"<h5 style=\"text-align: justify;\"><strong>Schienenersatzverkehr ab Freitagabend bis Sonntag, 12. &#8211; 14. Februar<\/strong><\/h5>\n<p style=\"text-align: justify;\">Kreis B\u00f6blingen.| Wegen Bauarbeiten auf der Sch\u00f6nbuchbahn wird ab Freitagabend, 12.02.2021, bis zum Sonntag, 14.02.2021, (Betriebsschluss) eine Vollsperrung auf der gesamten Strecke notwendig.<\/p>\n<p style=\"text-align: justify;\">An diesem Wochenende werden auf der ganzen Strecke R\u00fcckschnittarbeiten vorgenommen. Weiter werden Arbeiten an der Leit- und Sicherungstechnik durchgef\u00fchrt und Kabelverlegungen an dem noch geschlossenen Bahn\u00fcbergang im Wald zwischen B\u00f6blingen und Holzgerlingen.<\/p>\n<p style=\"text-align: justify;\">Es wird ab Freitagabend ein Schienenersatzverkehr eingerichtet und zwar ab 20:36 Uhr ab B\u00f6blingen und 20:16 Uhr ab Dettenhausen.<\/p>\n<p style=\"text-align: justify;\">Die Busse halten in B\u00f6blingen am ZOB auf Bussteig 8, an der T\u00fcbinger Stra\u00dfe, und an der Sch\u00f6nbuchstra\u00dfe. Reisende von\/nach B\u00f6blingen-Zimmerschlag nutzen bitte die Linienbusse. In Holzgerlingen werden die Haltestellen Achalmstra\u00dfe, Bahnhof und Buch (T\u00fcbinger Stra\u00dfe) bedient. In Weil werden die Haltestellen Troppel, Hauptstra\u00dfe und Wilhelmstra\u00dfe bedient. In Dettenhausen h\u00e4lt der Bus am Bahnhof.<\/p>\n<p style=\"text-align: justify;\">Den Fahrplan k\u00f6nnen Fahrg\u00e4ste in der VVS-App und im Internet abrufen. Es gilt zu beachten, dass die Busse in Dettenhausen 16 Minuten fr\u00fcher als der Zug abfahren. Der Zweckverband bittet Fahrg\u00e4ste die verl\u00e4ngerten Reisezeiten durch den Schienenersatzverkehr mit Bussen zu beachten und f\u00fcr ihre Reise mehr Zeit einzuplanen.<\/p>\n<p style=\"text-align: justify;\">Am Montag, 15.02., tritt ab 5 Uhr wieder der normale Fahrplan mit den Z\u00fcgen in Kraft.<\/p>\n<hr \/>\n<p style=\"text-align: justify;\">\n","protected":false},"excerpt":{"rendered":"<p>Schienenersatzverkehr ab Freitagabend bis Sonntag, 12. &#8211; 14. Februar Kreis B\u00f6blingen.| Wegen Bauarbeiten auf der Sch\u00f6nbuchbahn wird ab Freitagabend, 12.02.2021, bis zum Sonntag, 14.02.2021, (Betriebsschluss) eine Vollsperrung auf der gesamten Strecke notwendig. An diesem Wochenende werden auf der ganzen Strecke R\u00fcckschnittarbeiten vorgenommen. Weiter werden Arbeiten an der Leit- und Sicherungstechnik durchgef\u00fchrt und Kabelverlegungen an dem [&hellip;]<\/p>\n","protected":false},"author":4,"featured_media":0,"comment_status":"closed","ping_status":"open","sticky":false,"template":"","format":"standard","meta":{"inline_featured_image":false,"_exactmetrics_skip_tracking":false,"_exactmetrics_sitenote_active":false,"_exactmetrics_sitenote_note":"","_exactmetrics_sitenote_category":0,"footnotes":""},"categories":[2246],"tags":[3061,14857,5,68,9,14992],"class_list":{"0":"post-141051","1":"post","2":"type-post","3":"status-publish","4":"format-standard","6":"category-kreis-boeblingen","7":"tag-boblingen","8":"tag-die-webzeitung","9":"tag-internetzeitung","10":"tag-online-zeitung","11":"tag-schaumedia","12":"tag-schoenbuchbahn"},"image_feature":null,"author_name":"Redaktion","pure_taxonomies":{"categories":[{"term_id":2246,"name":"Kreis B\u00f6blingen","slug":"kreis-boeblingen","term_group":0,"term_taxonomy_id":2259,"taxonomy":"category","description":"","parent":171,"count":197,"filter":"raw","image":""}],"tags":[{"term_id":3061,"name":"B\u00f6blingen","slug":"boblingen","term_group":0,"term_taxonomy_id":3075,"taxonomy":"post_tag","description":"","parent":0,"count":260,"filter":"raw","image":""},{"term_id":14857,"name":"Die-Webzeitung","slug":"die-webzeitung","term_group":0,"term_taxonomy_id":14876,"taxonomy":"post_tag","description":"","parent":0,"count":3625,"filter":"raw","image":""},{"term_id":5,"name":"Internetzeitung","slug":"internetzeitung","term_group":0,"term_taxonomy_id":5,"taxonomy":"post_tag","description":"","parent":0,"count":1461,"filter":"raw","image":""},{"term_id":68,"name":"Online-Zeitung","slug":"online-zeitung","term_group":0,"term_taxonomy_id":69,"taxonomy":"post_tag","description":"","parent":0,"count":3595,"filter":"raw","image":""},{"term_id":9,"name":"SchauMedia","slug":"schaumedia","term_group":0,"term_taxonomy_id":9,"taxonomy":"post_tag","description":"","parent":0,"count":1607,"filter":"raw","image":""},{"term_id":14992,"name":"Sch\u00f6nbuchbahn","slug":"schoenbuchbahn","term_group":0,"term_taxonomy_id":15011,"taxonomy":"post_tag","description":"","parent":0,"count":17,"filter":"raw","image":""}]},"_links":{"self":[{"href":"https:\/\/die-webzeitung.de\/stuttgart\/wp-json\/wp\/v2\/posts\/141051","targetHints":{"allow":["GET"]}}],"collection":[{"href":"https:\/\/die-webzeitung.de\/stuttgart\/wp-json\/wp\/v2\/posts"}],"about":[{"href":"https:\/\/die-webzeitung.de\/stuttgart\/wp-json\/wp\/v2\/types\/post"}],"author":[{"embeddable":true,"href":"https:\/\/die-webzeitung.de\/stuttgart\/wp-json\/wp\/v2\/users\/4"}],"replies":[{"embeddable":true,"href":"https:\/\/die-webzeitung.de\/stuttgart\/wp-json\/wp\/v2\/comments?post=141051"}],"version-history":[{"count":1,"href":"https:\/\/die-webzeitung.de\/stuttgart\/wp-json\/wp\/v2\/posts\/141051\/revisions"}],"predecessor-version":[{"id":141052,"href":"https:\/\/die-webzeitung.de\/stuttgart\/wp-json\/wp\/v2\/posts\/141051\/revisions\/141052"}],"wp:attachment":[{"href":"https:\/\/die-webzeitung.de\/stuttgart\/wp-json\/wp\/v2\/media?parent=141051"}],"wp:term":[{"taxonomy":"category","embeddable":true,"href":"https:\/\/die-webzeitung.de\/stuttgart\/wp-json\/wp\/v2\/categories?post=141051"},{"taxonomy":"post_tag","embeddable":true,"href":"https:\/\/die-webzeitung.de\/stuttgart\/wp-json\/wp\/v2\/tags?post=141051"}],"curies":[{"name":"wp","href":"https:\/\/api.w.org\/{rel}","templated":true}]}}