{"id":141014,"date":"2021-01-27T14:02:36","date_gmt":"2021-01-27T13:02:36","guid":{"rendered":"https:\/\/die-webzeitung.de\/stuttgart\/?p=141014"},"modified":"2021-01-27T14:02:37","modified_gmt":"2021-01-27T13:02:37","slug":"entwicklungskonzept-westlich-der-solitudestrasse","status":"publish","type":"post","link":"https:\/\/die-webzeitung.de\/stuttgart\/2021\/01\/27\/entwicklungskonzept-westlich-der-solitudestrasse\/","title":{"rendered":"Entwicklungskonzept Westlich der Solitudestra\u00dfe"},"content":{"rendered":"<h5 style=\"text-align: justify;\"><strong>B\u00fcrgerbeteiligung verl\u00e4ngert bis 21. Februar 2021<\/strong><\/h5>\n<p style=\"text-align: justify;\">Stuttgart.| Im Rahmen der aktuell laufenden B\u00fcrgerbeteiligung zum Zukunftsdialog \u201eEntwicklungskonzept Westlich der Solitudestra\u00dfe\u201c sind bereits seit Anfang Dezember 2020 zahlreiche Perspektiven, Ideen und W\u00fcnsche aus der B\u00fcrgerschaft innerhalb des digitalen Beteiligungsformats eingegangen. Aufgrund der pandemischen Entwicklung m\u00fcssen die angedachten Quartiersspazierg\u00e4nge allerdings abgesagt werden. Um dennoch allen interessierten B\u00fcrgerinnen und B\u00fcrgern eine Beteiligung zu erm\u00f6glichen, wird die digitale Beteiligung unter <a href=\"http:\/\/www.stuttgart-meine-stadt.de\/stadtentwicklung\/walz-areal\" target=\"_blank\" rel=\"noopener noreferrer\">www.stuttgart-meine-stadt.de\/stadtentwicklung\/walz-areal<\/a> bis zum 21. Februar 2021<br \/>\nverl\u00e4ngert.<\/p>\n<p style=\"text-align: justify;\">Das Areal der ehemaligen G\u00e4rtnerei Walz und das Umfeld westlich der Solitudestra\u00dfe in Weilimdorf zwischen der B 295 im Norden und der Engelbergstra\u00dfe im S\u00fcden befinden sich in einem umfassenden baulichen und funktionalen Wandel.<\/p>\n<p style=\"text-align: justify;\">Neben den bestehenden Sportnutzungen ist der Bereich durch einen teilweisen Leerstand des ehemaligen G\u00e4rtnereiareals ebenso gepr\u00e4gt wie durch die in den vergangenen Jahren neu entstandenen Geb\u00e4ude f\u00fcr eine Kindertagesst\u00e4tte und eine Fl\u00fcchtlingsunterkunft. Teile der ehemaligen G\u00e4rtnerei wurden mittlerweile durch die Landeshauptstadt erworben. Nun soll der Gesamtbereich westlich der Solitudestra\u00dfe st\u00e4dtebaulich weiterentwickelt werden. Hierf\u00fcr m\u00f6chte die Landeshauptstadt eine Gesamtkonzeption unter dem Titel &#8220;Entwicklungskonzept Westlich der Solitudestra\u00dfe&#8221; erarbeiten. Die Ergebnisse der B\u00fcrgerbeteiligung sollen in die weitere Bearbeitung des Entwicklungskonzepts einflie\u00dfen und den politischen Gremien vorgestellt werden.<\/p>\n<p style=\"text-align: justify;\">Abschlie\u00dfend wird das Entwicklungskonzept die Basis f\u00fcr alle weiteren planerischen Schritte im Gesamtbereich westlich der Solitudestra\u00dfe, beispielsweise f\u00fcr einen Bebauungsplan, bilden.<\/p>\n<p style=\"text-align: justify;\">Beim digitalen Beteiligungsprozess kooperiert die Landeshauptstadt Stuttgart mit dem Forschungsprojekt Innovative Hochschule \u2013 M4_LAB der Hochschule f\u00fcr Technik Stuttgart. Im Rahmen der Forschung wurde von den Studierenden ein 3D-Modul entwickelt, das es erm\u00f6glicht, interaktiv auf einer Karte zu agieren und gezielt an bestimmten Stellen W\u00fcnsche und Anforderungen an die Planung zu dokumentieren.<\/p>\n<hr \/>\n<p style=\"text-align: justify;\">\n","protected":false},"excerpt":{"rendered":"<p>B\u00fcrgerbeteiligung verl\u00e4ngert bis 21. Februar 2021 Stuttgart.| Im Rahmen der aktuell laufenden B\u00fcrgerbeteiligung zum Zukunftsdialog \u201eEntwicklungskonzept Westlich der Solitudestra\u00dfe\u201c sind bereits seit Anfang Dezember 2020 zahlreiche Perspektiven, Ideen und W\u00fcnsche aus der B\u00fcrgerschaft innerhalb des digitalen Beteiligungsformats eingegangen. Aufgrund der pandemischen Entwicklung m\u00fcssen die angedachten Quartiersspazierg\u00e4nge allerdings abgesagt werden. Um dennoch allen interessierten B\u00fcrgerinnen und [&hellip;]<\/p>\n","protected":false},"author":4,"featured_media":0,"comment_status":"closed","ping_status":"open","sticky":false,"template":"","format":"standard","meta":{"inline_featured_image":false,"_exactmetrics_skip_tracking":false,"_exactmetrics_sitenote_active":false,"_exactmetrics_sitenote_note":"","_exactmetrics_sitenote_category":0,"footnotes":""},"categories":[2239],"tags":[14857,5,68,9,275],"class_list":{"0":"post-141014","1":"post","2":"type-post","3":"status-publish","4":"format-standard","6":"category-stuttgart-lokal","7":"tag-die-webzeitung","8":"tag-internetzeitung","9":"tag-online-zeitung","10":"tag-schaumedia","11":"tag-stuttgart"},"image_feature":null,"author_name":"Redaktion","pure_taxonomies":{"categories":[{"term_id":2239,"name":"Stuttgart","slug":"stuttgart-lokal","term_group":0,"term_taxonomy_id":2252,"taxonomy":"category","description":"Berichte und Informationen aus Stuttgart","parent":1433,"count":942,"filter":"raw","image":""}],"tags":[{"term_id":14857,"name":"Die-Webzeitung","slug":"die-webzeitung","term_group":0,"term_taxonomy_id":14876,"taxonomy":"post_tag","description":"","parent":0,"count":3625,"filter":"raw","image":""},{"term_id":5,"name":"Internetzeitung","slug":"internetzeitung","term_group":0,"term_taxonomy_id":5,"taxonomy":"post_tag","description":"","parent":0,"count":1461,"filter":"raw","image":""},{"term_id":68,"name":"Online-Zeitung","slug":"online-zeitung","term_group":0,"term_taxonomy_id":69,"taxonomy":"post_tag","description":"","parent":0,"count":3595,"filter":"raw","image":""},{"term_id":9,"name":"SchauMedia","slug":"schaumedia","term_group":0,"term_taxonomy_id":9,"taxonomy":"post_tag","description":"","parent":0,"count":1607,"filter":"raw","image":""},{"term_id":275,"name":"Stuttgart","slug":"stuttgart","term_group":0,"term_taxonomy_id":281,"taxonomy":"post_tag","description":"","parent":0,"count":1195,"filter":"raw","image":""}]},"_links":{"self":[{"href":"https:\/\/die-webzeitung.de\/stuttgart\/wp-json\/wp\/v2\/posts\/141014","targetHints":{"allow":["GET"]}}],"collection":[{"href":"https:\/\/die-webzeitung.de\/stuttgart\/wp-json\/wp\/v2\/posts"}],"about":[{"href":"https:\/\/die-webzeitung.de\/stuttgart\/wp-json\/wp\/v2\/types\/post"}],"author":[{"embeddable":true,"href":"https:\/\/die-webzeitung.de\/stuttgart\/wp-json\/wp\/v2\/users\/4"}],"replies":[{"embeddable":true,"href":"https:\/\/die-webzeitung.de\/stuttgart\/wp-json\/wp\/v2\/comments?post=141014"}],"version-history":[{"count":1,"href":"https:\/\/die-webzeitung.de\/stuttgart\/wp-json\/wp\/v2\/posts\/141014\/revisions"}],"predecessor-version":[{"id":141015,"href":"https:\/\/die-webzeitung.de\/stuttgart\/wp-json\/wp\/v2\/posts\/141014\/revisions\/141015"}],"wp:attachment":[{"href":"https:\/\/die-webzeitung.de\/stuttgart\/wp-json\/wp\/v2\/media?parent=141014"}],"wp:term":[{"taxonomy":"category","embeddable":true,"href":"https:\/\/die-webzeitung.de\/stuttgart\/wp-json\/wp\/v2\/categories?post=141014"},{"taxonomy":"post_tag","embeddable":true,"href":"https:\/\/die-webzeitung.de\/stuttgart\/wp-json\/wp\/v2\/tags?post=141014"}],"curies":[{"name":"wp","href":"https:\/\/api.w.org\/{rel}","templated":true}]}}