{"id":140987,"date":"2021-01-25T14:03:20","date_gmt":"2021-01-25T13:03:20","guid":{"rendered":"https:\/\/die-webzeitung.de\/stuttgart\/2021\/01\/25\/wuestenrot-immobilien-vermittelt-groesseres-immobilienportfolio\/"},"modified":"2021-01-25T14:03:20","modified_gmt":"2021-01-25T13:03:20","slug":"wuestenrot-immobilien-vermittelt-groesseres-immobilienportfolio","status":"publish","type":"post","link":"https:\/\/die-webzeitung.de\/stuttgart\/2021\/01\/25\/wuestenrot-immobilien-vermittelt-groesseres-immobilienportfolio\/","title":{"rendered":"W\u00fcstenrot Immobilien vermittelt gr\u00f6\u00dferes Immobilienportfolio"},"content":{"rendered":"<p style=\"text-align: justify;\">Die W\u00fcstenrot Immobilien GmbH (WI) hat in mehreren Tranchen ein gr\u00f6\u00dferes Immobilienportfolio, bestehend aus sechs Liegenschaften in Frankfurt am Main, vermittelt.<\/p>\n<p style=\"text-align: justify;\">Das Portfolio umfasst insgesamt 79 Wohn- und Gewerbeeinheiten mit rund 4.300 Quadratmeter Wohn- und Nutzfl\u00e4che. Die Standorte der sechs Liegenschaften befinden sich alle in guten und besten Lagen Frankfurts.<\/p>\n<p style=\"text-align: justify;\">Die Transaktion wurde von der WI-Verkaufsleitung Steffen Horn in Berlin begleitet. Verk\u00e4ufer war ein privater Immobilieneigent\u00fcmer, K\u00e4ufer ein Family Office aus der Region. \u00dcber den Kaufpreis wurde Stillschweigen vereinbart.<\/p>\n<p style=\"text-align: justify;\">\u201eInvestorengesch\u00e4fte runden am oberen Ende unser breites Dienstleistungsspektrum f\u00fcr private und institutionelle Kunden ab. Speziell unsere Berliner Verkaufsleitung um Steffen Horn leistet dazu regelm\u00e4\u00dfig erfolgreiche Beitr\u00e4ge\u201c, sagt Jochen D\u00f6rner, Gesch\u00e4ftsf\u00fchrer der WI.<\/p>\n<hr \/>\n<p style=\"text-align: justify;\">\n","protected":false},"excerpt":{"rendered":"<p>Die W\u00fcstenrot Immobilien GmbH (WI) hat in mehreren Tranchen ein gr\u00f6\u00dferes Immobilienportfolio, bestehend aus sechs Liegenschaften in Frankfurt am Main, vermittelt. Das Portfolio umfasst insgesamt 79 Wohn- und Gewerbeeinheiten mit rund 4.300 Quadratmeter Wohn- und Nutzfl\u00e4che. Die Standorte der sechs Liegenschaften befinden sich alle in guten und besten Lagen Frankfurts. Die Transaktion wurde von der [&hellip;]<\/p>\n","protected":false},"author":4,"featured_media":0,"comment_status":"closed","ping_status":"open","sticky":false,"template":"","format":"standard","meta":{"inline_featured_image":false,"_exactmetrics_skip_tracking":false,"_exactmetrics_sitenote_active":false,"_exactmetrics_sitenote_note":"","_exactmetrics_sitenote_category":0,"footnotes":""},"categories":[479],"tags":[14857,481,5,68,16897,9,19],"class_list":{"0":"post-140987","1":"post","2":"type-post","3":"status-publish","4":"format-standard","6":"category-wirtschaft","7":"tag-die-webzeitung","8":"tag-immobilien","9":"tag-internetzeitung","10":"tag-online-zeitung","11":"tag-portfolio","12":"tag-schaumedia","13":"tag-wustenrot"},"image_feature":null,"author_name":"Redaktion","pure_taxonomies":{"categories":[{"term_id":479,"name":"Wirtschaft","slug":"wirtschaft","term_group":0,"term_taxonomy_id":1941,"taxonomy":"category","description":"","parent":0,"count":282,"filter":"raw","image":""}],"tags":[{"term_id":14857,"name":"Die-Webzeitung","slug":"die-webzeitung","term_group":0,"term_taxonomy_id":14876,"taxonomy":"post_tag","description":"","parent":0,"count":3625,"filter":"raw","image":""},{"term_id":481,"name":"Immobilien","slug":"immobilien","term_group":0,"term_taxonomy_id":488,"taxonomy":"post_tag","description":"","parent":0,"count":12,"filter":"raw","image":""},{"term_id":5,"name":"Internetzeitung","slug":"internetzeitung","term_group":0,"term_taxonomy_id":5,"taxonomy":"post_tag","description":"","parent":0,"count":1461,"filter":"raw","image":""},{"term_id":68,"name":"Online-Zeitung","slug":"online-zeitung","term_group":0,"term_taxonomy_id":69,"taxonomy":"post_tag","description":"","parent":0,"count":3595,"filter":"raw","image":""},{"term_id":16897,"name":"Portfolio","slug":"portfolio","term_group":0,"term_taxonomy_id":16916,"taxonomy":"post_tag","description":"","parent":0,"count":1,"filter":"raw","image":""},{"term_id":9,"name":"SchauMedia","slug":"schaumedia","term_group":0,"term_taxonomy_id":9,"taxonomy":"post_tag","description":"","parent":0,"count":1607,"filter":"raw","image":""},{"term_id":19,"name":"W\u00fcstenrot","slug":"wustenrot","term_group":0,"term_taxonomy_id":19,"taxonomy":"post_tag","description":"","parent":0,"count":171,"filter":"raw","image":""}]},"_links":{"self":[{"href":"https:\/\/die-webzeitung.de\/stuttgart\/wp-json\/wp\/v2\/posts\/140987","targetHints":{"allow":["GET"]}}],"collection":[{"href":"https:\/\/die-webzeitung.de\/stuttgart\/wp-json\/wp\/v2\/posts"}],"about":[{"href":"https:\/\/die-webzeitung.de\/stuttgart\/wp-json\/wp\/v2\/types\/post"}],"author":[{"embeddable":true,"href":"https:\/\/die-webzeitung.de\/stuttgart\/wp-json\/wp\/v2\/users\/4"}],"replies":[{"embeddable":true,"href":"https:\/\/die-webzeitung.de\/stuttgart\/wp-json\/wp\/v2\/comments?post=140987"}],"version-history":[{"count":0,"href":"https:\/\/die-webzeitung.de\/stuttgart\/wp-json\/wp\/v2\/posts\/140987\/revisions"}],"wp:attachment":[{"href":"https:\/\/die-webzeitung.de\/stuttgart\/wp-json\/wp\/v2\/media?parent=140987"}],"wp:term":[{"taxonomy":"category","embeddable":true,"href":"https:\/\/die-webzeitung.de\/stuttgart\/wp-json\/wp\/v2\/categories?post=140987"},{"taxonomy":"post_tag","embeddable":true,"href":"https:\/\/die-webzeitung.de\/stuttgart\/wp-json\/wp\/v2\/tags?post=140987"}],"curies":[{"name":"wp","href":"https:\/\/api.w.org\/{rel}","templated":true}]}}