{"id":140977,"date":"2021-01-25T10:43:12","date_gmt":"2021-01-25T09:43:12","guid":{"rendered":"https:\/\/die-webzeitung.de\/stuttgart\/2021\/01\/25\/handwerk-schraubt-am-image-auch-im-lockdown\/"},"modified":"2021-01-25T10:43:12","modified_gmt":"2021-01-25T09:43:12","slug":"handwerk-schraubt-am-image-auch-im-lockdown","status":"publish","type":"post","link":"https:\/\/die-webzeitung.de\/stuttgart\/2021\/01\/25\/handwerk-schraubt-am-image-auch-im-lockdown\/","title":{"rendered":"Handwerk schraubt am Image \u2013 auch im Lockdown"},"content":{"rendered":"<p style=\"text-align: justify;\">Stuttgart.| Seit dem 22. Januar macht das Handwerk mit seiner Imagekampagne wieder deutschlandweit auf sich aufmerksam und will damit unter anderem f\u00fcr die Ausbildungs- und Karrierem\u00f6glichkeiten in \u00fcber 130 Ausbildungsberufen werben. Vier junge \u201eBotschafter\u201c sind im Rahmen der Kampagne des Handwerks f\u00fcr einen Monat in TV-Spots sowie auf Motiven im Internet, auf Infoscreens und auf Gro\u00dfplakaten sowie Bussen zu sehen. Erg\u00e4nzend bieten Mini-Dokus auf YouTube einen tieferen Einblick in den Arbeitsalltag der Handwerker.<\/p>\n<p style=\"text-align: justify;\">Bereits das Vorjahr hat gezeigt: In der Corona-Pandemie ist es wichtiger denn je, f\u00fcr die Ausbildung im Handwerk zu trommeln. \u201eJetzt gilt es, handwerkliche Ausbildungsberufe als Karriereweg f\u00fcr die Menschen relevant zu machen\u201c, betont Thomas Hoefling, Hauptgesch\u00e4ftsf\u00fchrer der Handwerkskammer Region Stuttgart. Das Handwerk zeige sich in vielen Bereichen als relativ krisensicher und unabh\u00e4ngig von der Pandemie sind handwerkliche Fachkr\u00e4fte gefragt, die in der Lage sind, wichtige Herausforderungen in den Bereichen Klimaschutz, Energie, Mobilit\u00e4t und Demografie zu meistern. Schulabg\u00e4ngern, aber auch Quereinsteigern w\u00fcrden sich hier interessante berufliche Perspektiven bieten.<\/p>\n<p style=\"text-align: justify;\">\u201eDas Pandemie-Jahr 2020 hat deutlich gemacht, wie wichtig das Handwerk f\u00fcr uns ist\u201c, so Kammerchef Hoefling. Die Betriebe mit ihren Mitarbeitern h\u00e4tten einen gro\u00dfen Beitrag geleistet, das Land am Laufen zu halten. Gleichzeitig sei es den Unternehmern schwerer denn je gefallen, Nachwuchs anzusprechen und zu gewinnen. Auch in diesem Jahr erschwere Corona die Ma\u00dfnahmen zur Berufsorientierung. \u201eDas Handwerk will hier gegenhalten. Ein weiterer Baustein zu den vielf\u00e4ltigen digitalen Angeboten ist der anlaufende 1. Flight der bundesweiten Imagekampagne, der mit dem Slogan \u201eWir wissen, was wir tun.\u201c auf Plakaten, aber vor allem auch in TV-Schaltungen und digitalen Werbema\u00dfnahmen auf das Handwerk aufmerksam macht.\u201c Junge \u201eBotschafter\u201c des Handwerks berichten aus ihrer Erfahrung mit ihrem spannenden Arbeitsalltag. Sie stammen aus den Berufen Orthop\u00e4dietechniker, Kfz-Mechatroniker, Konditor und Klempner.<\/p>\n<hr \/>\n<p style=\"text-align: justify;\">\n","protected":false},"excerpt":{"rendered":"<p>Stuttgart.| Seit dem 22. Januar macht das Handwerk mit seiner Imagekampagne wieder deutschlandweit auf sich aufmerksam und will damit unter anderem f\u00fcr die Ausbildungs- und Karrierem\u00f6glichkeiten in \u00fcber 130 Ausbildungsberufen werben. Vier junge \u201eBotschafter\u201c sind im Rahmen der Kampagne des Handwerks f\u00fcr einen Monat in TV-Spots sowie auf Motiven im Internet, auf Infoscreens und auf [&hellip;]<\/p>\n","protected":false},"author":4,"featured_media":0,"comment_status":"closed","ping_status":"open","sticky":false,"template":"","format":"standard","meta":{"inline_featured_image":false,"_exactmetrics_skip_tracking":false,"_exactmetrics_sitenote_active":false,"_exactmetrics_sitenote_note":"","_exactmetrics_sitenote_category":0,"footnotes":""},"categories":[479],"tags":[14857,1116,16896,5,68,9],"class_list":{"0":"post-140977","1":"post","2":"type-post","3":"status-publish","4":"format-standard","6":"category-wirtschaft","7":"tag-die-webzeitung","8":"tag-handwerk","9":"tag-image","10":"tag-internetzeitung","11":"tag-online-zeitung","12":"tag-schaumedia"},"image_feature":null,"author_name":"Redaktion","pure_taxonomies":{"categories":[{"term_id":479,"name":"Wirtschaft","slug":"wirtschaft","term_group":0,"term_taxonomy_id":1941,"taxonomy":"category","description":"","parent":0,"count":282,"filter":"raw","image":""}],"tags":[{"term_id":14857,"name":"Die-Webzeitung","slug":"die-webzeitung","term_group":0,"term_taxonomy_id":14876,"taxonomy":"post_tag","description":"","parent":0,"count":3625,"filter":"raw","image":""},{"term_id":1116,"name":"Handwerk","slug":"handwerk","term_group":0,"term_taxonomy_id":1125,"taxonomy":"post_tag","description":"","parent":0,"count":9,"filter":"raw","image":""},{"term_id":16896,"name":"Image","slug":"image","term_group":0,"term_taxonomy_id":16915,"taxonomy":"post_tag","description":"","parent":0,"count":3,"filter":"raw","image":""},{"term_id":5,"name":"Internetzeitung","slug":"internetzeitung","term_group":0,"term_taxonomy_id":5,"taxonomy":"post_tag","description":"","parent":0,"count":1461,"filter":"raw","image":""},{"term_id":68,"name":"Online-Zeitung","slug":"online-zeitung","term_group":0,"term_taxonomy_id":69,"taxonomy":"post_tag","description":"","parent":0,"count":3595,"filter":"raw","image":""},{"term_id":9,"name":"SchauMedia","slug":"schaumedia","term_group":0,"term_taxonomy_id":9,"taxonomy":"post_tag","description":"","parent":0,"count":1607,"filter":"raw","image":""}]},"_links":{"self":[{"href":"https:\/\/die-webzeitung.de\/stuttgart\/wp-json\/wp\/v2\/posts\/140977","targetHints":{"allow":["GET"]}}],"collection":[{"href":"https:\/\/die-webzeitung.de\/stuttgart\/wp-json\/wp\/v2\/posts"}],"about":[{"href":"https:\/\/die-webzeitung.de\/stuttgart\/wp-json\/wp\/v2\/types\/post"}],"author":[{"embeddable":true,"href":"https:\/\/die-webzeitung.de\/stuttgart\/wp-json\/wp\/v2\/users\/4"}],"replies":[{"embeddable":true,"href":"https:\/\/die-webzeitung.de\/stuttgart\/wp-json\/wp\/v2\/comments?post=140977"}],"version-history":[{"count":0,"href":"https:\/\/die-webzeitung.de\/stuttgart\/wp-json\/wp\/v2\/posts\/140977\/revisions"}],"wp:attachment":[{"href":"https:\/\/die-webzeitung.de\/stuttgart\/wp-json\/wp\/v2\/media?parent=140977"}],"wp:term":[{"taxonomy":"category","embeddable":true,"href":"https:\/\/die-webzeitung.de\/stuttgart\/wp-json\/wp\/v2\/categories?post=140977"},{"taxonomy":"post_tag","embeddable":true,"href":"https:\/\/die-webzeitung.de\/stuttgart\/wp-json\/wp\/v2\/tags?post=140977"}],"curies":[{"name":"wp","href":"https:\/\/api.w.org\/{rel}","templated":true}]}}