{"id":140950,"date":"2021-01-20T17:13:38","date_gmt":"2021-01-20T16:13:38","guid":{"rendered":"https:\/\/die-webzeitung.de\/stuttgart\/?p=140950"},"modified":"2021-01-20T17:13:38","modified_gmt":"2021-01-20T16:13:38","slug":"eine-taskforce-soll-impfwillige-bei-der-anmeldung-unterstuetzen","status":"publish","type":"post","link":"https:\/\/die-webzeitung.de\/stuttgart\/2021\/01\/20\/eine-taskforce-soll-impfwillige-bei-der-anmeldung-unterstuetzen\/","title":{"rendered":"Eine Taskforce soll Impfwillige bei der Anmeldung unterst\u00fctzen"},"content":{"rendered":"<p style=\"text-align: justify;\"><strong>Landrat Roland Bernhard: \u201eIch begr\u00fc\u00dfe den Vorsto\u00df des DRK ausdr\u00fccklich, mithilfe der Ortsverb\u00e4nde vor Ort die Menschen zu unterst\u00fctzen.\u201c<\/strong><\/p>\n<p style=\"text-align: justify;\">Kreis B\u00f6blingen.| Gestern waren die Impftermine f\u00fcr die meisten Kreisimpfzentren im Land freigeschaltet worden, jedoch mit viel zu wenig verf\u00fcgbaren Terminen f\u00fcr all die impfwilligen Menschen in der ersten Personengruppe. Im Landkreis B\u00f6blingen \u00f6ffnet das dortige Kreisimpfzentrum in Sindelfingen zun\u00e4chst gar nicht mit Vor-Ort-Terminen. Angesichts der geringen Menge an Impfdosen f\u00e4hrt man hier die Strategie, rein mobil zu starten, d.h. allen Impfstoff in die Mobilen Teams zu geben, die damit die Altenpflegeheime anfahren. Zudem geht ein Anteil von 20% an die Kliniken.<\/p>\n<p style=\"text-align: justify;\">Im Landratsamt kommt hierzu viel Frust und Entt\u00e4uschung an. Viele B\u00fcrgerinnen und B\u00fcrger fragen nach, sind hilflos, wissen nicht wie sie an Termine kommen sollen. \u201eIch habe Verst\u00e4ndnis f\u00fcr jede und jeden, der jetzt entt\u00e4uscht und auch ver\u00e4rgert ist\u201c, betont Landrat Roland Bernhard. \u201eAn der Tatsache, dass der Impfstoff knapp ist, k\u00f6nnen wir nichts \u00e4ndern. Aber auch die Situation rund um die Terminvergabe ist unbefriedigend und viele der \u00e4lteren Menschen sind mit den Anmeldeformalit\u00e4ten \u00fcberfordert.\u201c<\/p>\n<p style=\"text-align: justify;\">Gleichwohl bittet der Landrat darum, die nun \u00fcberall entstehenden Ideen zur Unterst\u00fctzung zu kanalisieren und abzustimmen. Niemandem sei geholfen, wenn kreisweit verschiedene Hilfen entstehen. Vielmehr sucht man den Schulterschluss mit dem Deutschen Roten Kreuz (DRK), wo die n\u00f6tige Helferinfrastruktur ohnehin bereits vorhanden ist und ein entsprechendes Konzept bereits vorliegt.<\/p>\n<p style=\"text-align: justify;\">Das DRK plant, eine \u201eCorona-Impfhilfe\u201c ins Leben zu rufen. Ziel sei, so hei\u00dft es im entsprechenden Aufruf des DRK, eine Hotline einzurichten, an die sich impfwillige Menschen des Landkreises B\u00f6blingen wenden k\u00f6nnen, die Unterst\u00fctzung bei der Anmeldung zum Impftermin ben\u00f6tigen. Au\u00dferdem soll eine \u201eTask Force\u201c eingerichtet werden, die bei Bedarf zu den Menschen f\u00e4hrt und vor Ort behilflich ist, die Menschen \u00fcber das Onlineportal f\u00fcr eine Impfung anzumelden. \u201eIch begr\u00fc\u00dfe diese Idee ausdr\u00fccklich und danke dem DRK f\u00fcr dieses tolle Engagement\u201c, so der Landrat.<\/p>\n<p style=\"text-align: justify;\">Das DRK begleitet die Pressemeldung des Landkreises parallel mit einer eigenen Presseerkl\u00e4rung, in der das Angebot im Detail erl\u00e4utert wird.<\/p>\n<hr \/>\n<p style=\"text-align: justify;\">\n","protected":false},"excerpt":{"rendered":"<p>Landrat Roland Bernhard: \u201eIch begr\u00fc\u00dfe den Vorsto\u00df des DRK ausdr\u00fccklich, mithilfe der Ortsverb\u00e4nde vor Ort die Menschen zu unterst\u00fctzen.\u201c Kreis B\u00f6blingen.| Gestern waren die Impftermine f\u00fcr die meisten Kreisimpfzentren im Land freigeschaltet worden, jedoch mit viel zu wenig verf\u00fcgbaren Terminen f\u00fcr all die impfwilligen Menschen in der ersten Personengruppe. Im Landkreis B\u00f6blingen \u00f6ffnet das dortige [&hellip;]<\/p>\n","protected":false},"author":4,"featured_media":0,"comment_status":"closed","ping_status":"open","sticky":false,"template":"","format":"standard","meta":{"inline_featured_image":false,"_exactmetrics_skip_tracking":false,"_exactmetrics_sitenote_active":false,"_exactmetrics_sitenote_note":"","_exactmetrics_sitenote_category":0,"footnotes":""},"categories":[2246],"tags":[3061,14857,4925,5,68,12010],"class_list":{"0":"post-140950","1":"post","2":"type-post","3":"status-publish","4":"format-standard","6":"category-kreis-boeblingen","7":"tag-boblingen","8":"tag-die-webzeitung","9":"tag-impfung","10":"tag-internetzeitung","11":"tag-online-zeitung","12":"tag-termin"},"image_feature":null,"author_name":"Redaktion","pure_taxonomies":{"categories":[{"term_id":2246,"name":"Kreis B\u00f6blingen","slug":"kreis-boeblingen","term_group":0,"term_taxonomy_id":2259,"taxonomy":"category","description":"","parent":171,"count":197,"filter":"raw","image":""}],"tags":[{"term_id":3061,"name":"B\u00f6blingen","slug":"boblingen","term_group":0,"term_taxonomy_id":3075,"taxonomy":"post_tag","description":"","parent":0,"count":260,"filter":"raw","image":""},{"term_id":14857,"name":"Die-Webzeitung","slug":"die-webzeitung","term_group":0,"term_taxonomy_id":14876,"taxonomy":"post_tag","description":"","parent":0,"count":3625,"filter":"raw","image":""},{"term_id":4925,"name":"Impfung","slug":"impfung","term_group":0,"term_taxonomy_id":4942,"taxonomy":"post_tag","description":"","parent":0,"count":11,"filter":"raw","image":""},{"term_id":5,"name":"Internetzeitung","slug":"internetzeitung","term_group":0,"term_taxonomy_id":5,"taxonomy":"post_tag","description":"","parent":0,"count":1461,"filter":"raw","image":""},{"term_id":68,"name":"Online-Zeitung","slug":"online-zeitung","term_group":0,"term_taxonomy_id":69,"taxonomy":"post_tag","description":"","parent":0,"count":3595,"filter":"raw","image":""},{"term_id":12010,"name":"Termin","slug":"termin","term_group":0,"term_taxonomy_id":12048,"taxonomy":"post_tag","description":"","parent":0,"count":3,"filter":"raw","image":""}]},"_links":{"self":[{"href":"https:\/\/die-webzeitung.de\/stuttgart\/wp-json\/wp\/v2\/posts\/140950","targetHints":{"allow":["GET"]}}],"collection":[{"href":"https:\/\/die-webzeitung.de\/stuttgart\/wp-json\/wp\/v2\/posts"}],"about":[{"href":"https:\/\/die-webzeitung.de\/stuttgart\/wp-json\/wp\/v2\/types\/post"}],"author":[{"embeddable":true,"href":"https:\/\/die-webzeitung.de\/stuttgart\/wp-json\/wp\/v2\/users\/4"}],"replies":[{"embeddable":true,"href":"https:\/\/die-webzeitung.de\/stuttgart\/wp-json\/wp\/v2\/comments?post=140950"}],"version-history":[{"count":1,"href":"https:\/\/die-webzeitung.de\/stuttgart\/wp-json\/wp\/v2\/posts\/140950\/revisions"}],"predecessor-version":[{"id":140951,"href":"https:\/\/die-webzeitung.de\/stuttgart\/wp-json\/wp\/v2\/posts\/140950\/revisions\/140951"}],"wp:attachment":[{"href":"https:\/\/die-webzeitung.de\/stuttgart\/wp-json\/wp\/v2\/media?parent=140950"}],"wp:term":[{"taxonomy":"category","embeddable":true,"href":"https:\/\/die-webzeitung.de\/stuttgart\/wp-json\/wp\/v2\/categories?post=140950"},{"taxonomy":"post_tag","embeddable":true,"href":"https:\/\/die-webzeitung.de\/stuttgart\/wp-json\/wp\/v2\/tags?post=140950"}],"curies":[{"name":"wp","href":"https:\/\/api.w.org\/{rel}","templated":true}]}}