{"id":140938,"date":"2021-01-19T16:36:58","date_gmt":"2021-01-19T15:36:58","guid":{"rendered":"https:\/\/die-webzeitung.de\/stuttgart\/2021\/01\/19\/wuestenrot-immobilien-legt-2020-erneut-zu\/"},"modified":"2021-01-19T16:36:58","modified_gmt":"2021-01-19T15:36:58","slug":"wuestenrot-immobilien-legt-2020-erneut-zu","status":"publish","type":"post","link":"https:\/\/die-webzeitung.de\/stuttgart\/2021\/01\/19\/wuestenrot-immobilien-legt-2020-erneut-zu\/","title":{"rendered":"W\u00fcstenrot Immobilien legt 2020 erneut zu"},"content":{"rendered":"<p style=\"text-align: justify;\">Die W\u00fcstenrot Immobilien GmbH (WI) hat im Jahr 2020 bei der Vermittlung von Wohnimmobilien wieder einen Rekordwert erzielt. Mit 663 Millionen Euro (2019: 576 Millionen Euro) wurde das Vorjahr um fast 15 Prozent \u00fcbertroffen. Die Provisionserl\u00f6se legten auf 31,3 Millionen Euro (2019: 27,7 Millionen Euro) zu. F\u00fcr 2021 ist die WI zuversichtlich. Die Gesellschaft ist Teil des Gesch\u00e4ftsfelds Wohnen der W&amp;W-Gruppe und besch\u00e4ftigt bundesweit rund 200 Makler.<\/p>\n<p style=\"text-align: justify;\">Traditionell am st\u00e4rksten trugen zu den Objektwertums\u00e4tzen von 663 Millionen Euro Ein- und Zweifamilienh\u00e4user sowie Eigentumswohnungen bei. In den Provisionserl\u00f6sen von 31,3 Millionen Euro ist ein geringer Anteil aus der Vermittlung von Mietobjekten enthalten. Die Vermittlung von Finanzprodukten (Baufinanzierungen und Bausparvertr\u00e4ge) erreichte mit 196 Millionen Euro (2019: 203 Millionen Euro) trotz der Corona-Pandemie fast das Vorjahresniveau.<\/p>\n<p style=\"text-align: justify;\">Das Ende 2020 in Kraft getretene Gesetz zur Provisionsteilung begr\u00fc\u00dft die WI, denn damit wird die unabh\u00e4ngige und faire Maklerstellung zwischen Verk\u00e4ufer und K\u00e4ufer gest\u00e4rkt. \u201eUnsere Erfahrungen zeigen, dass die \u00f6rtlichen Marktkenntnisse und die neutrale Moderation unserer ausgebildeten Makler bei Verkaufsverhandlungen gefragt sind und von beiden Seiten honoriert werden\u201c, sagt Jochen D\u00f6rner, Gesch\u00e4ftsf\u00fchrer der WI. Erg\u00e4nzend setzt die WI seit Jahren verst\u00e4rkt auf digitale Dienstleistungen, etwa virtuelle Besichtigungen, Online-Immobilienbewertung oder Prozesse zur Unterst\u00fctzung des Kundenservices.<\/p>\n<p style=\"text-align: justify;\">Das Gesch\u00e4ftsjahr 2021 beurteilt die WI vorsichtig optimistisch. D\u00f6rner: \u201eWohnimmobilien stehen weiter hoch im Kurs. Besonders die Schaffung eines zus\u00e4tzlichen Arbeitszimmers zur Nutzung als Home-Office verst\u00e4rkt die Nachfrage nach gr\u00f6\u00dferen Immobilien bei Eigennutzern.\u201c Die WI erwartet zudem, dass die Hypothekenzinsen niedrig bleiben. Differenzierter als in den Vorjahren m\u00fcssen jedoch m\u00f6gliche negative Marktfaktoren wie die Dauer der Corona-Pandemie und die daraus resultierende Entwicklung bei Arbeitspl\u00e4tzen und Einkommen bei der Beurteilung gesehen werden.<\/p>\n<p style=\"text-align: justify;\">2021 wird ein Urteil des Bundesverfassungsgerichts zum Berliner Mietendeckel erwartet, der richtungsweisenden Charakter f\u00fcr private Vermieter hat. Mit rund 15 Millionen Wohnungen sind sie die gr\u00f6\u00dfte Vermietergruppe in Deutschland. Eine bundesweite Ausdehnung des Mietendeckels im Falle einer Best\u00e4tigung h\u00e4tte nach Ansicht der WI nicht nur negative Auswirkungen auf die Mieteinnahmen, sondern auch auf die Bereitschaft, in Instandhaltungs- und Modernisierungsma\u00dfnahmen zu investieren.<\/p>\n<hr \/>\n<p style=\"text-align: justify;\">\n","protected":false},"excerpt":{"rendered":"<p>Die W\u00fcstenrot Immobilien GmbH (WI) hat im Jahr 2020 bei der Vermittlung von Wohnimmobilien wieder einen Rekordwert erzielt. Mit 663 Millionen Euro (2019: 576 Millionen Euro) wurde das Vorjahr um fast 15 Prozent \u00fcbertroffen. Die Provisionserl\u00f6se legten auf 31,3 Millionen Euro (2019: 27,7 Millionen Euro) zu. F\u00fcr 2021 ist die WI zuversichtlich. Die Gesellschaft ist [&hellip;]<\/p>\n","protected":false},"author":4,"featured_media":0,"comment_status":"closed","ping_status":"open","sticky":false,"template":"","format":"standard","meta":{"inline_featured_image":false,"_exactmetrics_skip_tracking":false,"_exactmetrics_sitenote_active":false,"_exactmetrics_sitenote_note":"","_exactmetrics_sitenote_category":0,"footnotes":""},"categories":[479],"tags":[14857,481,5,68,9,19],"class_list":{"0":"post-140938","1":"post","2":"type-post","3":"status-publish","4":"format-standard","6":"category-wirtschaft","7":"tag-die-webzeitung","8":"tag-immobilien","9":"tag-internetzeitung","10":"tag-online-zeitung","11":"tag-schaumedia","12":"tag-wustenrot"},"image_feature":null,"author_name":"Redaktion","pure_taxonomies":{"categories":[{"term_id":479,"name":"Wirtschaft","slug":"wirtschaft","term_group":0,"term_taxonomy_id":1941,"taxonomy":"category","description":"","parent":0,"count":282,"filter":"raw","image":""}],"tags":[{"term_id":14857,"name":"Die-Webzeitung","slug":"die-webzeitung","term_group":0,"term_taxonomy_id":14876,"taxonomy":"post_tag","description":"","parent":0,"count":3625,"filter":"raw","image":""},{"term_id":481,"name":"Immobilien","slug":"immobilien","term_group":0,"term_taxonomy_id":488,"taxonomy":"post_tag","description":"","parent":0,"count":12,"filter":"raw","image":""},{"term_id":5,"name":"Internetzeitung","slug":"internetzeitung","term_group":0,"term_taxonomy_id":5,"taxonomy":"post_tag","description":"","parent":0,"count":1461,"filter":"raw","image":""},{"term_id":68,"name":"Online-Zeitung","slug":"online-zeitung","term_group":0,"term_taxonomy_id":69,"taxonomy":"post_tag","description":"","parent":0,"count":3595,"filter":"raw","image":""},{"term_id":9,"name":"SchauMedia","slug":"schaumedia","term_group":0,"term_taxonomy_id":9,"taxonomy":"post_tag","description":"","parent":0,"count":1607,"filter":"raw","image":""},{"term_id":19,"name":"W\u00fcstenrot","slug":"wustenrot","term_group":0,"term_taxonomy_id":19,"taxonomy":"post_tag","description":"","parent":0,"count":171,"filter":"raw","image":""}]},"_links":{"self":[{"href":"https:\/\/die-webzeitung.de\/stuttgart\/wp-json\/wp\/v2\/posts\/140938","targetHints":{"allow":["GET"]}}],"collection":[{"href":"https:\/\/die-webzeitung.de\/stuttgart\/wp-json\/wp\/v2\/posts"}],"about":[{"href":"https:\/\/die-webzeitung.de\/stuttgart\/wp-json\/wp\/v2\/types\/post"}],"author":[{"embeddable":true,"href":"https:\/\/die-webzeitung.de\/stuttgart\/wp-json\/wp\/v2\/users\/4"}],"replies":[{"embeddable":true,"href":"https:\/\/die-webzeitung.de\/stuttgart\/wp-json\/wp\/v2\/comments?post=140938"}],"version-history":[{"count":0,"href":"https:\/\/die-webzeitung.de\/stuttgart\/wp-json\/wp\/v2\/posts\/140938\/revisions"}],"wp:attachment":[{"href":"https:\/\/die-webzeitung.de\/stuttgart\/wp-json\/wp\/v2\/media?parent=140938"}],"wp:term":[{"taxonomy":"category","embeddable":true,"href":"https:\/\/die-webzeitung.de\/stuttgart\/wp-json\/wp\/v2\/categories?post=140938"},{"taxonomy":"post_tag","embeddable":true,"href":"https:\/\/die-webzeitung.de\/stuttgart\/wp-json\/wp\/v2\/tags?post=140938"}],"curies":[{"name":"wp","href":"https:\/\/api.w.org\/{rel}","templated":true}]}}