{"id":140907,"date":"2021-01-16T12:20:27","date_gmt":"2021-01-16T11:20:27","guid":{"rendered":"https:\/\/die-webzeitung.de\/stuttgart\/2021\/01\/16\/handwerk-bietet-auch-in-schwierigen-zeiten-perspektiven\/"},"modified":"2021-01-16T12:20:27","modified_gmt":"2021-01-16T11:20:27","slug":"handwerk-bietet-auch-in-schwierigen-zeiten-perspektiven","status":"publish","type":"post","link":"https:\/\/die-webzeitung.de\/stuttgart\/2021\/01\/16\/handwerk-bietet-auch-in-schwierigen-zeiten-perspektiven\/","title":{"rendered":"Handwerk bietet auch in schwierigen Zeiten Perspektiven"},"content":{"rendered":"<h5 style=\"text-align: justify;\"><strong>Trotz Pandemie ist Ausbildungsengagement nur leicht r\u00fcckl\u00e4ufig<\/strong><\/h5>\n<p style=\"text-align: justify;\">Handwerksberufe sind f\u00fcr Schulabg\u00e4nger nach wie vor sehr attraktiv. 4202 junge Menschen haben im vergangenen Corona-Jahr in der Region Stuttgart eine Berufsausbildung in einem der 130 Berufe des Handwerks begonnen. Das Minus zum Vorjahr liegt bei 3,3 Prozent, das sind 143 Lehrlinge weniger. \u201eDie Betriebe haben nach gro\u00dfen Problemen im Fr\u00fchjahr die Aufholjagd im Sommer begonnen und stark aufgeholt\u201c, betont Thomas Hoefling, Hauptgesch\u00e4ftsf\u00fchrer der Handwerkskammer Region Stuttgart. Im Mai lag das Minus bei den neu abgeschlossenen Ausbildungsvertr\u00e4gen noch bei 14,9 Prozent.<\/p>\n<p style=\"text-align: justify;\">Selbst die von der Krise besonders betroffenen Friseurbetriebe haben in 2020 trotz verordneten Betriebsschlie\u00dfungen und einer unsicheren Gesch\u00e4ftsentwicklung weiter stark in ihren Nachwuchs investiert. 363 neue Azubis begannen in einem Salon ihre Ausbildung. Im Jahr 2019 waren es 380. Kammerchef Hoefling wertet dieses Engagement als Zeichen daf\u00fcr, dass auf das Handwerk auch in Krisenzeiten Verlass ist und Schulabg\u00e4nger selbst in schwierigen Zeiten willkommen sind. \u201eJeder ausbildungswillige und ausbildungsf\u00e4hige Jugendliche kann noch einen Ausbildungsplatz bekommen.\u201c Das Handwerk freue sich jederzeit \u00fcber neue Auszubildende, auch au\u00dferhalb des regul\u00e4ren Starts.<\/p>\n<p style=\"text-align: justify;\">Die Entwicklung zeige deutlich, so Hoefling, dass die Anstrengungen des Handwerks zunehmend Fr\u00fcchte tragen, die Gleichwertigkeit von beruflichen und akademischen Ausbildungen zu verdeutlichen und sie im europ\u00e4ischen Qualifikationsrahmen zu verankern. \u201eDieses Engagement wird von der Gesellschaft zunehmend anerkannt und kommt den Betrieben bei ihrer Suche nach qualifizierten, ausbildungsreifen Nachwuchskr\u00e4ften zugute.\u201c In dem Zusammenhang bezeichnete der Kammerchef die neu eingef\u00fchrte staatliche Ausbildungspr\u00e4mie als wichtiges Signal an die Unternehmer, weiterhin in die Ausbildung zu investieren, \u201edenn wenn wir die Jugendlichen heute nicht ausbilden, fehlen sie uns in drei Jahren als Fachkr\u00e4fte.\u201c Insgesamt habe sich das Handwerk in 2020 als ein relativ stabiler Wirtschaftsbereich erwiesen.<\/p>\n<p style=\"text-align: justify;\">Als gro\u00dfe aber nicht unl\u00f6sbare Aufgabe sieht Hoefling die Berufsorientierung der Schulabg\u00e4nger in Pandemiezeiten. Weil Berufsmessen, Praktika oder Vortr\u00e4ge an Schulen in der Vergangenheit ausgefallen seien, konnte durch eine gro\u00dfe Bandbreite an digitalen Angeboten viel aufgefangen werden. \u201eBeispielsweise waren unsere Web-Seminare stets ausgebucht, weil sich Jugendliche mit dem Medium Internet leichttun.\u201c Die Vielfalt an Online-Infos der Handwerksorganisationen werde sich im laufenden Jahr fortsetzen, um die Chancen einer dualen Ausbildung ins richtige Licht zu r\u00fccken.<\/p>\n<p style=\"text-align: justify;\">Insgesamt befinden sich im Handwerk der Region Stuttgart zum Jahreswechsel \u00fcber alle drei Ausbildungsjahre 10.762 jungen Menschen in einer beruflichen Ausbildung. Besonders erfreulich sei, dass sich wie schon in den Jahren zuvor Abiturienten und Sch\u00fcler mit Fachhochschulreife immer st\u00e4rker f\u00fcr eine handwerkliche Ausbildung interessieren. Die Zunahme der Berufsanf\u00e4nger mit h\u00f6herer Schulbildung auf nun 718 liegt bei 3,9 Prozent.<\/p>\n<p style=\"text-align: justify;\">R\u00fcckl\u00e4ufig ist der Anteil der weiblichen Azubis. 2020 lag er bei einem Minus von 6,1 Prozent. Ma\u00dfnahmen wie der GirlsDay und eine Kommunikationskampagne sollen im laufenden Jahr die Akzeptanz von Handwerksberufen bei Schulabg\u00e4ngerinnen merklich erh\u00f6hen. Zu den beliebtesten Ausbildungsberufen der Branche z\u00e4hlten im vergangenen Jahr der Kraftfahrzeugmechatroniker (582 Azubis), gefolgt vom Anlagenmechaniker f\u00fcr Sanit\u00e4r-, Heizungs- und Klimatechnik (415) und dem Elektroniker (400). Die Berufe Friseur, Maler und Lackierer und der Schreiner folgen auf den nachfolgenden Pl\u00e4tzen. Die Top-Ten der \u201eModeberufe\u201c machen fast 64 Prozent aller neuen Ausbildungsstellen aus.<\/p>\n<hr \/>\n<p style=\"text-align: justify;\">\n","protected":false},"excerpt":{"rendered":"<p>Trotz Pandemie ist Ausbildungsengagement nur leicht r\u00fcckl\u00e4ufig Handwerksberufe sind f\u00fcr Schulabg\u00e4nger nach wie vor sehr attraktiv. 4202 junge Menschen haben im vergangenen Corona-Jahr in der Region Stuttgart eine Berufsausbildung in einem der 130 Berufe des Handwerks begonnen. Das Minus zum Vorjahr liegt bei 3,3 Prozent, das sind 143 Lehrlinge weniger. \u201eDie Betriebe haben nach gro\u00dfen [&hellip;]<\/p>\n","protected":false},"author":4,"featured_media":0,"comment_status":"closed","ping_status":"open","sticky":false,"template":"","format":"standard","meta":{"inline_featured_image":false,"_exactmetrics_skip_tracking":false,"_exactmetrics_sitenote_active":false,"_exactmetrics_sitenote_note":"","_exactmetrics_sitenote_category":0,"footnotes":""},"categories":[479],"tags":[1848,16573,14857,1116,5,9470,68,16891,9],"class_list":{"0":"post-140907","1":"post","2":"type-post","3":"status-publish","4":"format-standard","6":"category-wirtschaft","7":"tag-ausbildung","8":"tag-corona","9":"tag-die-webzeitung","10":"tag-handwerk","11":"tag-internetzeitung","12":"tag-lehre","13":"tag-online-zeitung","14":"tag-pandaemie","15":"tag-schaumedia"},"image_feature":null,"author_name":"Redaktion","pure_taxonomies":{"categories":[{"term_id":479,"name":"Wirtschaft","slug":"wirtschaft","term_group":0,"term_taxonomy_id":1941,"taxonomy":"category","description":"","parent":0,"count":282,"filter":"raw","image":""}],"tags":[{"term_id":1848,"name":"Ausbildung","slug":"ausbildung","term_group":0,"term_taxonomy_id":1857,"taxonomy":"post_tag","description":"","parent":0,"count":11,"filter":"raw","image":""},{"term_id":16573,"name":"Corona","slug":"corona","term_group":0,"term_taxonomy_id":16592,"taxonomy":"post_tag","description":"","parent":0,"count":81,"filter":"raw","image":""},{"term_id":14857,"name":"Die-Webzeitung","slug":"die-webzeitung","term_group":0,"term_taxonomy_id":14876,"taxonomy":"post_tag","description":"","parent":0,"count":3625,"filter":"raw","image":""},{"term_id":1116,"name":"Handwerk","slug":"handwerk","term_group":0,"term_taxonomy_id":1125,"taxonomy":"post_tag","description":"","parent":0,"count":9,"filter":"raw","image":""},{"term_id":5,"name":"Internetzeitung","slug":"internetzeitung","term_group":0,"term_taxonomy_id":5,"taxonomy":"post_tag","description":"","parent":0,"count":1461,"filter":"raw","image":""},{"term_id":9470,"name":"Lehre","slug":"lehre","term_group":0,"term_taxonomy_id":9500,"taxonomy":"post_tag","description":"","parent":0,"count":1,"filter":"raw","image":""},{"term_id":68,"name":"Online-Zeitung","slug":"online-zeitung","term_group":0,"term_taxonomy_id":69,"taxonomy":"post_tag","description":"","parent":0,"count":3595,"filter":"raw","image":""},{"term_id":16891,"name":"Pand\u00e4mie","slug":"pandaemie","term_group":0,"term_taxonomy_id":16910,"taxonomy":"post_tag","description":"","parent":0,"count":2,"filter":"raw","image":""},{"term_id":9,"name":"SchauMedia","slug":"schaumedia","term_group":0,"term_taxonomy_id":9,"taxonomy":"post_tag","description":"","parent":0,"count":1607,"filter":"raw","image":""}]},"_links":{"self":[{"href":"https:\/\/die-webzeitung.de\/stuttgart\/wp-json\/wp\/v2\/posts\/140907","targetHints":{"allow":["GET"]}}],"collection":[{"href":"https:\/\/die-webzeitung.de\/stuttgart\/wp-json\/wp\/v2\/posts"}],"about":[{"href":"https:\/\/die-webzeitung.de\/stuttgart\/wp-json\/wp\/v2\/types\/post"}],"author":[{"embeddable":true,"href":"https:\/\/die-webzeitung.de\/stuttgart\/wp-json\/wp\/v2\/users\/4"}],"replies":[{"embeddable":true,"href":"https:\/\/die-webzeitung.de\/stuttgart\/wp-json\/wp\/v2\/comments?post=140907"}],"version-history":[{"count":0,"href":"https:\/\/die-webzeitung.de\/stuttgart\/wp-json\/wp\/v2\/posts\/140907\/revisions"}],"wp:attachment":[{"href":"https:\/\/die-webzeitung.de\/stuttgart\/wp-json\/wp\/v2\/media?parent=140907"}],"wp:term":[{"taxonomy":"category","embeddable":true,"href":"https:\/\/die-webzeitung.de\/stuttgart\/wp-json\/wp\/v2\/categories?post=140907"},{"taxonomy":"post_tag","embeddable":true,"href":"https:\/\/die-webzeitung.de\/stuttgart\/wp-json\/wp\/v2\/tags?post=140907"}],"curies":[{"name":"wp","href":"https:\/\/api.w.org\/{rel}","templated":true}]}}