{"id":140884,"date":"2021-01-11T14:12:25","date_gmt":"2021-01-11T13:12:25","guid":{"rendered":"https:\/\/die-webzeitung.de\/stuttgart\/2021\/01\/11\/hauskaeufer-sollten-auf-ausreichenden-versicherungsschutz-achten\/"},"modified":"2021-01-11T14:12:25","modified_gmt":"2021-01-11T13:12:25","slug":"hauskaeufer-sollten-auf-ausreichenden-versicherungsschutz-achten","status":"publish","type":"post","link":"https:\/\/die-webzeitung.de\/stuttgart\/2021\/01\/11\/hauskaeufer-sollten-auf-ausreichenden-versicherungsschutz-achten\/","title":{"rendered":"Hausk\u00e4ufer sollten auf ausreichenden Versicherungsschutz achten"},"content":{"rendered":"<p style=\"text-align: justify;\"><strong>K\u00e4ufer einer Immobilie sollten sich \u00fcber die bestehende Geb\u00e4udeversicherung informieren und sich gegebenenfalls selbst um eine ausreichende Versicherung k\u00fcmmern. Andernfalls riskieren sie, dass sie auf einem versicherbaren Schaden sitzen bleiben. Die W\u00fcstenrot Immobilien GmbH, ein Unternehmen der W&amp;W-Gruppe, weist auf ein Urteil des Bundesgerichtshofs (V ZR 61\/19) hin.<\/strong><\/p>\n<p style=\"text-align: justify;\">Im entschiedenen Fall informierten die Verk\u00e4ufer eines Wohnhauses den K\u00e4ufer nicht dar\u00fcber, dass die Geb\u00e4udeversicherung nach Abschluss des notariellen Kaufvertrags gek\u00fcndigt wurde. Nach \u00dcbergabe des Hauses wurde das Haus durch ein Unwetter besch\u00e4digt, was den K\u00e4ufer rund 38.000 Euro kostete. Er verklagte den Verk\u00e4ufer, ihm die Reparaturkosten zu ersetzen, da dieser es vers\u00e4umt habe, ihn \u00fcber die erloschene Geb\u00e4udeversicherung zu informieren. Damit kam er jedoch vor Gericht nicht durch.<\/p>\n<p style=\"text-align: justify;\">Laut dem Urteil muss der Verk\u00e4ufer einer Immobilie den K\u00e4ufer nicht ungefragt dar\u00fcber informieren, dass eine Geb\u00e4udeversicherung nicht besteht oder nach dem Verkauf erloschen ist. Vielmehr k\u00f6nne er zun\u00e4chst einmal davon ausgehen, dass sich der K\u00e4ufer selbst um den erforderlichen Versicherungsschutz k\u00fcmmert. Erkundigt sich dagegen der K\u00e4ufer nach der Versicherung, muss der Verk\u00e4ufer ihn auch \u00fcber eine eventuelle K\u00fcndigung vor der \u00dcbergabe informieren. Au\u00dferdem m\u00fcsse dem Versicherer angezeigt werden, dass die Immobilie ver\u00e4u\u00dfert wurde. Andernfalls k\u00f6nne der Versicherer die Regulierung eines Schadens unter Umst\u00e4nden verweigern.<\/p>\n<hr \/>\n<p style=\"text-align: justify;\">\n","protected":false},"excerpt":{"rendered":"<p>K\u00e4ufer einer Immobilie sollten sich \u00fcber die bestehende Geb\u00e4udeversicherung informieren und sich gegebenenfalls selbst um eine ausreichende Versicherung k\u00fcmmern. Andernfalls riskieren sie, dass sie auf einem versicherbaren Schaden sitzen bleiben. Die W\u00fcstenrot Immobilien GmbH, ein Unternehmen der W&amp;W-Gruppe, weist auf ein Urteil des Bundesgerichtshofs (V ZR 61\/19) hin. Im entschiedenen Fall informierten die Verk\u00e4ufer eines [&hellip;]<\/p>\n","protected":false},"author":4,"featured_media":0,"comment_status":"closed","ping_status":"open","sticky":false,"template":"","format":"standard","meta":{"inline_featured_image":false,"_exactmetrics_skip_tracking":false,"_exactmetrics_sitenote_active":false,"_exactmetrics_sitenote_note":"","_exactmetrics_sitenote_category":0,"footnotes":""},"categories":[2237],"tags":[14857,38,12766,68,9,16890,19],"class_list":{"0":"post-140884","1":"post","2":"type-post","3":"status-publish","4":"format-standard","6":"category-ratgeber-leben","7":"tag-die-webzeitung","8":"tag-haus","9":"tag-kaeufer","10":"tag-online-zeitung","11":"tag-schaumedia","12":"tag-versicherungsschutz","13":"tag-wustenrot"},"image_feature":null,"author_name":"Redaktion","pure_taxonomies":{"categories":[{"term_id":2237,"name":"Ratgeber","slug":"ratgeber-leben","term_group":0,"term_taxonomy_id":2250,"taxonomy":"category","description":"","parent":482,"count":380,"filter":"raw","image":""}],"tags":[{"term_id":14857,"name":"Die-Webzeitung","slug":"die-webzeitung","term_group":0,"term_taxonomy_id":14876,"taxonomy":"post_tag","description":"","parent":0,"count":3625,"filter":"raw","image":""},{"term_id":38,"name":"Haus","slug":"haus","term_group":0,"term_taxonomy_id":38,"taxonomy":"post_tag","description":"","parent":0,"count":11,"filter":"raw","image":""},{"term_id":12766,"name":"K\u00e4ufer","slug":"kaeufer","term_group":0,"term_taxonomy_id":12807,"taxonomy":"post_tag","description":"","parent":0,"count":1,"filter":"raw","image":""},{"term_id":68,"name":"Online-Zeitung","slug":"online-zeitung","term_group":0,"term_taxonomy_id":69,"taxonomy":"post_tag","description":"","parent":0,"count":3595,"filter":"raw","image":""},{"term_id":9,"name":"SchauMedia","slug":"schaumedia","term_group":0,"term_taxonomy_id":9,"taxonomy":"post_tag","description":"","parent":0,"count":1607,"filter":"raw","image":""},{"term_id":16890,"name":"Versicherungsschutz","slug":"versicherungsschutz","term_group":0,"term_taxonomy_id":16909,"taxonomy":"post_tag","description":"","parent":0,"count":1,"filter":"raw","image":""},{"term_id":19,"name":"W\u00fcstenrot","slug":"wustenrot","term_group":0,"term_taxonomy_id":19,"taxonomy":"post_tag","description":"","parent":0,"count":171,"filter":"raw","image":""}]},"_links":{"self":[{"href":"https:\/\/die-webzeitung.de\/stuttgart\/wp-json\/wp\/v2\/posts\/140884","targetHints":{"allow":["GET"]}}],"collection":[{"href":"https:\/\/die-webzeitung.de\/stuttgart\/wp-json\/wp\/v2\/posts"}],"about":[{"href":"https:\/\/die-webzeitung.de\/stuttgart\/wp-json\/wp\/v2\/types\/post"}],"author":[{"embeddable":true,"href":"https:\/\/die-webzeitung.de\/stuttgart\/wp-json\/wp\/v2\/users\/4"}],"replies":[{"embeddable":true,"href":"https:\/\/die-webzeitung.de\/stuttgart\/wp-json\/wp\/v2\/comments?post=140884"}],"version-history":[{"count":0,"href":"https:\/\/die-webzeitung.de\/stuttgart\/wp-json\/wp\/v2\/posts\/140884\/revisions"}],"wp:attachment":[{"href":"https:\/\/die-webzeitung.de\/stuttgart\/wp-json\/wp\/v2\/media?parent=140884"}],"wp:term":[{"taxonomy":"category","embeddable":true,"href":"https:\/\/die-webzeitung.de\/stuttgart\/wp-json\/wp\/v2\/categories?post=140884"},{"taxonomy":"post_tag","embeddable":true,"href":"https:\/\/die-webzeitung.de\/stuttgart\/wp-json\/wp\/v2\/tags?post=140884"}],"curies":[{"name":"wp","href":"https:\/\/api.w.org\/{rel}","templated":true}]}}