{"id":140848,"date":"2021-01-05T17:14:50","date_gmt":"2021-01-05T16:14:50","guid":{"rendered":"https:\/\/die-webzeitung.de\/stuttgart\/?p=140848"},"modified":"2021-01-05T17:14:50","modified_gmt":"2021-01-05T16:14:50","slug":"landratsamt-esslingen-ab-dem-11-januar-wieder-offen","status":"publish","type":"post","link":"https:\/\/die-webzeitung.de\/stuttgart\/2021\/01\/05\/landratsamt-esslingen-ab-dem-11-januar-wieder-offen\/","title":{"rendered":"Landratsamt Esslingen ab dem 11. Januar wieder offen"},"content":{"rendered":"<h5 style=\"text-align: justify;\"><strong>Terminvereinbarung notwendig<\/strong><\/h5>\n<p style=\"text-align: justify;\">\nKreis Esslingen.| Ab dem 11. Januar sind das Landratsamt Esslingen und seine Dienststellen &#8211; nach vorheriger Terminvereinbarung &#8211; f\u00fcr die B\u00fcrgerinnen und B\u00fcrger wieder ge\u00f6ffnet.<\/p>\n<p style=\"text-align: justify;\">Ohne Terminvereinbarung ist ein Besuch des Landratsamts lediglich f\u00fcr Kunden aller Zulassungsstellen zu den \u00fcblichen \u00d6ffnungszeiten m\u00f6glich. Ebenfalls ohne Terminvereinbarung ist das Amt f\u00fcr Fl\u00fcchtlingshilfe, montags bis freitags von 9 bis 12 Uhr in Kirchheim u.T. erreichbar.<\/p>\n<p style=\"text-align: justify;\">Nur telefonisch erreichbar sind das Amt f\u00fcr Soziale Dienste und die Psychologischen Beratungsstellen:<\/p>\n<p style=\"text-align: justify;\">Soziale Dienste<br \/>\nMontag \u2013 Freitag 08:00 &#8211; 12:00 Uhr<br \/>\nMontag \u2013 Mittwoch 13:30 &#8211; 15:00 Uhr<br \/>\nDonnerstag 13:30 &#8211; 18:00 Uhr f\u00fcr die Region:<br \/>\nEsslingen: 0711\/3902-48340<br \/>\nFilderstadt: 0711\/3902-42980<br \/>\nLeinfelden-Echterdingen: 0711\/3902-43425<br \/>\nOstfildern: 0711\/3902-48023<br \/>\nKirchheim-Umland: 0711\/3902-42963<br \/>\nKirchheim-Stadt: 07021\/502 343\u2028Plochingen 0711\/3902-42923<br \/>\nN\u00fcrtingen: 0711\/3902-42870<\/p>\n<p style=\"text-align: justify;\">Psychologische Beratungsstellen<br \/>\nMontag \u2013 Freitag 09:00 &#8211; 12:00 Uhr<br \/>\nMontag \u2013 Mittwoch 13:30 &#8211; 16:00 Uhr<br \/>\nDonnerstag 13:30 &#8211; 18:00 Uhr<br \/>\nEsslingen 0711\/3902-42671<br \/>\nN\u00fcrtingen 0711 3902-42828<br \/>\nBei Bedarf k\u00f6nnen pers\u00f6nliche Gespr\u00e4chstermine vereinbart werden.<\/p>\n<p style=\"text-align: justify;\">Aufgrund des nach wie vor hohen Infektionsgeschehens werden die Mitarbeiter des Landratsamts im Schichtbetrieb t\u00e4tig sein, das hei\u00dft, im Wechsel von Pr\u00e4senz und Homeoffice. Die Mitarbeiter sind dabei telefonisch, schriftlich oder per E-Mail erreichbar \u2013 auch f\u00fcr eine Terminvereinbarung.<\/p>\n<p>F\u00fcr die Zulassungsstelle am Standort Esslingen gibt es einen separaten Eingang auf der Neckarseite des Geb\u00e4udes, Pulverwiesen 11.<br \/>\nDer Zugang zu allen Dienstgeb\u00e4uden ist nur mit Mund- und Nasenschutz gestattet.<br \/>\nWeitere Informationen erhalten Sie unter <a href=\"http:\/\/www.landkreis-esslingen.de\" target=\"_blank\" rel=\"noopener noreferrer\">www.landkreis-esslingen.de<\/a><\/p>\n<hr \/>\n<p style=\"text-align: justify;\">\n","protected":false},"excerpt":{"rendered":"<p>Terminvereinbarung notwendig Kreis Esslingen.| Ab dem 11. Januar sind das Landratsamt Esslingen und seine Dienststellen &#8211; nach vorheriger Terminvereinbarung &#8211; f\u00fcr die B\u00fcrgerinnen und B\u00fcrger wieder ge\u00f6ffnet. Ohne Terminvereinbarung ist ein Besuch des Landratsamts lediglich f\u00fcr Kunden aller Zulassungsstellen zu den \u00fcblichen \u00d6ffnungszeiten m\u00f6glich. Ebenfalls ohne Terminvereinbarung ist das Amt f\u00fcr Fl\u00fcchtlingshilfe, montags bis freitags [&hellip;]<\/p>\n","protected":false},"author":4,"featured_media":0,"comment_status":"closed","ping_status":"open","sticky":false,"template":"","format":"standard","meta":{"inline_featured_image":false,"_exactmetrics_skip_tracking":false,"_exactmetrics_sitenote_active":false,"_exactmetrics_sitenote_note":"","_exactmetrics_sitenote_category":0,"footnotes":""},"categories":[59,2247],"tags":[14857,14440,5,15022,68,9],"class_list":{"0":"post-140848","1":"post","2":"type-post","3":"status-publish","4":"format-standard","6":"category-aktuell","7":"category-kreis-esslingen","8":"tag-die-webzeitung","9":"tag-esslingen","10":"tag-internetzeitung","11":"tag-landratsamt","12":"tag-online-zeitung","13":"tag-schaumedia"},"image_feature":null,"author_name":"Redaktion","pure_taxonomies":{"categories":[{"term_id":59,"name":"Aktuell","slug":"aktuell","term_group":0,"term_taxonomy_id":60,"taxonomy":"category","description":"","parent":0,"count":1017,"filter":"raw","image":""},{"term_id":2247,"name":"Kreis Esslingen","slug":"kreis-esslingen","term_group":0,"term_taxonomy_id":2260,"taxonomy":"category","description":"Informationen aus dem Landkreis Esslingen","parent":171,"count":214,"filter":"raw","image":""}],"tags":[{"term_id":14857,"name":"Die-Webzeitung","slug":"die-webzeitung","term_group":0,"term_taxonomy_id":14876,"taxonomy":"post_tag","description":"","parent":0,"count":3625,"filter":"raw","image":""},{"term_id":14440,"name":"Esslingen","slug":"esslingen","term_group":0,"term_taxonomy_id":3885,"taxonomy":"post_tag","description":"","parent":0,"count":202,"filter":"raw","image":""},{"term_id":5,"name":"Internetzeitung","slug":"internetzeitung","term_group":0,"term_taxonomy_id":5,"taxonomy":"post_tag","description":"","parent":0,"count":1461,"filter":"raw","image":""},{"term_id":15022,"name":"Landratsamt","slug":"landratsamt","term_group":0,"term_taxonomy_id":15041,"taxonomy":"post_tag","description":"","parent":0,"count":11,"filter":"raw","image":""},{"term_id":68,"name":"Online-Zeitung","slug":"online-zeitung","term_group":0,"term_taxonomy_id":69,"taxonomy":"post_tag","description":"","parent":0,"count":3595,"filter":"raw","image":""},{"term_id":9,"name":"SchauMedia","slug":"schaumedia","term_group":0,"term_taxonomy_id":9,"taxonomy":"post_tag","description":"","parent":0,"count":1607,"filter":"raw","image":""}]},"_links":{"self":[{"href":"https:\/\/die-webzeitung.de\/stuttgart\/wp-json\/wp\/v2\/posts\/140848","targetHints":{"allow":["GET"]}}],"collection":[{"href":"https:\/\/die-webzeitung.de\/stuttgart\/wp-json\/wp\/v2\/posts"}],"about":[{"href":"https:\/\/die-webzeitung.de\/stuttgart\/wp-json\/wp\/v2\/types\/post"}],"author":[{"embeddable":true,"href":"https:\/\/die-webzeitung.de\/stuttgart\/wp-json\/wp\/v2\/users\/4"}],"replies":[{"embeddable":true,"href":"https:\/\/die-webzeitung.de\/stuttgart\/wp-json\/wp\/v2\/comments?post=140848"}],"version-history":[{"count":1,"href":"https:\/\/die-webzeitung.de\/stuttgart\/wp-json\/wp\/v2\/posts\/140848\/revisions"}],"predecessor-version":[{"id":140849,"href":"https:\/\/die-webzeitung.de\/stuttgart\/wp-json\/wp\/v2\/posts\/140848\/revisions\/140849"}],"wp:attachment":[{"href":"https:\/\/die-webzeitung.de\/stuttgart\/wp-json\/wp\/v2\/media?parent=140848"}],"wp:term":[{"taxonomy":"category","embeddable":true,"href":"https:\/\/die-webzeitung.de\/stuttgart\/wp-json\/wp\/v2\/categories?post=140848"},{"taxonomy":"post_tag","embeddable":true,"href":"https:\/\/die-webzeitung.de\/stuttgart\/wp-json\/wp\/v2\/tags?post=140848"}],"curies":[{"name":"wp","href":"https:\/\/api.w.org\/{rel}","templated":true}]}}