{"id":140845,"date":"2021-01-05T17:04:46","date_gmt":"2021-01-05T16:04:46","guid":{"rendered":"https:\/\/die-webzeitung.de\/stuttgart\/?p=140845"},"modified":"2021-01-05T17:04:46","modified_gmt":"2021-01-05T16:04:46","slug":"schlag-gegen-internationalen-drogenschmuggel","status":"publish","type":"post","link":"https:\/\/die-webzeitung.de\/stuttgart\/2021\/01\/05\/schlag-gegen-internationalen-drogenschmuggel\/","title":{"rendered":"Schlag gegen internationalen Drogenschmuggel"},"content":{"rendered":"<p style=\"text-align: justify;\"><strong>Ermittler der GER stellen rund acht Kilogramm Kokain sicher<\/strong><\/p>\n<p style=\"text-align: justify;\">Stuttgart.| Der Staatsanwaltschaft Stuttgart und den Ermittlern der Gemeinsamen Ermittlungsgruppe Rauschgift Stuttgart gelang ein empfindlicher Schlag gegen die organisierte Rauschgiftkriminalit\u00e4t.<\/p>\n<p style=\"text-align: justify;\">Als Ergebnis der Ermittlungen konnte ein aus Moldawien stammender Drogenkurier widerstandslos festgenommen werden. Am 23. Dezember 2020 hatte sich der 38-j\u00e4hrige Mann auf einem Parkplatz in Stuttgart-M\u00fchlhausen aufgehalten, um ein Rauschgiftgesch\u00e4ft abzuwickeln. Dort erfolgte dann die Festnahme durch Spezialkr\u00e4fte. Der Kurier hatte das Rauschgift &#8211; etwa 8 Kilogramm Kokain &#8211; in seinem Fahrzeug aus den Niederlanden nach Deutschland geschmuggelt. Das sichergestellte Kokain hat einen gesch\u00e4tzten Stra\u00dfenverkaufswert von ca. 600.000 Euro.<\/p>\n<p style=\"text-align: justify;\">Die Ermittlungen dauern an. Weitergehende Ausk\u00fcnfte k\u00f6nnen zum jetzigen Zeitpunkt nicht erteilt werden.<\/p>\n<p style=\"text-align: justify;\">In Baden-W\u00fcrttemberg gibt es in Karlsruhe und Stuttgart spezielle Ermittlungseinheiten zur Bek\u00e4mpfung der organisierten, schweren sowie grenz\u00fcberschreitenden Rauschgiftkriminalit\u00e4t. Die Einheiten bestehen parit\u00e4tisch aus Zollbeamtinnen und Zollbeamten des Zollfahndungsamtes Stuttgart sowie Polizeibeamtinnen und Polizeibeamten des Landeskriminalamtes Baden-W\u00fcrttemberg. Durch die Zusammenlegung der beiden Verwaltungen wird die Ermittlungsarbeit geb\u00fcndelt und verst\u00e4rkt.<\/p>\n<hr \/>\n<p style=\"text-align: justify;\">\n","protected":false},"excerpt":{"rendered":"<p>Ermittler der GER stellen rund acht Kilogramm Kokain sicher Stuttgart.| Der Staatsanwaltschaft Stuttgart und den Ermittlern der Gemeinsamen Ermittlungsgruppe Rauschgift Stuttgart gelang ein empfindlicher Schlag gegen die organisierte Rauschgiftkriminalit\u00e4t. Als Ergebnis der Ermittlungen konnte ein aus Moldawien stammender Drogenkurier widerstandslos festgenommen werden. Am 23. Dezember 2020 hatte sich der 38-j\u00e4hrige Mann auf einem Parkplatz in [&hellip;]<\/p>\n","protected":false},"author":4,"featured_media":140846,"comment_status":"closed","ping_status":"open","sticky":false,"template":"","format":"standard","meta":{"inline_featured_image":false,"_exactmetrics_skip_tracking":false,"_exactmetrics_sitenote_active":false,"_exactmetrics_sitenote_note":"","_exactmetrics_sitenote_category":0,"footnotes":""},"categories":[59,2239],"tags":[14857,408,16885,5,16073,16886,16887,68,9,275],"class_list":{"0":"post-140845","1":"post","2":"type-post","3":"status-publish","4":"format-standard","5":"has-post-thumbnail","7":"category-aktuell","8":"category-stuttgart-lokal","9":"tag-die-webzeitung","10":"tag-drogen","11":"tag-ger","12":"tag-internetzeitung","13":"tag-kokain","14":"tag-kripo","15":"tag-kurier","16":"tag-online-zeitung","17":"tag-schaumedia","18":"tag-stuttgart"},"image_feature":"https:\/\/die-webzeitung.de\/stuttgart\/wp-content\/uploads\/sites\/4\/2021\/01\/drugs-908533_1920.jpg","author_name":"Redaktion","pure_taxonomies":{"categories":[{"term_id":59,"name":"Aktuell","slug":"aktuell","term_group":0,"term_taxonomy_id":60,"taxonomy":"category","description":"","parent":0,"count":1017,"filter":"raw","image":""},{"term_id":2239,"name":"Stuttgart","slug":"stuttgart-lokal","term_group":0,"term_taxonomy_id":2252,"taxonomy":"category","description":"Berichte und Informationen aus Stuttgart","parent":1433,"count":942,"filter":"raw","image":""}],"tags":[{"term_id":14857,"name":"Die-Webzeitung","slug":"die-webzeitung","term_group":0,"term_taxonomy_id":14876,"taxonomy":"post_tag","description":"","parent":0,"count":3625,"filter":"raw","image":""},{"term_id":408,"name":"Drogen","slug":"drogen","term_group":0,"term_taxonomy_id":415,"taxonomy":"post_tag","description":"","parent":0,"count":1,"filter":"raw","image":""},{"term_id":16885,"name":"GER","slug":"ger","term_group":0,"term_taxonomy_id":16904,"taxonomy":"post_tag","description":"","parent":0,"count":1,"filter":"raw","image":""},{"term_id":5,"name":"Internetzeitung","slug":"internetzeitung","term_group":0,"term_taxonomy_id":5,"taxonomy":"post_tag","description":"","parent":0,"count":1461,"filter":"raw","image":""},{"term_id":16073,"name":"Kokain","slug":"kokain","term_group":0,"term_taxonomy_id":16092,"taxonomy":"post_tag","description":"","parent":0,"count":3,"filter":"raw","image":""},{"term_id":16886,"name":"Kripo","slug":"kripo","term_group":0,"term_taxonomy_id":16905,"taxonomy":"post_tag","description":"","parent":0,"count":1,"filter":"raw","image":""},{"term_id":16887,"name":"Kurier","slug":"kurier","term_group":0,"term_taxonomy_id":16906,"taxonomy":"post_tag","description":"","parent":0,"count":1,"filter":"raw","image":""},{"term_id":68,"name":"Online-Zeitung","slug":"online-zeitung","term_group":0,"term_taxonomy_id":69,"taxonomy":"post_tag","description":"","parent":0,"count":3595,"filter":"raw","image":""},{"term_id":9,"name":"SchauMedia","slug":"schaumedia","term_group":0,"term_taxonomy_id":9,"taxonomy":"post_tag","description":"","parent":0,"count":1607,"filter":"raw","image":""},{"term_id":275,"name":"Stuttgart","slug":"stuttgart","term_group":0,"term_taxonomy_id":281,"taxonomy":"post_tag","description":"","parent":0,"count":1195,"filter":"raw","image":""}]},"_links":{"self":[{"href":"https:\/\/die-webzeitung.de\/stuttgart\/wp-json\/wp\/v2\/posts\/140845","targetHints":{"allow":["GET"]}}],"collection":[{"href":"https:\/\/die-webzeitung.de\/stuttgart\/wp-json\/wp\/v2\/posts"}],"about":[{"href":"https:\/\/die-webzeitung.de\/stuttgart\/wp-json\/wp\/v2\/types\/post"}],"author":[{"embeddable":true,"href":"https:\/\/die-webzeitung.de\/stuttgart\/wp-json\/wp\/v2\/users\/4"}],"replies":[{"embeddable":true,"href":"https:\/\/die-webzeitung.de\/stuttgart\/wp-json\/wp\/v2\/comments?post=140845"}],"version-history":[{"count":1,"href":"https:\/\/die-webzeitung.de\/stuttgart\/wp-json\/wp\/v2\/posts\/140845\/revisions"}],"predecessor-version":[{"id":140847,"href":"https:\/\/die-webzeitung.de\/stuttgart\/wp-json\/wp\/v2\/posts\/140845\/revisions\/140847"}],"wp:featuredmedia":[{"embeddable":true,"href":"https:\/\/die-webzeitung.de\/stuttgart\/wp-json\/wp\/v2\/media\/140846"}],"wp:attachment":[{"href":"https:\/\/die-webzeitung.de\/stuttgart\/wp-json\/wp\/v2\/media?parent=140845"}],"wp:term":[{"taxonomy":"category","embeddable":true,"href":"https:\/\/die-webzeitung.de\/stuttgart\/wp-json\/wp\/v2\/categories?post=140845"},{"taxonomy":"post_tag","embeddable":true,"href":"https:\/\/die-webzeitung.de\/stuttgart\/wp-json\/wp\/v2\/tags?post=140845"}],"curies":[{"name":"wp","href":"https:\/\/api.w.org\/{rel}","templated":true}]}}