{"id":140777,"date":"2020-12-23T14:06:20","date_gmt":"2020-12-23T13:06:20","guid":{"rendered":"https:\/\/die-webzeitung.de\/stuttgart\/2020\/12\/23\/whs-erhaelt-zuschlag-fuer-baulos-c-in-ostfildern-scharnhausen\/"},"modified":"2020-12-23T14:06:20","modified_gmt":"2020-12-23T13:06:20","slug":"whs-erhaelt-zuschlag-fuer-baulos-c-in-ostfildern-scharnhausen","status":"publish","type":"post","link":"https:\/\/die-webzeitung.de\/stuttgart\/2020\/12\/23\/whs-erhaelt-zuschlag-fuer-baulos-c-in-ostfildern-scharnhausen\/","title":{"rendered":"WHS erh\u00e4lt Zuschlag f\u00fcr Baulos C in Ostfildern-Scharnhausen"},"content":{"rendered":"<p style=\"text-align: justify;\">Die W\u00fcstenrot Haus- und St\u00e4dtebau GmbH (WHS) hat das Auswahlverfahren der Stadt Ostfildern f\u00fcr das Baulos C im Scharnhausener Neubaugebiet \u201eOb der Halde\u201c f\u00fcr sich entschieden. Hier planen die Ludwigsburger ab 2022 ein Mehrfamilienhaus mit acht Mietwohnungen sowie vier Reihenhauszeilen mit insgesamt 19 Einfamilienh\u00e4usern.<\/p>\n<p style=\"text-align: justify;\">Auf dem ehemaligen Vereinsgel\u00e4nde des TSV Scharnhausen am n\u00f6rdlichen Rand des Stadtteils arbeitet die WHS zuk\u00fcnftig daran, dringend ben\u00f6tigten bezahlbaren Wohnraum in Ostfildern zu schaffen. Vier der acht Wohnungen des neuen Mehrfamilienhauses sind f\u00fcr B\u00fcrger mit Wohnberechtigungsschein vorgesehen. F\u00fcr Familien mit viel Platzanspruch sind Reihenh\u00e4user geplant. \u201eHier entsteht in bester Wohnlage hochwertiger und familienfreundlicher Wohnraum, der dazu beitragen wird, den angespannten Wohnungsmarkt nachhaltig zu entlasten\u201c, erkl\u00e4rt Marc Bosch, Gesch\u00e4ftsf\u00fchrer der WHS.<\/p>\n<p style=\"text-align: justify;\">Auch der Nachhaltigkeit wird bei den Neubauten Sorge getragen \u2013 etwa durch eine extensive Begr\u00fcnung der Dachfl\u00e4chen oder der Nutzung von Fernw\u00e4rme. Die neuen H\u00e4user gen\u00fcgen dabei dem KfW-Effizienzhaus 55-Standard. \u201eDas reduziert den Energieverbrauch, schont Ressourcen und sorgt gleichzeitig f\u00fcr eine Reduzierung der Mietnebenkosten. Zudem k\u00f6nnen unsere Kunden dadurch die gesetzliche F\u00f6rderung der KfW in Anspruch nehmen\u201c, wei\u00df Bosch.<\/p>\n<p style=\"text-align: justify;\">Der Beginn der Bauarbeiten ist f\u00fcr Anfang 2022 geplant. Ende 2023 sollen die Arbeiten abgeschlossen sein.<\/p>\n<hr \/>\n<p style=\"text-align: justify;\">\n","protected":false},"excerpt":{"rendered":"<p>Die W\u00fcstenrot Haus- und St\u00e4dtebau GmbH (WHS) hat das Auswahlverfahren der Stadt Ostfildern f\u00fcr das Baulos C im Scharnhausener Neubaugebiet \u201eOb der Halde\u201c f\u00fcr sich entschieden. Hier planen die Ludwigsburger ab 2022 ein Mehrfamilienhaus mit acht Mietwohnungen sowie vier Reihenhauszeilen mit insgesamt 19 Einfamilienh\u00e4usern. Auf dem ehemaligen Vereinsgel\u00e4nde des TSV Scharnhausen am n\u00f6rdlichen Rand des [&hellip;]<\/p>\n","protected":false},"author":4,"featured_media":0,"comment_status":"closed","ping_status":"open","sticky":false,"template":"","format":"standard","meta":{"inline_featured_image":false,"_exactmetrics_skip_tracking":false,"_exactmetrics_sitenote_active":false,"_exactmetrics_sitenote_note":"","_exactmetrics_sitenote_category":0,"footnotes":""},"categories":[479],"tags":[14857,38,1573,5,68,9,1399,2018,19],"class_list":{"0":"post-140777","1":"post","2":"type-post","3":"status-publish","4":"format-standard","6":"category-wirtschaft","7":"tag-die-webzeitung","8":"tag-haus","9":"tag-haus-und-stadtebau","10":"tag-internetzeitung","11":"tag-online-zeitung","12":"tag-schaumedia","13":"tag-stadtebau","14":"tag-whs","15":"tag-wustenrot"},"image_feature":null,"author_name":"Redaktion","pure_taxonomies":{"categories":[{"term_id":479,"name":"Wirtschaft","slug":"wirtschaft","term_group":0,"term_taxonomy_id":1941,"taxonomy":"category","description":"","parent":0,"count":282,"filter":"raw","image":""}],"tags":[{"term_id":14857,"name":"Die-Webzeitung","slug":"die-webzeitung","term_group":0,"term_taxonomy_id":14876,"taxonomy":"post_tag","description":"","parent":0,"count":3625,"filter":"raw","image":""},{"term_id":38,"name":"Haus","slug":"haus","term_group":0,"term_taxonomy_id":38,"taxonomy":"post_tag","description":"","parent":0,"count":11,"filter":"raw","image":""},{"term_id":1573,"name":"Haus- und St\u00e4dtebau","slug":"haus-und-stadtebau","term_group":0,"term_taxonomy_id":1582,"taxonomy":"post_tag","description":"","parent":0,"count":3,"filter":"raw","image":""},{"term_id":5,"name":"Internetzeitung","slug":"internetzeitung","term_group":0,"term_taxonomy_id":5,"taxonomy":"post_tag","description":"","parent":0,"count":1461,"filter":"raw","image":""},{"term_id":68,"name":"Online-Zeitung","slug":"online-zeitung","term_group":0,"term_taxonomy_id":69,"taxonomy":"post_tag","description":"","parent":0,"count":3595,"filter":"raw","image":""},{"term_id":9,"name":"SchauMedia","slug":"schaumedia","term_group":0,"term_taxonomy_id":9,"taxonomy":"post_tag","description":"","parent":0,"count":1607,"filter":"raw","image":""},{"term_id":1399,"name":"St\u00e4dtebau","slug":"stadtebau","term_group":0,"term_taxonomy_id":1408,"taxonomy":"post_tag","description":"","parent":0,"count":6,"filter":"raw","image":""},{"term_id":2018,"name":"WHS","slug":"whs","term_group":0,"term_taxonomy_id":2030,"taxonomy":"post_tag","description":"","parent":0,"count":24,"filter":"raw","image":""},{"term_id":19,"name":"W\u00fcstenrot","slug":"wustenrot","term_group":0,"term_taxonomy_id":19,"taxonomy":"post_tag","description":"","parent":0,"count":171,"filter":"raw","image":""}]},"_links":{"self":[{"href":"https:\/\/die-webzeitung.de\/stuttgart\/wp-json\/wp\/v2\/posts\/140777","targetHints":{"allow":["GET"]}}],"collection":[{"href":"https:\/\/die-webzeitung.de\/stuttgart\/wp-json\/wp\/v2\/posts"}],"about":[{"href":"https:\/\/die-webzeitung.de\/stuttgart\/wp-json\/wp\/v2\/types\/post"}],"author":[{"embeddable":true,"href":"https:\/\/die-webzeitung.de\/stuttgart\/wp-json\/wp\/v2\/users\/4"}],"replies":[{"embeddable":true,"href":"https:\/\/die-webzeitung.de\/stuttgart\/wp-json\/wp\/v2\/comments?post=140777"}],"version-history":[{"count":0,"href":"https:\/\/die-webzeitung.de\/stuttgart\/wp-json\/wp\/v2\/posts\/140777\/revisions"}],"wp:attachment":[{"href":"https:\/\/die-webzeitung.de\/stuttgart\/wp-json\/wp\/v2\/media?parent=140777"}],"wp:term":[{"taxonomy":"category","embeddable":true,"href":"https:\/\/die-webzeitung.de\/stuttgart\/wp-json\/wp\/v2\/categories?post=140777"},{"taxonomy":"post_tag","embeddable":true,"href":"https:\/\/die-webzeitung.de\/stuttgart\/wp-json\/wp\/v2\/tags?post=140777"}],"curies":[{"name":"wp","href":"https:\/\/api.w.org\/{rel}","templated":true}]}}