{"id":140720,"date":"2020-12-16T17:08:23","date_gmt":"2020-12-16T16:08:23","guid":{"rendered":"https:\/\/die-webzeitung.de\/stuttgart\/2020\/12\/16\/mutmasslicher-angehoeriger-der-costa-nostra-festgenommen\/"},"modified":"2020-12-16T17:08:23","modified_gmt":"2020-12-16T16:08:23","slug":"mutmasslicher-angehoeriger-der-costa-nostra-festgenommen","status":"publish","type":"post","link":"https:\/\/die-webzeitung.de\/stuttgart\/2020\/12\/16\/mutmasslicher-angehoeriger-der-costa-nostra-festgenommen\/","title":{"rendered":"Mutma\u00dflicher Angeh\u00f6riger der Costa Nostra festgenommen"},"content":{"rendered":"<p style=\"text-align: justify;\">Kreis Heilbronn.| Am Dienstagnachmittag wurde im Landkreis Heilbronn ein mit Europ\u00e4ischem Haftbefehl gesuchter 37-j\u00e4hriger italienischer Staatsangeh\u00f6riger festgenommen. Italienische Ermittlungsbeh\u00f6rden werfen dem Mann vor, hochrangiges Mitglied der Cosa Nostra, also der sizilianischen Mafia, zu sein.<\/p>\n<p style=\"text-align: justify;\">Der Europ\u00e4ische Haftbefehl der italienischen Beh\u00f6rden wirft dem als gef\u00e4hrlich geltenden Italiener vor, an organisierten Rauschgiftgesch\u00e4ften und Erpressungen in Italien beteiligt gewesen zu sein und eine federf\u00fchrende Rolle innerhalb der dortigen kriminellen Clan-Strukturen innezuhaben. Seiner Festnahme in Italien hatte sich der Verd\u00e4chtige mit zun\u00e4chst unbekanntem Aufenthalt durch Flucht entzogen.<\/p>\n<p style=\"text-align: justify;\">Anfang Dezember 2020 erlie\u00df das Oberlandesgericht Stuttgart auf Antrag der Generalstaatsanwaltschaft Stuttgart einen Auslieferungshaftbefehl. Umfangreiche verdeckte Ma\u00dfnahmen f\u00fchrten zur Identifizierung von Kontaktpersonen und schlussendlich zur Lokalisierung des Unterschlupfs, an dem sich der Gesuchte aufhielt. Unter Leitung der Kriminalpolizei Heilbronn und der Generalstaatsanwaltschaft Stuttgart und in Abstimmung mit dem Landeskriminalamt Baden-W\u00fcrttemberg und Spezialkr\u00e4ften des Polizeipr\u00e4sidiums Einsatz konnte der Mann am Dienstag (15.12.2020) in seinem Versteck festgenommen werden. Zum Erfolg trug auch die gute Zusammenarbeit mit der italienischen Antimafiabeh\u00f6rde DIA bei.<\/p>\n<p style=\"text-align: justify;\">Der Festgenommene wurde einem Ermittlungsrichter vorgef\u00fchrt und hat sich mit seiner Auslieferung einverstanden erkl\u00e4rt. Nach den Regelungen der Rechtshilfe ist vorgesehen, den Mann den italienischen Beh\u00f6rden zu \u00fcberstellen. Der Haftbefehl wurde in Vollzug gesetzt und der Mann in eine Justizvollzugsanstalt eingeliefert.<\/p>\n<hr \/>\n<p style=\"text-align: justify;\">\n","protected":false},"excerpt":{"rendered":"<p>Kreis Heilbronn.| Am Dienstagnachmittag wurde im Landkreis Heilbronn ein mit Europ\u00e4ischem Haftbefehl gesuchter 37-j\u00e4hriger italienischer Staatsangeh\u00f6riger festgenommen. Italienische Ermittlungsbeh\u00f6rden werfen dem Mann vor, hochrangiges Mitglied der Cosa Nostra, also der sizilianischen Mafia, zu sein. Der Europ\u00e4ische Haftbefehl der italienischen Beh\u00f6rden wirft dem als gef\u00e4hrlich geltenden Italiener vor, an organisierten Rauschgiftgesch\u00e4ften und Erpressungen in Italien beteiligt [&hellip;]<\/p>\n","protected":false},"author":4,"featured_media":0,"comment_status":"closed","ping_status":"open","sticky":false,"template":"","format":"standard","meta":{"inline_featured_image":false,"_exactmetrics_skip_tracking":false,"_exactmetrics_sitenote_active":false,"_exactmetrics_sitenote_note":"","_exactmetrics_sitenote_category":0,"footnotes":""},"categories":[59,9098],"tags":[14857,16877,16878,16058,5,16879,68,9],"class_list":{"0":"post-140720","1":"post","2":"type-post","3":"status-publish","4":"format-standard","6":"category-aktuell","7":"category-baden-wuerttemberg","8":"tag-die-webzeitung","9":"tag-drogengeschaefte","10":"tag-erpressung","11":"tag-festnahme","12":"tag-internetzeitung","13":"tag-mafia","14":"tag-online-zeitung","15":"tag-schaumedia"},"image_feature":null,"author_name":"Redaktion","pure_taxonomies":{"categories":[{"term_id":59,"name":"Aktuell","slug":"aktuell","term_group":0,"term_taxonomy_id":60,"taxonomy":"category","description":"","parent":0,"count":1017,"filter":"raw","image":""},{"term_id":9098,"name":"Baden-W\u00fcrttemberg","slug":"baden-wuerttemberg","term_group":0,"term_taxonomy_id":9124,"taxonomy":"category","description":"","parent":171,"count":238,"filter":"raw","image":""}],"tags":[{"term_id":14857,"name":"Die-Webzeitung","slug":"die-webzeitung","term_group":0,"term_taxonomy_id":14876,"taxonomy":"post_tag","description":"","parent":0,"count":3625,"filter":"raw","image":""},{"term_id":16877,"name":"Drogengesch\u00e4fte","slug":"drogengeschaefte","term_group":0,"term_taxonomy_id":16896,"taxonomy":"post_tag","description":"","parent":0,"count":1,"filter":"raw","image":""},{"term_id":16878,"name":"Erpressung","slug":"erpressung","term_group":0,"term_taxonomy_id":16897,"taxonomy":"post_tag","description":"","parent":0,"count":1,"filter":"raw","image":""},{"term_id":16058,"name":"Festnahme","slug":"festnahme","term_group":0,"term_taxonomy_id":16077,"taxonomy":"post_tag","description":"","parent":0,"count":7,"filter":"raw","image":""},{"term_id":5,"name":"Internetzeitung","slug":"internetzeitung","term_group":0,"term_taxonomy_id":5,"taxonomy":"post_tag","description":"","parent":0,"count":1461,"filter":"raw","image":""},{"term_id":16879,"name":"Mafia","slug":"mafia","term_group":0,"term_taxonomy_id":16898,"taxonomy":"post_tag","description":"","parent":0,"count":2,"filter":"raw","image":""},{"term_id":68,"name":"Online-Zeitung","slug":"online-zeitung","term_group":0,"term_taxonomy_id":69,"taxonomy":"post_tag","description":"","parent":0,"count":3595,"filter":"raw","image":""},{"term_id":9,"name":"SchauMedia","slug":"schaumedia","term_group":0,"term_taxonomy_id":9,"taxonomy":"post_tag","description":"","parent":0,"count":1607,"filter":"raw","image":""}]},"_links":{"self":[{"href":"https:\/\/die-webzeitung.de\/stuttgart\/wp-json\/wp\/v2\/posts\/140720","targetHints":{"allow":["GET"]}}],"collection":[{"href":"https:\/\/die-webzeitung.de\/stuttgart\/wp-json\/wp\/v2\/posts"}],"about":[{"href":"https:\/\/die-webzeitung.de\/stuttgart\/wp-json\/wp\/v2\/types\/post"}],"author":[{"embeddable":true,"href":"https:\/\/die-webzeitung.de\/stuttgart\/wp-json\/wp\/v2\/users\/4"}],"replies":[{"embeddable":true,"href":"https:\/\/die-webzeitung.de\/stuttgart\/wp-json\/wp\/v2\/comments?post=140720"}],"version-history":[{"count":0,"href":"https:\/\/die-webzeitung.de\/stuttgart\/wp-json\/wp\/v2\/posts\/140720\/revisions"}],"wp:attachment":[{"href":"https:\/\/die-webzeitung.de\/stuttgart\/wp-json\/wp\/v2\/media?parent=140720"}],"wp:term":[{"taxonomy":"category","embeddable":true,"href":"https:\/\/die-webzeitung.de\/stuttgart\/wp-json\/wp\/v2\/categories?post=140720"},{"taxonomy":"post_tag","embeddable":true,"href":"https:\/\/die-webzeitung.de\/stuttgart\/wp-json\/wp\/v2\/tags?post=140720"}],"curies":[{"name":"wp","href":"https:\/\/api.w.org\/{rel}","templated":true}]}}