{"id":140714,"date":"2020-12-16T12:16:38","date_gmt":"2020-12-16T11:16:38","guid":{"rendered":"https:\/\/die-webzeitung.de\/stuttgart\/?p=140714"},"modified":"2020-12-16T12:16:38","modified_gmt":"2020-12-16T11:16:38","slug":"landkreis-sucht-helfende-haende-fuer-das-geplante-kreisimpfzentrum","status":"publish","type":"post","link":"https:\/\/die-webzeitung.de\/stuttgart\/2020\/12\/16\/landkreis-sucht-helfende-haende-fuer-das-geplante-kreisimpfzentrum\/","title":{"rendered":"Landkreis sucht helfende H\u00e4nde f\u00fcr das geplante Kreisimpfzentrum"},"content":{"rendered":"<ul>\n<li style=\"text-align: justify;\"><strong>Vorbereitungen laufen f\u00fcr geplante Inbetriebnahme ab 15. Januar 2021<\/strong><\/li>\n<li style=\"text-align: justify;\"><strong>Infos und Formular auf <a href=\"http:\/\/www.lrabb.de\" target=\"_blank\" rel=\"noopener noreferrer\">www.lrabb.de<\/a><\/strong><\/li>\n<\/ul>\n<p style=\"text-align: justify;\">Kreis B\u00f6blingen.| Die Vorbereitungen f\u00fcr das Kreisimpfzentrum (KIZ) in der Messe Sindelfingen laufen auf Hochtouren \u2013 in Abh\u00e4ngigkeit davon, ob dann ein Impfstoff auch f\u00fcr die Inbetriebnahme der KIZe zur Verf\u00fcgung steht, ist man beim Landkreis zuversichtlich, dass das KIZ am 15. Januar an den Start gehen k\u00f6nnte. Einer der wichtigsten Faktoren ist die Personalgewinnung. Darum ruft nun auch der Landkreis dazu auf, dass sich Personen, die unterst\u00fctzen k\u00f6nnen und wollen, ab sofort melden sollen. \u201eIch freue mich, dass es schon viele Anrufe und Mails gab von Menschen, die sich einbringen wollen\u201c, so Landrat Roland Bernhard.<\/p>\n<p style=\"text-align: justify;\">Der personelle Bedarf beim Betrieb des KIZ ist riesig. Errechnet sind, schon ohne die organisatorischen Erfordernisse im Hintergrund, rd. 80 Personen t\u00e4glich. Gesucht wird Personal f\u00fcr drei Bereiche: Zum einen der Verwaltungsbereich, dann nat\u00fcrlich der ganze medizinische Bereich und zum Dritten f\u00fcr den Bereich des Dolmetschens \u2013 hier insbesondere f\u00fcr die Sprachen T\u00fcrkisch, Russisch. F\u00fcr das \u00e4rztliche und medizinische Personal gibt es bereits den Aufruf der Kassen\u00e4rztlichen Vereinigung. Die Formulare dazu finden sich auf der Corona-Infoseite des Landkreises, unter dem Button (Kreisimpfzentrum), <a href=\"https:\/\/www.lrabb.de\/start\/Aktuelles\/coronavirus.html\" target=\"_blank\" rel=\"noopener noreferrer\">https:\/\/www.lrabb.de\/start\/Aktuelles\/coronavirus.html<\/a>.<\/p>\n<p style=\"text-align: justify;\">F\u00fcr die anderen Bereiche \u2013 Verwaltung und Dolmetschen \u2013 sind die Bewerbungen an den Landkreis direkt zu richten. Der Link auf das Karriereportal findet sich ebenfalls auf dieser Seite. (Oder <a href=\"http:\/\/www.lrabb.de\/karriere\/\" target=\"_blank\" rel=\"noopener noreferrer\">www.lrabb.de\/karriere\/<\/a>).<\/p>\n<p style=\"text-align: justify;\">\u201eWichtig w\u00e4re, dass sich Interessierte auch mit einem nennenswerten Arbeitsumfang einbringen k\u00f6nnen\u201c, so Bernhard. \u201eF\u00fcr eine sinnvolle Personalplanung bitten wir in erster Linie diejenigen, sich zu melden, die f\u00fcr 20 Stunden und mehr je Woche zur Verf\u00fcgung stehen.\u201c<\/p>\n<p style=\"text-align: justify;\">Zum Ablauf ist bisher bekannt, dass die Termine zentral \u00fcber eine eigene Telefonnummer \u00fcber das Land vergeben werden. Die Termine werden dann an die jeweiligen Impfzentren \u00fcbermittelt, wo dann jeweils nur noch die \u00dcberpr\u00fcfung der Person erfolgt (Plausibilit\u00e4tspr\u00fcfung). Vom Land wird auch die Priorisierung vorgenommen, welche Personengruppen wann das Impfangebot erhalten.<\/p>\n<p style=\"text-align: justify;\">\u201eWir sind zuversichtlich, dass wir zum anvisierten Zeitpunkt Mitte Januar 2021 mit dem KIZ in der Messe Sindelfingen an den Start gehen k\u00f6nnen\u201c, sagt Landrat Bernhard. \u201eWir k\u00f6nnen m\u00f6glicherweise nicht sofort die geplanten 750 Impfungen t\u00e4glich abarbeiten, jedoch ist es ohnehin fraglich, ob zu diesem Zeitpunkt schon Impfstoff in solchen Mengen zur Verf\u00fcgung steht.\u201c<\/p>\n<hr \/>\n<p style=\"text-align: justify;\">\n","protected":false},"excerpt":{"rendered":"<p>Vorbereitungen laufen f\u00fcr geplante Inbetriebnahme ab 15. Januar 2021 Infos und Formular auf www.lrabb.de Kreis B\u00f6blingen.| Die Vorbereitungen f\u00fcr das Kreisimpfzentrum (KIZ) in der Messe Sindelfingen laufen auf Hochtouren \u2013 in Abh\u00e4ngigkeit davon, ob dann ein Impfstoff auch f\u00fcr die Inbetriebnahme der KIZe zur Verf\u00fcgung steht, ist man beim Landkreis zuversichtlich, dass das KIZ am [&hellip;]<\/p>\n","protected":false},"author":4,"featured_media":0,"comment_status":"closed","ping_status":"open","sticky":false,"template":"","format":"standard","meta":{"inline_featured_image":false,"_exactmetrics_skip_tracking":false,"_exactmetrics_sitenote_active":false,"_exactmetrics_sitenote_note":"","_exactmetrics_sitenote_category":0,"footnotes":""},"categories":[59,2246],"tags":[3061,14857,16876,16863,68],"class_list":{"0":"post-140714","1":"post","2":"type-post","3":"status-publish","4":"format-standard","6":"category-aktuell","7":"category-kreis-boeblingen","8":"tag-boblingen","9":"tag-die-webzeitung","10":"tag-helfersuche","11":"tag-kreisimpfzentrum","12":"tag-online-zeitung"},"image_feature":null,"author_name":"Redaktion","pure_taxonomies":{"categories":[{"term_id":59,"name":"Aktuell","slug":"aktuell","term_group":0,"term_taxonomy_id":60,"taxonomy":"category","description":"","parent":0,"count":1017,"filter":"raw","image":""},{"term_id":2246,"name":"Kreis B\u00f6blingen","slug":"kreis-boeblingen","term_group":0,"term_taxonomy_id":2259,"taxonomy":"category","description":"","parent":171,"count":197,"filter":"raw","image":""}],"tags":[{"term_id":3061,"name":"B\u00f6blingen","slug":"boblingen","term_group":0,"term_taxonomy_id":3075,"taxonomy":"post_tag","description":"","parent":0,"count":260,"filter":"raw","image":""},{"term_id":14857,"name":"Die-Webzeitung","slug":"die-webzeitung","term_group":0,"term_taxonomy_id":14876,"taxonomy":"post_tag","description":"","parent":0,"count":3625,"filter":"raw","image":""},{"term_id":16876,"name":"Helfersuche","slug":"helfersuche","term_group":0,"term_taxonomy_id":16895,"taxonomy":"post_tag","description":"","parent":0,"count":1,"filter":"raw","image":""},{"term_id":16863,"name":"Kreisimpfzentrum","slug":"kreisimpfzentrum","term_group":0,"term_taxonomy_id":16882,"taxonomy":"post_tag","description":"","parent":0,"count":4,"filter":"raw","image":""},{"term_id":68,"name":"Online-Zeitung","slug":"online-zeitung","term_group":0,"term_taxonomy_id":69,"taxonomy":"post_tag","description":"","parent":0,"count":3595,"filter":"raw","image":""}]},"_links":{"self":[{"href":"https:\/\/die-webzeitung.de\/stuttgart\/wp-json\/wp\/v2\/posts\/140714","targetHints":{"allow":["GET"]}}],"collection":[{"href":"https:\/\/die-webzeitung.de\/stuttgart\/wp-json\/wp\/v2\/posts"}],"about":[{"href":"https:\/\/die-webzeitung.de\/stuttgart\/wp-json\/wp\/v2\/types\/post"}],"author":[{"embeddable":true,"href":"https:\/\/die-webzeitung.de\/stuttgart\/wp-json\/wp\/v2\/users\/4"}],"replies":[{"embeddable":true,"href":"https:\/\/die-webzeitung.de\/stuttgart\/wp-json\/wp\/v2\/comments?post=140714"}],"version-history":[{"count":1,"href":"https:\/\/die-webzeitung.de\/stuttgart\/wp-json\/wp\/v2\/posts\/140714\/revisions"}],"predecessor-version":[{"id":140715,"href":"https:\/\/die-webzeitung.de\/stuttgart\/wp-json\/wp\/v2\/posts\/140714\/revisions\/140715"}],"wp:attachment":[{"href":"https:\/\/die-webzeitung.de\/stuttgart\/wp-json\/wp\/v2\/media?parent=140714"}],"wp:term":[{"taxonomy":"category","embeddable":true,"href":"https:\/\/die-webzeitung.de\/stuttgart\/wp-json\/wp\/v2\/categories?post=140714"},{"taxonomy":"post_tag","embeddable":true,"href":"https:\/\/die-webzeitung.de\/stuttgart\/wp-json\/wp\/v2\/tags?post=140714"}],"curies":[{"name":"wp","href":"https:\/\/api.w.org\/{rel}","templated":true}]}}