{"id":140710,"date":"2020-12-16T11:39:06","date_gmt":"2020-12-16T10:39:06","guid":{"rendered":"https:\/\/die-webzeitung.de\/stuttgart\/2020\/12\/16\/wichtige-frist-fuer-baukindergeld-ist-verlaengert\/"},"modified":"2020-12-16T11:39:06","modified_gmt":"2020-12-16T10:39:06","slug":"wichtige-frist-fuer-baukindergeld-ist-verlaengert","status":"publish","type":"post","link":"https:\/\/die-webzeitung.de\/stuttgart\/2020\/12\/16\/wichtige-frist-fuer-baukindergeld-ist-verlaengert\/","title":{"rendered":"Wichtige Frist f\u00fcr Baukindergeld ist verl\u00e4ngert"},"content":{"rendered":"<p style=\"text-align: justify;\">Gute Nachrichten gibt es zum Thema Baukindergeld: Die Befristung f\u00fcr Baugenehmigungen oder Kaufvertr\u00e4ge f\u00fcr Wohnimmobilien, auf deren Grundlage diese staatliche F\u00f6rderung in Anspruch genommen werden soll, wird um drei Monate verl\u00e4ngert. Die W\u00fcstenrot Bausparkasse r\u00e4t daraufhin, eigene F\u00f6rderanspr\u00fcche nochmals zu pr\u00fcfen.<\/p>\n<p style=\"text-align: justify;\">Bisher galt: Eine F\u00f6rderung im Rahmen des Baukindergelds konnte nur f\u00fcr Kaufvertr\u00e4ge einer selbstgenutzten Immobilie oder eine entsprechende Baugenehmigung f\u00fcr einen Neubau gew\u00e4hrt werden, wenn diese zwischen dem 1.1.2018 und dem 31.12.2020 ausgestellt bzw. erteilt wurden. Diese wichtige Frist hat der Staat nun bis zum 31.3.2021 verl\u00e4ngert.<\/p>\n<p style=\"text-align: justify;\">Das Bayerische Baukindergeld Plus, welches Berechtigten einen um zus\u00e4tzlich 300 Euro pro Kind und Jahr erh\u00f6hten F\u00f6rderbetrag sicherte, l\u00e4uft dagegen zum 31.12.2020 aus.<\/p>\n<p style=\"text-align: justify;\">Das staatliche Baukindergeld steht speziell Menschen mit Kindern zur Verf\u00fcgung, die erstmals ein Haus bauen oder eine bestehende Immobilie zu eigenen famili\u00e4ren Wohnzwecken kaufen. Sie k\u00f6nnen das Baukindergeld noch bis Ende 2023 im sogenannten Zuschussportal bei der Kreditanstalt f\u00fcr Wiederaufbau (KfW) beantragen.<\/p>\n<p style=\"text-align: justify;\">F\u00fcr die F\u00f6rderung gelten unver\u00e4ndert Einkommensgrenzen: Familien oder Alleinerziehende, die die Mittel beantragen m\u00f6chten, d\u00fcrfen maximal \u00fcber ein zu versteuerndes Haushaltseinkommen von j\u00e4hrlich 75.000 Euro zuz\u00fcglich 15.000 Euro pro Kind verf\u00fcgen. Pro Kind gibt es insgesamt 12.000 Euro an Baukindergeld, verteilt \u00fcber einen Zeitraum von zehn Jahren (also 1.200 Euro pro Kind und Jahr). W\u00fcstenrot r\u00e4t, sich zu den Details der F\u00f6rderung mit einem Finanzfachmann zu besprechen.<\/p>\n<hr \/>\n<p style=\"text-align: justify;\">\n","protected":false},"excerpt":{"rendered":"<p>Gute Nachrichten gibt es zum Thema Baukindergeld: Die Befristung f\u00fcr Baugenehmigungen oder Kaufvertr\u00e4ge f\u00fcr Wohnimmobilien, auf deren Grundlage diese staatliche F\u00f6rderung in Anspruch genommen werden soll, wird um drei Monate verl\u00e4ngert. Die W\u00fcstenrot Bausparkasse r\u00e4t daraufhin, eigene F\u00f6rderanspr\u00fcche nochmals zu pr\u00fcfen. Bisher galt: Eine F\u00f6rderung im Rahmen des Baukindergelds konnte nur f\u00fcr Kaufvertr\u00e4ge einer selbstgenutzten [&hellip;]<\/p>\n","protected":false},"author":4,"featured_media":0,"comment_status":"closed","ping_status":"open","sticky":false,"template":"","format":"standard","meta":{"inline_featured_image":false,"_exactmetrics_skip_tracking":false,"_exactmetrics_sitenote_active":false,"_exactmetrics_sitenote_note":"","_exactmetrics_sitenote_category":0,"footnotes":""},"categories":[2237],"tags":[16874,14857,16875,68,9,9933,19],"class_list":{"0":"post-140710","1":"post","2":"type-post","3":"status-publish","4":"format-standard","6":"category-ratgeber-leben","7":"tag-baukindergeld","8":"tag-die-webzeitung","9":"tag-foerderbetrag","10":"tag-online-zeitung","11":"tag-schaumedia","12":"tag-verlangerung","13":"tag-wustenrot"},"image_feature":null,"author_name":"Redaktion","pure_taxonomies":{"categories":[{"term_id":2237,"name":"Ratgeber","slug":"ratgeber-leben","term_group":0,"term_taxonomy_id":2250,"taxonomy":"category","description":"","parent":482,"count":380,"filter":"raw","image":""}],"tags":[{"term_id":16874,"name":"Baukindergeld","slug":"baukindergeld","term_group":0,"term_taxonomy_id":16893,"taxonomy":"post_tag","description":"","parent":0,"count":1,"filter":"raw","image":""},{"term_id":14857,"name":"Die-Webzeitung","slug":"die-webzeitung","term_group":0,"term_taxonomy_id":14876,"taxonomy":"post_tag","description":"","parent":0,"count":3625,"filter":"raw","image":""},{"term_id":16875,"name":"F\u00f6rderbetrag","slug":"foerderbetrag","term_group":0,"term_taxonomy_id":16894,"taxonomy":"post_tag","description":"","parent":0,"count":1,"filter":"raw","image":""},{"term_id":68,"name":"Online-Zeitung","slug":"online-zeitung","term_group":0,"term_taxonomy_id":69,"taxonomy":"post_tag","description":"","parent":0,"count":3595,"filter":"raw","image":""},{"term_id":9,"name":"SchauMedia","slug":"schaumedia","term_group":0,"term_taxonomy_id":9,"taxonomy":"post_tag","description":"","parent":0,"count":1607,"filter":"raw","image":""},{"term_id":9933,"name":"Verl\u00e4ngerung","slug":"verlangerung","term_group":0,"term_taxonomy_id":9964,"taxonomy":"post_tag","description":"","parent":0,"count":1,"filter":"raw","image":""},{"term_id":19,"name":"W\u00fcstenrot","slug":"wustenrot","term_group":0,"term_taxonomy_id":19,"taxonomy":"post_tag","description":"","parent":0,"count":171,"filter":"raw","image":""}]},"_links":{"self":[{"href":"https:\/\/die-webzeitung.de\/stuttgart\/wp-json\/wp\/v2\/posts\/140710","targetHints":{"allow":["GET"]}}],"collection":[{"href":"https:\/\/die-webzeitung.de\/stuttgart\/wp-json\/wp\/v2\/posts"}],"about":[{"href":"https:\/\/die-webzeitung.de\/stuttgart\/wp-json\/wp\/v2\/types\/post"}],"author":[{"embeddable":true,"href":"https:\/\/die-webzeitung.de\/stuttgart\/wp-json\/wp\/v2\/users\/4"}],"replies":[{"embeddable":true,"href":"https:\/\/die-webzeitung.de\/stuttgart\/wp-json\/wp\/v2\/comments?post=140710"}],"version-history":[{"count":0,"href":"https:\/\/die-webzeitung.de\/stuttgart\/wp-json\/wp\/v2\/posts\/140710\/revisions"}],"wp:attachment":[{"href":"https:\/\/die-webzeitung.de\/stuttgart\/wp-json\/wp\/v2\/media?parent=140710"}],"wp:term":[{"taxonomy":"category","embeddable":true,"href":"https:\/\/die-webzeitung.de\/stuttgart\/wp-json\/wp\/v2\/categories?post=140710"},{"taxonomy":"post_tag","embeddable":true,"href":"https:\/\/die-webzeitung.de\/stuttgart\/wp-json\/wp\/v2\/tags?post=140710"}],"curies":[{"name":"wp","href":"https:\/\/api.w.org\/{rel}","templated":true}]}}