{"id":140702,"date":"2020-12-15T10:59:03","date_gmt":"2020-12-15T09:59:03","guid":{"rendered":"https:\/\/die-webzeitung.de\/stuttgart\/?p=140702"},"modified":"2020-12-15T10:59:03","modified_gmt":"2020-12-15T09:59:03","slug":"polizeirevier-kirchheim-teck-unter-neuer-leitung","status":"publish","type":"post","link":"https:\/\/die-webzeitung.de\/stuttgart\/2020\/12\/15\/polizeirevier-kirchheim-teck-unter-neuer-leitung\/","title":{"rendered":"Polizeirevier Kirchheim\/Teck unter neuer Leitung"},"content":{"rendered":"<p style=\"text-align: justify;\">Kirchheim\/Teck.| Zum 15. Dezember hat Polizeipr\u00e4sident Udo Vogel Polizeioberrat J\u00fcrgen Ringhofer zum neuen Leiter des Polizeireviers Kirchheim bestellt. Er folgt Polizeioberrat Fabian Mayer, der am ersten September diesen Jahres zur Polizeipr\u00e4sidium Einsatz gewechselt war und dort seitdem die Leitung des Stabsbereiches Technik inne hat. Aufgrund der Corona-Pandemie musste von der bislang geplanten, offiziellen Feierstunde zur Amtseinf\u00fchrung abgesehen werden.<\/p>\n<p style=\"text-align: justify;\">Die polizeiliche Laufbahn des 51-j\u00e4hrigen, gelernten Werkzeugmechanikers J\u00fcrgen Ringhofer begann im Jahr 1994 bei der damaligen Bereitschaftspolizei in G\u00f6ppingen. Dort blieb er auch nach der Ausbildung zum mittleren Dienst 1998 und wurde als Einsatzbeamter in verschiedenen Stationen eingesetzt. Dem Studium an der Hochschule f\u00fcr Polizei in Villingen-Schwenningen und dem Aufstieg in den gehobenen Polizeivollzugsdienst im Jahr 2003 schlossen sich weitere Verwendungen bei der Bereitschaftspolizeiabteilung in G\u00f6ppingen, zuletzt im Stabsbereich, an. Nach dem Studium an der deutschen Hochschule f\u00fcr Polizei in M\u00fcnster und dem Aufstieg in den h\u00f6heren Polizeivollzugsdienst im Jahr 2011 folgten Verwendungen als Dienstgruppenleiter im Lagezentrum der Landesregierung beim Innenministerium Baden-W\u00fcrttemberg, beim Projekt Polizeireform und als Leiter des regionalen Technikstandortes in Stuttgart beim Polizeipr\u00e4sidium Technik, Logistik und Service der Polizei. Im Jahr 2014 wechselte er zum Polizeipr\u00e4sidium Ulm und \u00fcbernahm die Leitung des Polizeireviers Uhingen. Seit dem 15.Dezember 2020 leitet er nun das Polizeirevier Kirchheim\/Teck und ist f\u00fcr die Sicherheit in den St\u00e4dten Kirchheim, Owen, Weilheim\/Teck und Wernau sowie in den Gemeinden Bissingen\/Teck, Dettingen\/Teck, Hochdorf, Holzmaden, Lenningen, Neidlingen, Notzingen und Ohmden zust\u00e4ndig.<\/p>\n<p style=\"text-align: justify;\">J\u00fcrgen Ringhofer ist verheiratet und lebt mit seiner Frau in Kirchheim.<\/p>\n<hr \/>\n<p style=\"text-align: justify;\">\n","protected":false},"excerpt":{"rendered":"<p>Kirchheim\/Teck.| Zum 15. Dezember hat Polizeipr\u00e4sident Udo Vogel Polizeioberrat J\u00fcrgen Ringhofer zum neuen Leiter des Polizeireviers Kirchheim bestellt. Er folgt Polizeioberrat Fabian Mayer, der am ersten September diesen Jahres zur Polizeipr\u00e4sidium Einsatz gewechselt war und dort seitdem die Leitung des Stabsbereiches Technik inne hat. Aufgrund der Corona-Pandemie musste von der bislang geplanten, offiziellen Feierstunde zur [&hellip;]<\/p>\n","protected":false},"author":4,"featured_media":0,"comment_status":"closed","ping_status":"open","sticky":false,"template":"","format":"standard","meta":{"inline_featured_image":false,"_exactmetrics_skip_tracking":false,"_exactmetrics_sitenote_active":false,"_exactmetrics_sitenote_note":"","_exactmetrics_sitenote_category":0,"footnotes":""},"categories":[2247],"tags":[14857,14440,5,13954,68,12518],"class_list":{"0":"post-140702","1":"post","2":"type-post","3":"status-publish","4":"format-standard","6":"category-kreis-esslingen","7":"tag-die-webzeitung","8":"tag-esslingen","9":"tag-internetzeitung","10":"tag-kirchheim","11":"tag-online-zeitung","12":"tag-polizeirevier"},"image_feature":null,"author_name":"Redaktion","pure_taxonomies":{"categories":[{"term_id":2247,"name":"Kreis Esslingen","slug":"kreis-esslingen","term_group":0,"term_taxonomy_id":2260,"taxonomy":"category","description":"Informationen aus dem Landkreis Esslingen","parent":171,"count":214,"filter":"raw","image":""}],"tags":[{"term_id":14857,"name":"Die-Webzeitung","slug":"die-webzeitung","term_group":0,"term_taxonomy_id":14876,"taxonomy":"post_tag","description":"","parent":0,"count":3625,"filter":"raw","image":""},{"term_id":14440,"name":"Esslingen","slug":"esslingen","term_group":0,"term_taxonomy_id":3885,"taxonomy":"post_tag","description":"","parent":0,"count":202,"filter":"raw","image":""},{"term_id":5,"name":"Internetzeitung","slug":"internetzeitung","term_group":0,"term_taxonomy_id":5,"taxonomy":"post_tag","description":"","parent":0,"count":1461,"filter":"raw","image":""},{"term_id":13954,"name":"Kirchheim","slug":"kirchheim","term_group":0,"term_taxonomy_id":13996,"taxonomy":"post_tag","description":"","parent":0,"count":5,"filter":"raw","image":""},{"term_id":68,"name":"Online-Zeitung","slug":"online-zeitung","term_group":0,"term_taxonomy_id":69,"taxonomy":"post_tag","description":"","parent":0,"count":3595,"filter":"raw","image":""},{"term_id":12518,"name":"Polizeirevier","slug":"polizeirevier","term_group":0,"term_taxonomy_id":12557,"taxonomy":"post_tag","description":"","parent":0,"count":1,"filter":"raw","image":""}]},"_links":{"self":[{"href":"https:\/\/die-webzeitung.de\/stuttgart\/wp-json\/wp\/v2\/posts\/140702","targetHints":{"allow":["GET"]}}],"collection":[{"href":"https:\/\/die-webzeitung.de\/stuttgart\/wp-json\/wp\/v2\/posts"}],"about":[{"href":"https:\/\/die-webzeitung.de\/stuttgart\/wp-json\/wp\/v2\/types\/post"}],"author":[{"embeddable":true,"href":"https:\/\/die-webzeitung.de\/stuttgart\/wp-json\/wp\/v2\/users\/4"}],"replies":[{"embeddable":true,"href":"https:\/\/die-webzeitung.de\/stuttgart\/wp-json\/wp\/v2\/comments?post=140702"}],"version-history":[{"count":1,"href":"https:\/\/die-webzeitung.de\/stuttgart\/wp-json\/wp\/v2\/posts\/140702\/revisions"}],"predecessor-version":[{"id":140703,"href":"https:\/\/die-webzeitung.de\/stuttgart\/wp-json\/wp\/v2\/posts\/140702\/revisions\/140703"}],"wp:attachment":[{"href":"https:\/\/die-webzeitung.de\/stuttgart\/wp-json\/wp\/v2\/media?parent=140702"}],"wp:term":[{"taxonomy":"category","embeddable":true,"href":"https:\/\/die-webzeitung.de\/stuttgart\/wp-json\/wp\/v2\/categories?post=140702"},{"taxonomy":"post_tag","embeddable":true,"href":"https:\/\/die-webzeitung.de\/stuttgart\/wp-json\/wp\/v2\/tags?post=140702"}],"curies":[{"name":"wp","href":"https:\/\/api.w.org\/{rel}","templated":true}]}}