{"id":140699,"date":"2020-12-14T17:53:41","date_gmt":"2020-12-14T16:53:41","guid":{"rendered":"https:\/\/die-webzeitung.de\/stuttgart\/?p=140699"},"modified":"2020-12-14T17:53:41","modified_gmt":"2020-12-14T16:53:41","slug":"landratsamt-boeblingen-schraenkt-dienstbetrieb-ein","status":"publish","type":"post","link":"https:\/\/die-webzeitung.de\/stuttgart\/2020\/12\/14\/landratsamt-boeblingen-schraenkt-dienstbetrieb-ein\/","title":{"rendered":"Landratsamt B\u00f6blingen schr\u00e4nkt Dienstbetrieb ein"},"content":{"rendered":"<ul>\n<li style=\"text-align: justify;\">Kfz-Zulassungsstelle nur noch nach vorheriger Terminvereinbarung<\/li>\n<li style=\"text-align: justify;\">Erreichbarkeit in dringenden F\u00e4llen per Telefon und Mail ist gew\u00e4hrleistet<\/li>\n<\/ul>\n<p style=\"text-align: justify;\">Kreis B\u00f6blingen.| Seit 2. November ist das Landratsamt B\u00f6blingen f\u00fcr den Publikumsverkehr geschlossen. Nur die Kfz-Zulassungsstelle war bisher f\u00fcr den unangemeldeten Publikumsverkehr ge\u00f6ffnet. Das \u00e4ndert sich ab 16. Dezember. Dann wird die Zulassungsstelle nur noch nach vorheriger Terminvereinbarung ge\u00f6ffnet sein. Das gilt f\u00fcr die Hauptstelle in B\u00f6blingen sowie auch f\u00fcr die Au\u00dfenstellen in Herrenberg und Leonberg.<\/p>\n<p style=\"text-align: justify;\">Damit wird f\u00fcr alle Bereiche des Landratsamts der Dienstbetrieb eingeschr\u00e4nkt. Um Kontakte zu reduzieren, sollen pers\u00f6nliche Termine nur f\u00fcr dringliche und begr\u00fcndete F\u00e4lle vergeben werden. Das gilt auch f\u00fcr andere Bereiche \u2013 beispielsweise ist das Jobcenter ab dem 16.12.2021 nur noch f\u00fcr Notf\u00e4lle ge\u00f6ffnet, telefonisch oder per Mail aber erreichbar.<\/p>\n<p style=\"text-align: justify;\">Landrat Roland Bernhard appelliert an die B\u00fcrgerinnen und B\u00fcrger: \u201eWir wollen auch mit dieser Ma\u00dfnahme Ansammlungen, wie wir sie beispielsweise vor der Zulassungsstelle teilweise haben, vermeiden. Verzichten Sie deshalb in den kommenden Wochen auf Zulassungen und andere Dienstleistungen, wenn diese nicht unbedingt notwendig sind.\u201c<\/p>\n<hr \/>\n<p style=\"text-align: justify;\">\n","protected":false},"excerpt":{"rendered":"<p>Kfz-Zulassungsstelle nur noch nach vorheriger Terminvereinbarung Erreichbarkeit in dringenden F\u00e4llen per Telefon und Mail ist gew\u00e4hrleistet Kreis B\u00f6blingen.| Seit 2. November ist das Landratsamt B\u00f6blingen f\u00fcr den Publikumsverkehr geschlossen. Nur die Kfz-Zulassungsstelle war bisher f\u00fcr den unangemeldeten Publikumsverkehr ge\u00f6ffnet. Das \u00e4ndert sich ab 16. Dezember. Dann wird die Zulassungsstelle nur noch nach vorheriger Terminvereinbarung ge\u00f6ffnet [&hellip;]<\/p>\n","protected":false},"author":4,"featured_media":0,"comment_status":"closed","ping_status":"open","sticky":false,"template":"","format":"standard","meta":{"inline_featured_image":false,"_exactmetrics_skip_tracking":false,"_exactmetrics_sitenote_active":false,"_exactmetrics_sitenote_note":"","_exactmetrics_sitenote_category":0,"footnotes":""},"categories":[59,2246],"tags":[3061,14857,5,15022,68,9],"class_list":{"0":"post-140699","1":"post","2":"type-post","3":"status-publish","4":"format-standard","6":"category-aktuell","7":"category-kreis-boeblingen","8":"tag-boblingen","9":"tag-die-webzeitung","10":"tag-internetzeitung","11":"tag-landratsamt","12":"tag-online-zeitung","13":"tag-schaumedia"},"image_feature":null,"author_name":"Redaktion","pure_taxonomies":{"categories":[{"term_id":59,"name":"Aktuell","slug":"aktuell","term_group":0,"term_taxonomy_id":60,"taxonomy":"category","description":"","parent":0,"count":1017,"filter":"raw","image":""},{"term_id":2246,"name":"Kreis B\u00f6blingen","slug":"kreis-boeblingen","term_group":0,"term_taxonomy_id":2259,"taxonomy":"category","description":"","parent":171,"count":197,"filter":"raw","image":""}],"tags":[{"term_id":3061,"name":"B\u00f6blingen","slug":"boblingen","term_group":0,"term_taxonomy_id":3075,"taxonomy":"post_tag","description":"","parent":0,"count":260,"filter":"raw","image":""},{"term_id":14857,"name":"Die-Webzeitung","slug":"die-webzeitung","term_group":0,"term_taxonomy_id":14876,"taxonomy":"post_tag","description":"","parent":0,"count":3625,"filter":"raw","image":""},{"term_id":5,"name":"Internetzeitung","slug":"internetzeitung","term_group":0,"term_taxonomy_id":5,"taxonomy":"post_tag","description":"","parent":0,"count":1461,"filter":"raw","image":""},{"term_id":15022,"name":"Landratsamt","slug":"landratsamt","term_group":0,"term_taxonomy_id":15041,"taxonomy":"post_tag","description":"","parent":0,"count":11,"filter":"raw","image":""},{"term_id":68,"name":"Online-Zeitung","slug":"online-zeitung","term_group":0,"term_taxonomy_id":69,"taxonomy":"post_tag","description":"","parent":0,"count":3595,"filter":"raw","image":""},{"term_id":9,"name":"SchauMedia","slug":"schaumedia","term_group":0,"term_taxonomy_id":9,"taxonomy":"post_tag","description":"","parent":0,"count":1607,"filter":"raw","image":""}]},"_links":{"self":[{"href":"https:\/\/die-webzeitung.de\/stuttgart\/wp-json\/wp\/v2\/posts\/140699","targetHints":{"allow":["GET"]}}],"collection":[{"href":"https:\/\/die-webzeitung.de\/stuttgart\/wp-json\/wp\/v2\/posts"}],"about":[{"href":"https:\/\/die-webzeitung.de\/stuttgart\/wp-json\/wp\/v2\/types\/post"}],"author":[{"embeddable":true,"href":"https:\/\/die-webzeitung.de\/stuttgart\/wp-json\/wp\/v2\/users\/4"}],"replies":[{"embeddable":true,"href":"https:\/\/die-webzeitung.de\/stuttgart\/wp-json\/wp\/v2\/comments?post=140699"}],"version-history":[{"count":1,"href":"https:\/\/die-webzeitung.de\/stuttgart\/wp-json\/wp\/v2\/posts\/140699\/revisions"}],"predecessor-version":[{"id":140700,"href":"https:\/\/die-webzeitung.de\/stuttgart\/wp-json\/wp\/v2\/posts\/140699\/revisions\/140700"}],"wp:attachment":[{"href":"https:\/\/die-webzeitung.de\/stuttgart\/wp-json\/wp\/v2\/media?parent=140699"}],"wp:term":[{"taxonomy":"category","embeddable":true,"href":"https:\/\/die-webzeitung.de\/stuttgart\/wp-json\/wp\/v2\/categories?post=140699"},{"taxonomy":"post_tag","embeddable":true,"href":"https:\/\/die-webzeitung.de\/stuttgart\/wp-json\/wp\/v2\/tags?post=140699"}],"curies":[{"name":"wp","href":"https:\/\/api.w.org\/{rel}","templated":true}]}}