{"id":140695,"date":"2020-12-14T17:45:15","date_gmt":"2020-12-14T16:45:15","guid":{"rendered":"https:\/\/die-webzeitung.de\/stuttgart\/?p=140695"},"modified":"2020-12-14T17:45:15","modified_gmt":"2020-12-14T16:45:15","slug":"landratsamt-schliesst-dienststellen-fuer-den-publikumsverkehr","status":"publish","type":"post","link":"https:\/\/die-webzeitung.de\/stuttgart\/2020\/12\/14\/landratsamt-schliesst-dienststellen-fuer-den-publikumsverkehr\/","title":{"rendered":"Landratsamt schlie\u00dft Dienststellen f\u00fcr den Publikumsverkehr"},"content":{"rendered":"<p style=\"text-align: justify;\">Kreis Esslingen.| Im Zuge des bundesweiten Lock-Downs zur Eind\u00e4mmung der Corona-Pandemie schlie\u00dft das Landratsamt Esslingen an allen Standorten von Montag, 21. Dezember an bis zun\u00e4chst Freitag, 8. Januar 2021 f\u00fcr den Publikumsverkehr.<\/p>\n<p style=\"text-align: justify;\">\u201eWir haben am Sonntag erstmals eine Sieben-Tage-Inzidenz \u00fcber der Schwelle von 200 verzeichnet. Das aktuelle Infektionsgeschehen macht diesen Schritt dringend erforderlich, insbesondere da die Infektionen auch vor unseren mehr als 2.000 Mitarbeitenden nicht Halt machen\u201c, sagt Landrat Heinz Eininger. Mit der Schlie\u00dfzeit ab 21. Dezember k\u00f6nnen Einwohner die notwendigen Beh\u00f6rdeng\u00e4nge noch vor Weihnachten erledigen. Die Schlie\u00dfung betrifft dann fast alle Dienststellen, auch die Kfz-Zulassungsstellen an den Standorten in Esslingen, Filderstadt, N\u00fcrtingen und Kirchheim.<\/p>\n<p style=\"text-align: justify;\">Von dieser Regelung ausgenommen ist das Amt f\u00fcr Fl\u00fcchtlingshilfe. Dieses ist ab Mittwoch, 16. Dezember in den R\u00e4umen in der Sch\u00f6llkopfstra\u00dfe 120 in Kirchheim unter Teck zu finden. Dort k\u00f6nnen Berechtigte weiterhin ihre Leistungen beziehen. Das Amt f\u00fcr Fl\u00fcchtlingshilfe hat ge\u00f6ffnet von 21. bis 23. Dezember, von 28. bis 30. Dezember und von 4. bis 8. Januar jeweils von 9 bis 12 Uhr. Im Bereich des Sozialen Dienstes ist f\u00fcr Notf\u00e4lle eine Rufbereitschaft eingerichtet.<\/p>\n<p style=\"text-align: justify;\">Von Montag, 28. Dezember bis Freitag, 8. Januar stellt das Landratsamt auch den internen Dienstbetrieb ein. Dann werden nur noch Notdienste, der Katastrophenschutzdienst sowie Mitarbeiter im Bereich der Pandemie-Bek\u00e4mpfung im Einsatz sein. Das Corona-Hotline-Telefon ist an Werktagen weiterhin unter der Nummer 0711 3902-41966 Montag bis Donnerstag von 8 bis 16 Uhr und Freitag von 8 bis 12 Uhr besetzt. An Feiertagen sowie an Heiligabend und Silvester ist die Hotline nicht besetzt.<\/p>\n<hr \/>\n<p style=\"text-align: justify;\">\n","protected":false},"excerpt":{"rendered":"<p>Kreis Esslingen.| Im Zuge des bundesweiten Lock-Downs zur Eind\u00e4mmung der Corona-Pandemie schlie\u00dft das Landratsamt Esslingen an allen Standorten von Montag, 21. Dezember an bis zun\u00e4chst Freitag, 8. Januar 2021 f\u00fcr den Publikumsverkehr. \u201eWir haben am Sonntag erstmals eine Sieben-Tage-Inzidenz \u00fcber der Schwelle von 200 verzeichnet. Das aktuelle Infektionsgeschehen macht diesen Schritt dringend erforderlich, insbesondere da [&hellip;]<\/p>\n","protected":false},"author":4,"featured_media":0,"comment_status":"closed","ping_status":"open","sticky":false,"template":"","format":"standard","meta":{"inline_featured_image":false,"_exactmetrics_skip_tracking":false,"_exactmetrics_sitenote_active":false,"_exactmetrics_sitenote_note":"","_exactmetrics_sitenote_category":0,"footnotes":""},"categories":[59,2247],"tags":[14857,14440,5,15022,68,9],"class_list":{"0":"post-140695","1":"post","2":"type-post","3":"status-publish","4":"format-standard","6":"category-aktuell","7":"category-kreis-esslingen","8":"tag-die-webzeitung","9":"tag-esslingen","10":"tag-internetzeitung","11":"tag-landratsamt","12":"tag-online-zeitung","13":"tag-schaumedia"},"image_feature":null,"author_name":"Redaktion","pure_taxonomies":{"categories":[{"term_id":59,"name":"Aktuell","slug":"aktuell","term_group":0,"term_taxonomy_id":60,"taxonomy":"category","description":"","parent":0,"count":1017,"filter":"raw","image":""},{"term_id":2247,"name":"Kreis Esslingen","slug":"kreis-esslingen","term_group":0,"term_taxonomy_id":2260,"taxonomy":"category","description":"Informationen aus dem Landkreis Esslingen","parent":171,"count":214,"filter":"raw","image":""}],"tags":[{"term_id":14857,"name":"Die-Webzeitung","slug":"die-webzeitung","term_group":0,"term_taxonomy_id":14876,"taxonomy":"post_tag","description":"","parent":0,"count":3625,"filter":"raw","image":""},{"term_id":14440,"name":"Esslingen","slug":"esslingen","term_group":0,"term_taxonomy_id":3885,"taxonomy":"post_tag","description":"","parent":0,"count":202,"filter":"raw","image":""},{"term_id":5,"name":"Internetzeitung","slug":"internetzeitung","term_group":0,"term_taxonomy_id":5,"taxonomy":"post_tag","description":"","parent":0,"count":1461,"filter":"raw","image":""},{"term_id":15022,"name":"Landratsamt","slug":"landratsamt","term_group":0,"term_taxonomy_id":15041,"taxonomy":"post_tag","description":"","parent":0,"count":11,"filter":"raw","image":""},{"term_id":68,"name":"Online-Zeitung","slug":"online-zeitung","term_group":0,"term_taxonomy_id":69,"taxonomy":"post_tag","description":"","parent":0,"count":3595,"filter":"raw","image":""},{"term_id":9,"name":"SchauMedia","slug":"schaumedia","term_group":0,"term_taxonomy_id":9,"taxonomy":"post_tag","description":"","parent":0,"count":1607,"filter":"raw","image":""}]},"_links":{"self":[{"href":"https:\/\/die-webzeitung.de\/stuttgart\/wp-json\/wp\/v2\/posts\/140695","targetHints":{"allow":["GET"]}}],"collection":[{"href":"https:\/\/die-webzeitung.de\/stuttgart\/wp-json\/wp\/v2\/posts"}],"about":[{"href":"https:\/\/die-webzeitung.de\/stuttgart\/wp-json\/wp\/v2\/types\/post"}],"author":[{"embeddable":true,"href":"https:\/\/die-webzeitung.de\/stuttgart\/wp-json\/wp\/v2\/users\/4"}],"replies":[{"embeddable":true,"href":"https:\/\/die-webzeitung.de\/stuttgart\/wp-json\/wp\/v2\/comments?post=140695"}],"version-history":[{"count":1,"href":"https:\/\/die-webzeitung.de\/stuttgart\/wp-json\/wp\/v2\/posts\/140695\/revisions"}],"predecessor-version":[{"id":140696,"href":"https:\/\/die-webzeitung.de\/stuttgart\/wp-json\/wp\/v2\/posts\/140695\/revisions\/140696"}],"wp:attachment":[{"href":"https:\/\/die-webzeitung.de\/stuttgart\/wp-json\/wp\/v2\/media?parent=140695"}],"wp:term":[{"taxonomy":"category","embeddable":true,"href":"https:\/\/die-webzeitung.de\/stuttgart\/wp-json\/wp\/v2\/categories?post=140695"},{"taxonomy":"post_tag","embeddable":true,"href":"https:\/\/die-webzeitung.de\/stuttgart\/wp-json\/wp\/v2\/tags?post=140695"}],"curies":[{"name":"wp","href":"https:\/\/api.w.org\/{rel}","templated":true}]}}