{"id":140691,"date":"2020-12-14T12:22:18","date_gmt":"2020-12-14T11:22:18","guid":{"rendered":"https:\/\/die-webzeitung.de\/stuttgart\/?p=140691"},"modified":"2020-12-14T12:22:18","modified_gmt":"2020-12-14T11:22:18","slug":"oeffnungszeiten-der-corona-abstrichzentren-zum-jahreswechsel","status":"publish","type":"post","link":"https:\/\/die-webzeitung.de\/stuttgart\/2020\/12\/14\/oeffnungszeiten-der-corona-abstrichzentren-zum-jahreswechsel\/","title":{"rendered":"\u00d6ffnungszeiten der Corona-Abstrichzentren zum Jahreswechsel"},"content":{"rendered":"<p style=\"text-align: justify;\">Kreis Esslingen.| Die Corona-Abstrichzentren (CAZ) im Landkreis Esslingen haben von Heilig Abend an bis einschlie\u00dflich 10. Januar 2021 ge\u00e4nderte \u00d6ffnungszeiten.<\/p>\n<p style=\"text-align: justify;\">Das Abstrichzentrum auf dem Festplatz in N\u00fcrtingen-Oberensingen hat ge\u00f6ffnet: am 24. und 31. Dezember jeweils von 8-13 Uhr, an den Feiertagen und Wochenenden 25., 26. und 27. Dezember sowie am 1., 2., 3., 6., 9. und 10. Januar jeweils von 10-16 Uhr.<\/p>\n<p style=\"text-align: justify;\">Das CAZ an der Messe Stuttgart in Leinfelden-Echterdingen hat an diesen Tagen geschlossen.<\/p>\n<p style=\"text-align: justify;\">An den Tagen 28. bis 30. Dezember, 4., 5.,7. und 8. Januar sind die Abstrichzentren wie gewohnt in Betrieb, Montag bis Freitag jeweils von 8 bis 17 Uhr.<\/p>\n<hr \/>\n<p style=\"text-align: justify;\">\n","protected":false},"excerpt":{"rendered":"<p>Kreis Esslingen.| Die Corona-Abstrichzentren (CAZ) im Landkreis Esslingen haben von Heilig Abend an bis einschlie\u00dflich 10. Januar 2021 ge\u00e4nderte \u00d6ffnungszeiten. Das Abstrichzentrum auf dem Festplatz in N\u00fcrtingen-Oberensingen hat ge\u00f6ffnet: am 24. und 31. Dezember jeweils von 8-13 Uhr, an den Feiertagen und Wochenenden 25., 26. und 27. Dezember sowie am 1., 2., 3., 6., 9. [&hellip;]<\/p>\n","protected":false},"author":4,"featured_media":0,"comment_status":"closed","ping_status":"open","sticky":false,"template":"","format":"standard","meta":{"inline_featured_image":false,"_exactmetrics_skip_tracking":false,"_exactmetrics_sitenote_active":false,"_exactmetrics_sitenote_note":"","_exactmetrics_sitenote_category":0,"footnotes":""},"categories":[2247],"tags":[16578,16573,14857,14440,5,68],"class_list":{"0":"post-140691","1":"post","2":"type-post","3":"status-publish","4":"format-standard","6":"category-kreis-esslingen","7":"tag-abstrichzentrum","8":"tag-corona","9":"tag-die-webzeitung","10":"tag-esslingen","11":"tag-internetzeitung","12":"tag-online-zeitung"},"image_feature":null,"author_name":"Redaktion","pure_taxonomies":{"categories":[{"term_id":2247,"name":"Kreis Esslingen","slug":"kreis-esslingen","term_group":0,"term_taxonomy_id":2260,"taxonomy":"category","description":"Informationen aus dem Landkreis Esslingen","parent":171,"count":214,"filter":"raw","image":""}],"tags":[{"term_id":16578,"name":"Abstrichzentrum","slug":"abstrichzentrum","term_group":0,"term_taxonomy_id":16597,"taxonomy":"post_tag","description":"","parent":0,"count":2,"filter":"raw","image":""},{"term_id":16573,"name":"Corona","slug":"corona","term_group":0,"term_taxonomy_id":16592,"taxonomy":"post_tag","description":"","parent":0,"count":81,"filter":"raw","image":""},{"term_id":14857,"name":"Die-Webzeitung","slug":"die-webzeitung","term_group":0,"term_taxonomy_id":14876,"taxonomy":"post_tag","description":"","parent":0,"count":3625,"filter":"raw","image":""},{"term_id":14440,"name":"Esslingen","slug":"esslingen","term_group":0,"term_taxonomy_id":3885,"taxonomy":"post_tag","description":"","parent":0,"count":202,"filter":"raw","image":""},{"term_id":5,"name":"Internetzeitung","slug":"internetzeitung","term_group":0,"term_taxonomy_id":5,"taxonomy":"post_tag","description":"","parent":0,"count":1461,"filter":"raw","image":""},{"term_id":68,"name":"Online-Zeitung","slug":"online-zeitung","term_group":0,"term_taxonomy_id":69,"taxonomy":"post_tag","description":"","parent":0,"count":3595,"filter":"raw","image":""}]},"_links":{"self":[{"href":"https:\/\/die-webzeitung.de\/stuttgart\/wp-json\/wp\/v2\/posts\/140691","targetHints":{"allow":["GET"]}}],"collection":[{"href":"https:\/\/die-webzeitung.de\/stuttgart\/wp-json\/wp\/v2\/posts"}],"about":[{"href":"https:\/\/die-webzeitung.de\/stuttgart\/wp-json\/wp\/v2\/types\/post"}],"author":[{"embeddable":true,"href":"https:\/\/die-webzeitung.de\/stuttgart\/wp-json\/wp\/v2\/users\/4"}],"replies":[{"embeddable":true,"href":"https:\/\/die-webzeitung.de\/stuttgart\/wp-json\/wp\/v2\/comments?post=140691"}],"version-history":[{"count":1,"href":"https:\/\/die-webzeitung.de\/stuttgart\/wp-json\/wp\/v2\/posts\/140691\/revisions"}],"predecessor-version":[{"id":140692,"href":"https:\/\/die-webzeitung.de\/stuttgart\/wp-json\/wp\/v2\/posts\/140691\/revisions\/140692"}],"wp:attachment":[{"href":"https:\/\/die-webzeitung.de\/stuttgart\/wp-json\/wp\/v2\/media?parent=140691"}],"wp:term":[{"taxonomy":"category","embeddable":true,"href":"https:\/\/die-webzeitung.de\/stuttgart\/wp-json\/wp\/v2\/categories?post=140691"},{"taxonomy":"post_tag","embeddable":true,"href":"https:\/\/die-webzeitung.de\/stuttgart\/wp-json\/wp\/v2\/tags?post=140691"}],"curies":[{"name":"wp","href":"https:\/\/api.w.org\/{rel}","templated":true}]}}