{"id":140664,"date":"2020-12-11T14:50:25","date_gmt":"2020-12-11T13:50:25","guid":{"rendered":"https:\/\/die-webzeitung.de\/stuttgart\/2020\/12\/11\/wuerttembergische-spendet-rund-140-000-euro-an-gemeinnuetzige-projekte\/"},"modified":"2020-12-11T14:50:25","modified_gmt":"2020-12-11T13:50:25","slug":"wuerttembergische-spendet-rund-140-000-euro-an-gemeinnuetzige-projekte","status":"publish","type":"post","link":"https:\/\/die-webzeitung.de\/stuttgart\/2020\/12\/11\/wuerttembergische-spendet-rund-140-000-euro-an-gemeinnuetzige-projekte\/","title":{"rendered":"W\u00fcrttembergische spendet rund 140.000 Euro an gemeinn\u00fctzige Projekte"},"content":{"rendered":"<p style=\"text-align: justify;\">Die W\u00fcrttembergische Versicherung hat einen Spendenwettbewerb gestartet, um sich f\u00fcr Organisationen einzusetzen, die sich f\u00fcr unsere Gesellschaft engagieren. Die Au\u00dfendienstagenturen konnten sich f\u00fcr eine regionale Initiative ihrer Wahl stark machen. Bundesweit k\u00f6nnen sich nun 65 Einrichtungen \u00fcber eine Spende mit einem Gesamtwert von knapp 140.000 Euro freuen.<\/p>\n<p style=\"text-align: justify;\">Anstelle einer gro\u00dfen Spende sollten mehrere Projekte gef\u00f6rdert und die Agenturen einbezogen werden \u2013 damit war die Idee zu einem Spendenwettbewerb geboren. \u201eUnsere Generalagenten sind vor Ort der starke Partner ihrer Kunden, und wir haben dazu aufgerufen, sich in der ersten Runde des Wettbewerbs f\u00fcr ein Projekt in ihrer Region stark zu machen&#8221;, erkl\u00e4rt Christian Lerch, Generalbevollm\u00e4chtigter und Leiter Vertrieb Ausschlie\u00dflichkeit der W\u00fcrttembergischen. 65 Einreichungen gab es in der ersten Runde und die Projekte sind nicht nur \u00fcber das gesamte Bundesgebiet verteilt, sondern auch so vielf\u00e4ltig wie unsere Gesellschaft selbst: Sie k\u00fcmmern sich um verschiedene Facetten des t\u00e4glichen Lebens und Miteinanders. So sind darunter beispielsweise Initiativen f\u00fcr hilfsbed\u00fcrftige oder schwerkranke Kinder, Wohnungslose, Gefl\u00fcchtete oder Menschen mit Handicap.<\/p>\n<p style=\"text-align: justify;\">F\u00fcr die zweite Runde des Wettbewerbs hatte eine Jury zehn Projekte f\u00fcr das Finale ermittelt, in dem alle Mitarbeiterinnen und Mitarbeiter aus dem Innen- und Au\u00dfendienst der W\u00fcrttembergischen online f\u00fcr ihre Favoriten abstimmen konnten. Die Projekte auf den Pl\u00e4tzen eins bis drei erhalten einen Scheck in H\u00f6he von jeweils 8.000 Euro, 6.000 Euro beziehungsweise 4.000 Euro.<\/p>\n<p style=\"text-align: justify;\">Auch die \u00fcbrigen 62 eingereichten Einrichtungen, Initiativen und Projekte gehen nicht leer aus. Sie erhalten jeweils eine Spende in H\u00f6he von 1.949 Euro. Die Zahl ist dabei nicht zuf\u00e4llig gew\u00e4hlt: \u201e1949 ist das Geburtsjahr des Grundgesetzes. Und das Grundgesetz bildet die Basis f\u00fcr das Miteinander in unserer Gesellschaft, diesen Werten f\u00fchlen wir uns verpflichtet&#8221;, sagt Lerch. Mit dem Spendenwettbewerb lasse man dieser gesellschaftlichen Verantwortung Taten folgen. \u201eDenn als Fels in der Brandung wollen wir uns besonders in diesen Zeiten f\u00fcr alle diejenigen einsetzen, die sich f\u00fcr den gesellschaftlichen Zusammenhalt engagieren.&#8221;<\/p>\n<hr \/>\n<p style=\"text-align: justify;\">\n","protected":false},"excerpt":{"rendered":"<p>Die W\u00fcrttembergische Versicherung hat einen Spendenwettbewerb gestartet, um sich f\u00fcr Organisationen einzusetzen, die sich f\u00fcr unsere Gesellschaft engagieren. Die Au\u00dfendienstagenturen konnten sich f\u00fcr eine regionale Initiative ihrer Wahl stark machen. Bundesweit k\u00f6nnen sich nun 65 Einrichtungen \u00fcber eine Spende mit einem Gesamtwert von knapp 140.000 Euro freuen. Anstelle einer gro\u00dfen Spende sollten mehrere Projekte gef\u00f6rdert [&hellip;]<\/p>\n","protected":false},"author":4,"featured_media":0,"comment_status":"closed","ping_status":"open","sticky":false,"template":"","format":"standard","meta":{"inline_featured_image":false,"_exactmetrics_skip_tracking":false,"_exactmetrics_sitenote_active":false,"_exactmetrics_sitenote_note":"","_exactmetrics_sitenote_category":0,"footnotes":""},"categories":[479],"tags":[14857,5,68,148,18],"class_list":{"0":"post-140664","1":"post","2":"type-post","3":"status-publish","4":"format-standard","6":"category-wirtschaft","7":"tag-die-webzeitung","8":"tag-internetzeitung","9":"tag-online-zeitung","10":"tag-spende","11":"tag-wurttembergische"},"image_feature":null,"author_name":"Redaktion","pure_taxonomies":{"categories":[{"term_id":479,"name":"Wirtschaft","slug":"wirtschaft","term_group":0,"term_taxonomy_id":1941,"taxonomy":"category","description":"","parent":0,"count":282,"filter":"raw","image":""}],"tags":[{"term_id":14857,"name":"Die-Webzeitung","slug":"die-webzeitung","term_group":0,"term_taxonomy_id":14876,"taxonomy":"post_tag","description":"","parent":0,"count":3625,"filter":"raw","image":""},{"term_id":5,"name":"Internetzeitung","slug":"internetzeitung","term_group":0,"term_taxonomy_id":5,"taxonomy":"post_tag","description":"","parent":0,"count":1461,"filter":"raw","image":""},{"term_id":68,"name":"Online-Zeitung","slug":"online-zeitung","term_group":0,"term_taxonomy_id":69,"taxonomy":"post_tag","description":"","parent":0,"count":3595,"filter":"raw","image":""},{"term_id":148,"name":"Spende","slug":"spende","term_group":0,"term_taxonomy_id":150,"taxonomy":"post_tag","description":"","parent":0,"count":16,"filter":"raw","image":""},{"term_id":18,"name":"W\u00fcrttembergische","slug":"wurttembergische","term_group":0,"term_taxonomy_id":18,"taxonomy":"post_tag","description":"","parent":0,"count":111,"filter":"raw","image":""}]},"_links":{"self":[{"href":"https:\/\/die-webzeitung.de\/stuttgart\/wp-json\/wp\/v2\/posts\/140664","targetHints":{"allow":["GET"]}}],"collection":[{"href":"https:\/\/die-webzeitung.de\/stuttgart\/wp-json\/wp\/v2\/posts"}],"about":[{"href":"https:\/\/die-webzeitung.de\/stuttgart\/wp-json\/wp\/v2\/types\/post"}],"author":[{"embeddable":true,"href":"https:\/\/die-webzeitung.de\/stuttgart\/wp-json\/wp\/v2\/users\/4"}],"replies":[{"embeddable":true,"href":"https:\/\/die-webzeitung.de\/stuttgart\/wp-json\/wp\/v2\/comments?post=140664"}],"version-history":[{"count":0,"href":"https:\/\/die-webzeitung.de\/stuttgart\/wp-json\/wp\/v2\/posts\/140664\/revisions"}],"wp:attachment":[{"href":"https:\/\/die-webzeitung.de\/stuttgart\/wp-json\/wp\/v2\/media?parent=140664"}],"wp:term":[{"taxonomy":"category","embeddable":true,"href":"https:\/\/die-webzeitung.de\/stuttgart\/wp-json\/wp\/v2\/categories?post=140664"},{"taxonomy":"post_tag","embeddable":true,"href":"https:\/\/die-webzeitung.de\/stuttgart\/wp-json\/wp\/v2\/tags?post=140664"}],"curies":[{"name":"wp","href":"https:\/\/api.w.org\/{rel}","templated":true}]}}