{"id":140642,"date":"2020-12-07T17:12:45","date_gmt":"2020-12-07T16:12:45","guid":{"rendered":"https:\/\/die-webzeitung.de\/stuttgart\/2020\/12\/07\/157980\/"},"modified":"2020-12-07T17:12:45","modified_gmt":"2020-12-07T16:12:45","slug":"157980","status":"publish","type":"post","link":"https:\/\/die-webzeitung.de\/stuttgart\/2020\/12\/07\/157980\/","title":{"rendered":"Staatliche F\u00f6rderung deutlich h\u00f6her"},"content":{"rendered":"<p style=\"text-align: justify;\">Zufriedenheit im Ruhestand h\u00e4ngt nicht zuletzt von den vorhandenen finanziellen Mitteln ab \u2013 und damit meist auch von privater Vorsorge. Die W\u00fcstenrot Bausparkasse AG r\u00e4t, dabei die ab 2021 verbesserte Wohnungsbaupr\u00e4mie nicht ungenutzt zu lassen.<\/p>\n<p style=\"text-align: justify;\">Laut dem neuesten Rentenversicherungsbericht kann ein Durchschnittsverdiener, der in den Ruhestand geht, nur noch knapp die H\u00e4lfte seines letzten Bruttolohns als staatliche Rente erwarten \u2013 und dieser Wert wird k\u00fcnftig noch weiter sinken. Wer im Alter ausk\u00f6mmlich leben will, muss in der Regel privat vorsorgen, beispielsweise mit einer eigenen Wohnimmobilie. Von ihr kann man nicht nur Jahrzehnte vor dem Renteneintritt bereits profitieren. Das rechtzeitig abbezahlte Haus oder die eigene Wohnung erspart Seniorenhaushalten zudem monatliche Mietzahlungen in betr\u00e4chtlicher H\u00f6he. Dieses Geld steht dann f\u00fcr andere Verwendungen zur Verf\u00fcgung.<\/p>\n<p style=\"text-align: justify;\">Auch wer sich verkleinert und im Alter aus einem gro\u00dfen Haus etwa in eine seniorengerechte Stadtwohnung zieht, kann beim Verkauf profitieren. Denn die Wertentwicklung von Wohnimmobilien geht in den letzten Jahren in vielen Regionen Deutschlands nach oben.<\/p>\n<p style=\"text-align: justify;\">Aufgrund der Pluspunkte hilft der Staat seinen B\u00fcrgern beim Erwerb der selbstgenutzten Wohnimmobilie \u2013 zum Beispiel mit der ab Januar 2021 verbesserten Wohnungsbaupr\u00e4mie. Nach Sch\u00e4tzung des Marktforschungsinstituts Empirica werden dadurch in den n\u00e4chsten Jahren ein- bis eineinhalb Millionen Menschen neu anfangen, gef\u00f6rdert zu sparen. Denn sie fallen unter die erh\u00f6hten Gehaltsobergrenzen: Bei Ehepaaren betr\u00e4gt das f\u00fcr die F\u00f6rderung ma\u00dfgebliche, zu versteuernde Jahreseinkommen ab dem neuen Jahr maximal 70.000 Euro, bei Alleinstehenden bis zu 35.000 Euro. 10\u00a0statt bisher 8,8\u00a0Prozent F\u00f6rderung sollen Sparer dann auf eigene Einzahlungen in ihren Bausparvertrag erhalten \u2013 das macht einen Zuschuss von 70 Euro pro Jahr und Einzelperson (140 Euro f\u00fcr Verheiratete oder eingetragene Lebenspartner).<\/p>\n<p style=\"text-align: justify;\">Dazu Bernd Hertweck, Vorstandsvorsitzender der W\u00fcstenrot Bausparkasse AG: \u201eDie Ausweitung des Berechtigtenkreises, der ab 2021 die verbesserte staatliche Wohnungsbaupr\u00e4mie in Anspruch nehmen kann, ist ein wertvoller Beitrag zur Eigenkapitalbildung gerade f\u00fcr Gering- und Durchschnittsverdiener. Die verbesserte Wohnungsbaupr\u00e4mie macht das Vorsparen als unverzichtbare Basis des Wohneigentums f\u00fcr viele Menschen jetzt noch attraktiver.\u201c<\/p>\n<hr \/>\n<p style=\"text-align: justify;\">\n","protected":false},"excerpt":{"rendered":"<p>Zufriedenheit im Ruhestand h\u00e4ngt nicht zuletzt von den vorhandenen finanziellen Mitteln ab \u2013 und damit meist auch von privater Vorsorge. Die W\u00fcstenrot Bausparkasse AG r\u00e4t, dabei die ab 2021 verbesserte Wohnungsbaupr\u00e4mie nicht ungenutzt zu lassen. Laut dem neuesten Rentenversicherungsbericht kann ein Durchschnittsverdiener, der in den Ruhestand geht, nur noch knapp die H\u00e4lfte seines letzten Bruttolohns [&hellip;]<\/p>\n","protected":false},"author":4,"featured_media":0,"comment_status":"closed","ping_status":"open","sticky":false,"template":"","format":"standard","meta":{"inline_featured_image":false,"_exactmetrics_skip_tracking":false,"_exactmetrics_sitenote_active":false,"_exactmetrics_sitenote_note":"","_exactmetrics_sitenote_category":0,"footnotes":""},"categories":[2237],"tags":[14857,5,68,9,909,16470,19],"class_list":{"0":"post-140642","1":"post","2":"type-post","3":"status-publish","4":"format-standard","6":"category-ratgeber-leben","7":"tag-die-webzeitung","8":"tag-internetzeitung","9":"tag-online-zeitung","10":"tag-schaumedia","11":"tag-wohnimmobilie","12":"tag-wohnungsbaupraemie","13":"tag-wustenrot"},"image_feature":null,"author_name":"Redaktion","pure_taxonomies":{"categories":[{"term_id":2237,"name":"Ratgeber","slug":"ratgeber-leben","term_group":0,"term_taxonomy_id":2250,"taxonomy":"category","description":"","parent":482,"count":380,"filter":"raw","image":""}],"tags":[{"term_id":14857,"name":"Die-Webzeitung","slug":"die-webzeitung","term_group":0,"term_taxonomy_id":14876,"taxonomy":"post_tag","description":"","parent":0,"count":3625,"filter":"raw","image":""},{"term_id":5,"name":"Internetzeitung","slug":"internetzeitung","term_group":0,"term_taxonomy_id":5,"taxonomy":"post_tag","description":"","parent":0,"count":1461,"filter":"raw","image":""},{"term_id":68,"name":"Online-Zeitung","slug":"online-zeitung","term_group":0,"term_taxonomy_id":69,"taxonomy":"post_tag","description":"","parent":0,"count":3595,"filter":"raw","image":""},{"term_id":9,"name":"SchauMedia","slug":"schaumedia","term_group":0,"term_taxonomy_id":9,"taxonomy":"post_tag","description":"","parent":0,"count":1607,"filter":"raw","image":""},{"term_id":909,"name":"Wohnimmobilie","slug":"wohnimmobilie","term_group":0,"term_taxonomy_id":918,"taxonomy":"post_tag","description":"","parent":0,"count":1,"filter":"raw","image":""},{"term_id":16470,"name":"Wohnungsbaupr\u00e4mie","slug":"wohnungsbaupraemie","term_group":0,"term_taxonomy_id":16489,"taxonomy":"post_tag","description":"","parent":0,"count":2,"filter":"raw","image":""},{"term_id":19,"name":"W\u00fcstenrot","slug":"wustenrot","term_group":0,"term_taxonomy_id":19,"taxonomy":"post_tag","description":"","parent":0,"count":171,"filter":"raw","image":""}]},"_links":{"self":[{"href":"https:\/\/die-webzeitung.de\/stuttgart\/wp-json\/wp\/v2\/posts\/140642","targetHints":{"allow":["GET"]}}],"collection":[{"href":"https:\/\/die-webzeitung.de\/stuttgart\/wp-json\/wp\/v2\/posts"}],"about":[{"href":"https:\/\/die-webzeitung.de\/stuttgart\/wp-json\/wp\/v2\/types\/post"}],"author":[{"embeddable":true,"href":"https:\/\/die-webzeitung.de\/stuttgart\/wp-json\/wp\/v2\/users\/4"}],"replies":[{"embeddable":true,"href":"https:\/\/die-webzeitung.de\/stuttgart\/wp-json\/wp\/v2\/comments?post=140642"}],"version-history":[{"count":0,"href":"https:\/\/die-webzeitung.de\/stuttgart\/wp-json\/wp\/v2\/posts\/140642\/revisions"}],"wp:attachment":[{"href":"https:\/\/die-webzeitung.de\/stuttgart\/wp-json\/wp\/v2\/media?parent=140642"}],"wp:term":[{"taxonomy":"category","embeddable":true,"href":"https:\/\/die-webzeitung.de\/stuttgart\/wp-json\/wp\/v2\/categories?post=140642"},{"taxonomy":"post_tag","embeddable":true,"href":"https:\/\/die-webzeitung.de\/stuttgart\/wp-json\/wp\/v2\/tags?post=140642"}],"curies":[{"name":"wp","href":"https:\/\/api.w.org\/{rel}","templated":true}]}}