{"id":140628,"date":"2020-12-06T14:57:43","date_gmt":"2020-12-06T13:57:43","guid":{"rendered":"https:\/\/die-webzeitung.de\/stuttgart\/?p=140628"},"modified":"2020-12-06T14:57:43","modified_gmt":"2020-12-06T13:57:43","slug":"brand-im-muellbunker-des-restmuellheizkraftwerkes-geloescht","status":"publish","type":"post","link":"https:\/\/die-webzeitung.de\/stuttgart\/2020\/12\/06\/brand-im-muellbunker-des-restmuellheizkraftwerkes-geloescht\/","title":{"rendered":"Brand im M\u00fcllbunker des Restm\u00fcllheizkraftwerkes gel\u00f6scht"},"content":{"rendered":"<h5 style=\"text-align: justify;\"><strong>Landrat Bernhard: \u201eWir sind glimpflich davon gekommen. Die Feuerwehr hat das Feuer professionell bek\u00e4mpft.\u201c<\/strong><\/h5>\n<p style=\"text-align: justify;\">Kreis B\u00f6blingen.| Nach vier Tagen ist das Feuer im M\u00fcllbunker des Restm\u00fcllheizkraftwerkes (RMHKW) gel\u00f6scht, davon konnte sich Landrat Roland Bernhard am Nikolaustag \u00fcberzeugen.<\/p>\n<p style=\"text-align: justify;\">Besonders in seiner Rolle als Vorsitzender des Zweckverbandes ist Landrat Bernhard erleichtert, dass augenscheinlich weder an der Geb\u00e4udesubstanz noch an der Krananlage im M\u00fcllbunker Sch\u00e4den sichtbar sind. Stolz zeigte er sich auf die Arbeit der B\u00f6blinger Feuerwehr und den weiteren Organisationen, die deren Arbeit unterst\u00fctzten. \u201eIch bin begeistert von der Professionalit\u00e4t der Ehrenamtlichen. Die freiwilligen Helfer haben uns vor Schlimmerem bewahrt, sodass wir glimpflich davongekommen sind.\u201c Den Einsatzkr\u00e4ften vor Ort \u00fcberreichte er passend zum Tag Schoko-Nikol\u00e4use als s\u00fc\u00dfes Dankesch\u00f6n und k\u00fcndigte ein Helferfest an, sobald die Corona-Pandemie dies im Laufe des n\u00e4chsten Jahres zulasse.<\/p>\n<p style=\"text-align: justify;\"><img loading=\"lazy\" decoding=\"async\" class=\"aligncenter size-full wp-image-140630\" src=\"https:\/\/die-webzeitung.de\/stuttgart\/wp-content\/uploads\/sites\/4\/2020\/12\/Brand-Mu\u0308llbunker-3.12.20-1200px.jpg\" alt=\"\" width=\"700\" height=\"525\" srcset=\"https:\/\/die-webzeitung.de\/stuttgart\/wp-content\/uploads\/sites\/4\/2020\/12\/Brand-Mu\u0308llbunker-3.12.20-1200px.jpg 700w, https:\/\/die-webzeitung.de\/stuttgart\/wp-content\/uploads\/sites\/4\/2020\/12\/Brand-Mu\u0308llbunker-3.12.20-1200px-medium.jpg 300w, https:\/\/die-webzeitung.de\/stuttgart\/wp-content\/uploads\/sites\/4\/2020\/12\/Brand-Mu\u0308llbunker-3.12.20-1200px-80x60.jpg 80w, https:\/\/die-webzeitung.de\/stuttgart\/wp-content\/uploads\/sites\/4\/2020\/12\/Brand-Mu\u0308llbunker-3.12.20-1200px-265x198.jpg 265w, https:\/\/die-webzeitung.de\/stuttgart\/wp-content\/uploads\/sites\/4\/2020\/12\/Brand-Mu\u0308llbunker-3.12.20-1200px-696x522.jpg 696w, https:\/\/die-webzeitung.de\/stuttgart\/wp-content\/uploads\/sites\/4\/2020\/12\/Brand-Mu\u0308llbunker-3.12.20-1200px-560x420.jpg 560w\" sizes=\"auto, (max-width: 700px) 100vw, 700px\" \/>Neben der Feuerwehr B\u00f6blingen waren noch viele Wehren aus den anderen Kommunen des Landkreises B\u00f6blingen involviert sowie die Werkfeuerwehr des Mercedes-Benz-Werks, die Feuerwehr der U.S.-Army und des THW. Das DRK B\u00f6blingen sorgte ebenfalls mit Unterst\u00fctzung weiterer Ortsverb\u00e4nde und der U.S.-Army f\u00fcr die Verpflegung aller Beteiligten. F\u00fcr die Wasserversorgung legten die Wehren und das THW mehrere Leitungen von der amerikanischen Elementary \/ High School bis zum RMHKW.<\/p>\n<p style=\"text-align: justify;\">Seit das RMHKW vor 22 Jahren in Betrieb ging, hat es kein vergleichbares Ungl\u00fcck gegeben. Daher zeigte sich auch RBB-Gesch\u00e4ftsf\u00fchrer Dr. Frank Schumacher froh und dankbar, dass es weder Verletzte gegeben hat noch schwerwiegende Sch\u00e4den entstanden sind.<\/p>\n<p style=\"text-align: justify;\">In K\u00fcrze wird auch die Anlieferung von Restm\u00fcll wieder m\u00f6glich sein, sobald sich die Gutachter der Versicherung vor Ort ein Bild der Schadenslage gemacht haben.<\/p>\n<hr \/>\n<p style=\"text-align: justify;\">\n","protected":false},"excerpt":{"rendered":"<p>Landrat Bernhard: \u201eWir sind glimpflich davon gekommen. Die Feuerwehr hat das Feuer professionell bek\u00e4mpft.\u201c Kreis B\u00f6blingen.| Nach vier Tagen ist das Feuer im M\u00fcllbunker des Restm\u00fcllheizkraftwerkes (RMHKW) gel\u00f6scht, davon konnte sich Landrat Roland Bernhard am Nikolaustag \u00fcberzeugen. Besonders in seiner Rolle als Vorsitzender des Zweckverbandes ist Landrat Bernhard erleichtert, dass augenscheinlich weder an der Geb\u00e4udesubstanz [&hellip;]<\/p>\n","protected":false},"author":4,"featured_media":140629,"comment_status":"closed","ping_status":"open","sticky":false,"template":"","format":"standard","meta":{"inline_featured_image":false,"_exactmetrics_skip_tracking":false,"_exactmetrics_sitenote_active":false,"_exactmetrics_sitenote_note":"","_exactmetrics_sitenote_category":0,"footnotes":""},"categories":[59,2246],"tags":[3061,10433,14857,440,14901,68,16866,7002,9],"class_list":{"0":"post-140628","1":"post","2":"type-post","3":"status-publish","4":"format-standard","5":"has-post-thumbnail","7":"category-aktuell","8":"category-kreis-boeblingen","9":"tag-boblingen","10":"tag-brand","11":"tag-die-webzeitung","12":"tag-feuerwehr","13":"tag-heizkraftwerk","14":"tag-online-zeitung","15":"tag-rbb","16":"tag-restmull","17":"tag-schaumedia"},"image_feature":"https:\/\/die-webzeitung.de\/stuttgart\/wp-content\/uploads\/sites\/4\/2020\/12\/20190913_171421-1600px.jpg","author_name":"Redaktion","pure_taxonomies":{"categories":[{"term_id":59,"name":"Aktuell","slug":"aktuell","term_group":0,"term_taxonomy_id":60,"taxonomy":"category","description":"","parent":0,"count":1017,"filter":"raw","image":""},{"term_id":2246,"name":"Kreis B\u00f6blingen","slug":"kreis-boeblingen","term_group":0,"term_taxonomy_id":2259,"taxonomy":"category","description":"","parent":171,"count":197,"filter":"raw","image":""}],"tags":[{"term_id":3061,"name":"B\u00f6blingen","slug":"boblingen","term_group":0,"term_taxonomy_id":3075,"taxonomy":"post_tag","description":"","parent":0,"count":260,"filter":"raw","image":""},{"term_id":10433,"name":"Brand","slug":"brand","term_group":0,"term_taxonomy_id":10468,"taxonomy":"post_tag","description":"","parent":0,"count":5,"filter":"raw","image":""},{"term_id":14857,"name":"Die-Webzeitung","slug":"die-webzeitung","term_group":0,"term_taxonomy_id":14876,"taxonomy":"post_tag","description":"","parent":0,"count":3625,"filter":"raw","image":""},{"term_id":440,"name":"Feuerwehr","slug":"feuerwehr","term_group":0,"term_taxonomy_id":447,"taxonomy":"post_tag","description":"","parent":0,"count":23,"filter":"raw","image":""},{"term_id":14901,"name":"Heizkraftwerk","slug":"heizkraftwerk","term_group":0,"term_taxonomy_id":14920,"taxonomy":"post_tag","description":"","parent":0,"count":2,"filter":"raw","image":""},{"term_id":68,"name":"Online-Zeitung","slug":"online-zeitung","term_group":0,"term_taxonomy_id":69,"taxonomy":"post_tag","description":"","parent":0,"count":3595,"filter":"raw","image":""},{"term_id":16866,"name":"RBB","slug":"rbb","term_group":0,"term_taxonomy_id":16885,"taxonomy":"post_tag","description":"","parent":0,"count":1,"filter":"raw","image":""},{"term_id":7002,"name":"Restm\u00fcll","slug":"restmull","term_group":0,"term_taxonomy_id":7024,"taxonomy":"post_tag","description":"","parent":0,"count":1,"filter":"raw","image":""},{"term_id":9,"name":"SchauMedia","slug":"schaumedia","term_group":0,"term_taxonomy_id":9,"taxonomy":"post_tag","description":"","parent":0,"count":1607,"filter":"raw","image":""}]},"_links":{"self":[{"href":"https:\/\/die-webzeitung.de\/stuttgart\/wp-json\/wp\/v2\/posts\/140628","targetHints":{"allow":["GET"]}}],"collection":[{"href":"https:\/\/die-webzeitung.de\/stuttgart\/wp-json\/wp\/v2\/posts"}],"about":[{"href":"https:\/\/die-webzeitung.de\/stuttgart\/wp-json\/wp\/v2\/types\/post"}],"author":[{"embeddable":true,"href":"https:\/\/die-webzeitung.de\/stuttgart\/wp-json\/wp\/v2\/users\/4"}],"replies":[{"embeddable":true,"href":"https:\/\/die-webzeitung.de\/stuttgart\/wp-json\/wp\/v2\/comments?post=140628"}],"version-history":[{"count":1,"href":"https:\/\/die-webzeitung.de\/stuttgart\/wp-json\/wp\/v2\/posts\/140628\/revisions"}],"predecessor-version":[{"id":140631,"href":"https:\/\/die-webzeitung.de\/stuttgart\/wp-json\/wp\/v2\/posts\/140628\/revisions\/140631"}],"wp:featuredmedia":[{"embeddable":true,"href":"https:\/\/die-webzeitung.de\/stuttgart\/wp-json\/wp\/v2\/media\/140629"}],"wp:attachment":[{"href":"https:\/\/die-webzeitung.de\/stuttgart\/wp-json\/wp\/v2\/media?parent=140628"}],"wp:term":[{"taxonomy":"category","embeddable":true,"href":"https:\/\/die-webzeitung.de\/stuttgart\/wp-json\/wp\/v2\/categories?post=140628"},{"taxonomy":"post_tag","embeddable":true,"href":"https:\/\/die-webzeitung.de\/stuttgart\/wp-json\/wp\/v2\/tags?post=140628"}],"curies":[{"name":"wp","href":"https:\/\/api.w.org\/{rel}","templated":true}]}}