{"id":140607,"date":"2020-12-05T12:06:35","date_gmt":"2020-12-05T11:06:35","guid":{"rendered":"https:\/\/die-webzeitung.de\/stuttgart\/?p=140607"},"modified":"2020-12-05T12:14:20","modified_gmt":"2020-12-05T11:14:20","slug":"neues-zum-fahrplanwechsel-im-landkreis-boeblingen-2","status":"publish","type":"post","link":"https:\/\/die-webzeitung.de\/stuttgart\/2020\/12\/05\/neues-zum-fahrplanwechsel-im-landkreis-boeblingen-2\/","title":{"rendered":"Neues zum Fahrplanwechsel im Landkreis B\u00f6blingen"},"content":{"rendered":"<p style=\"text-align: justify;\">Die wichtigsten \u00c4nderungen ab dem 13. Dezember 2020 \u2013 alle Verbindungen bereits in der elektronischen Fahrplanauskunft \u00fcber App oder Web abrufbar<\/p>\n<p style=\"text-align: justify;\"><strong><u>S-Bahn<br \/>\n<\/u><\/strong>Bei der S-Bahn wird der Fahrplan weiter verbessert. Ab 13. Dezember sind die S-Bahnen montags bis freitags ganzt\u00e4gig alle Viertelstunde unterwegs. Es besteht dann von 6.00 bis 20.30 Uhr ein durchgehender 15-Minuten-Takt. Ausnahmen gibt es auf den folgenden Streckenabschnitten:<\/p>\n<ul style=\"text-align: justify;\">\n<li>S1 B\u00f6blingen \u2013 Herrenberg: Wegen Trassenkonflikten mit dem IC zwischen Stuttgart und Z\u00fcrich gibt es alle zwei Stunden Taktl\u00fccken.<\/li>\n<li>S1 Plochingen \u2013 Kirchheim (Teck)<\/li>\n<li>S2 Vaihingen \u2013 Filderstadt und S3 Vaihingen \u2013 Flughafen\/Messe.<\/li>\n<li>S4 Marbach \u2013 Backnang<\/li>\n<li>S60 B\u00f6blingen \u2013 Renningen<\/li>\n<\/ul>\n<p style=\"text-align: justify;\">Au\u00dferdem fahren montags bis freitags im Sp\u00e4tverkehr auf allen Linien teilweise l\u00e4ngere Z\u00fcge. Dies gilt auch f\u00fcr die S-Bahn-Linien S4, S5 und S6, die nachts am Wochenende unterwegs sind.<\/p>\n<p style=\"text-align: justify;\">P\u00fcnktlich zum kleinen Fahrplanwechsel am 13. Juni 2021 werden dann die Z\u00fcge der S4 eine Stunde l\u00e4nger im 30-Minuten-Takt zwischen Marbach und Backnang unterwegs sein. Der Halbstunden-Takt gilt ab Backnang bis 21.03 Uhr und ab Marbach bis 21.38 Uhr. Anschlie\u00dfend f\u00e4hrt die S4 auf diesem Abschnitt dann jede Stunde.<\/p>\n<p style=\"text-align: justify;\">In den Sommerferien vom 31. Juli bis 12. September 2021 m\u00fcssen Fahrg\u00e4ste mit Einschr\u00e4nkungen auf der Stammstrecke rechnen. Wegen umfangreichen Sanierungsarbeiten muss diese n\u00e4mlich komplett gesperrt werden \u2013 f\u00fcr diesen Zeitraum wird ein Baustellenfahrplan eingeplant.<\/p>\n<p style=\"text-align: justify;\"><strong><u>Regionalbahnen<br \/>\n<\/u><\/strong>Die Sperrung der Stammstrecke bei der S-Bahn vom 31. Juli bis 12. September 2021 hat auch Auswirkungen auf den Regionalverkehr. Fahrg\u00e4ste m\u00fcssen w\u00e4hrend der Sommerferien 2021 mit Einschr\u00e4nkungen rechnen, da nicht mehr alle Regionalbahnen am Hauptbahnhof Stuttgart Halt machen k\u00f6nnen. Die Bahnen der Linie RB14 (Rottweil\/Freudenstadt \u2013 Stuttgart) fahren in diesem Zeitraum nur bis B\u00f6blingen, die Linie RB17 (Pforzheim\/Heidelberg \u2013 Stuttgart) nur bis Bietigheim-Bissingen.<\/p>\n<p style=\"text-align: justify;\"><strong><u>Busse<br \/>\n<\/u><\/strong>Das urspr\u00fcnglich bereits f\u00fcr M\u00e4rz 2020 geplante Neukonzept des Stadtverkehrs Leonberg startet am 11. Januar 2021. Die Busse der Linie 94 sind k\u00fcnftig nicht mehr im Einsatz. Neu hinzu kommen die Linien 640 (Blosenbergkirche \u2013 Bahnhof \u2013 Ramtel), 641 (Bahnhof \u2013 Hertich \u2013 L\u00e4ngenb\u00fchl), 642 (Bahnhof \u2013 Ramtel \u2013 Waldfriedhof) und 644 (Bahnhof \u2013 Haldengebiet). Auf der Linie 651 (Eltingen \u2013 Leonberg \u2013 H\u00f6fingen) fahren im Sp\u00e4tverkehr Busse \u2013 anstatt wie bislang Ruftaxis. Zudem sind die Busse der Linie 651 nach Hemmingen k\u00fcnftig schneller unterwegs, da diese nicht mehr \u00fcber Hirschlanden Nord fahren. Neu ist auch, dass das Wohngebiet Leonberg Ezach auch am Wochenende mit dem Bus (Linie 651) erreichbar ist. Die Linien 92 und 640 sind k\u00fcnftig zwischen Leonberg ZOB und dem Stadtteil Ramtel gemeinsam im 15-Minuten-Takt unterwegs. Dar\u00fcber hinaus fahren die Busse der Linie 747 (Universit\u00e4t \u2013 Warmbronn) k\u00fcnftig weiter bis nach Renningen. Von dort aus gibt es f\u00fcr Fahrg\u00e4ste attraktive Anschl\u00fcsse z.B. in Richtung Weil der Stadt oder zum Robert-Bosch-Campus Malmsheim.<\/p>\n<p style=\"text-align: justify;\"><strong>Die Fahrplan\u00e4nderungen im Einzelnen:<\/strong><\/p>\n<p style=\"text-align: justify;\"><strong>Linie 634 (Leonberg \u2013 Weissach)<br \/>\n<\/strong><strong>Linie bekommt unter der Woche einen 15-Minuten-Takt<br \/>\n<\/strong>Die Busse der Linie 634 sind k\u00fcnftig zwischen Weissach und Leonberg tags\u00fcber von Montag bis Freitag durchgehend alle 15 Minuten im Einsatz. M\u00f6glich machen dies zus\u00e4tzliche Fahrten am Vormittag. Die Linie 634 ist damit die erste regionale Buslinie im Landkreis B\u00f6blingen, die tags\u00fcber durchgehend im 15-Minuten-Takt f\u00e4hrt. Da ab dem Fahrplanwechsel auch zus\u00e4tzliche Bahnen der S6 fahren, haben Fahrg\u00e4ste zudem Anschluss von und zu den S-Bahnen der Linie S6.<\/p>\n<p style=\"text-align: justify;\"><strong>Stadt- und Umlandverkehr Herrenberg<br \/>\n<\/strong>Herrenberg ist im Projekt der Bundesregierung Modellstadt f\u00fcr saubere Luft. Bereits seit 3 Jahren f\u00e4hrt ein dritter Bus im Stadtverkehr. Dadurch konnte das Angebot ausgebaut werden. Im Rahmen des Modellprojektes wurde ausgewertet, welche Verbesserungen beibehalten werden. Die Verbesserungen zum Fahrplanwechsel 2020\/21 sind der Vorlaufbetrieb zur Neuvergabe im Jahr 2022.<\/p>\n<p style=\"text-align: justify;\">Im Stadtverkehr Herrenberg fahren die Busse des Zwischentaktes der Linie 753 (Herrenberg \u2013 Rohrau), die am 17. Oktober 2020 auf der Strecke Herrenberg ZOB \u2013 Polizeihochschule eingef\u00fchrt wurden, auf einer neuen Route unterwegs. Die Busse sind dann mit einer eigenen Liniennummer 783 als Ringlinie (Herrenberg ZOB \u2013 Stadtwerke \u2013 Polizeihochschule \u2013 Daimlerstra\u00dfe \u2013 Herrenberg ZOB) unterwegs. Gleichzeitig entf\u00e4llt die Linie 781 (Herrenberg ZOB \u2013 Stadtwerke \u2013 Herrenberg ZOB), da diese Strecke k\u00fcnftig von den Bussen der Linie 783 ersetzt wird.<\/p>\n<p style=\"text-align: justify;\">Die Busse der Linie 780 sind k\u00fcnftig montags bis freitags durchgehend alle 30 Minuten (abwechselnd ab ZOB und Kalkofenstra\u00dfe) unterwegs. Neu ist auch, dass die Linie 780 einen neuen Linienweg f\u00e4hrt: von Herrenberg ZOB \u00fcber Affst\u00e4tter Tal, Schwarzwaldsiedlung und Holdergraben zur Haltestelle Kalkofenstra\u00dfe am Hinterausgang des Bahnhofs Herrenberg. Bislang ist die Linie nur morgens im Berufsverkehr halbst\u00fcndlich unterwegs und h\u00e4lt nicht in den Bereichen Affst\u00e4tter Tal und Bronntor. Dadurch werden die Siedlungsgebiete besser erschlossen und es entstehen neue Direktverbindungen etwa vom Holdergraben zur Altstadt (Haltestelle Bronntor).<\/p>\n<p style=\"text-align: justify;\">Auf den Linien 773, 780, 782 und 791 sind k\u00fcnftig im Sp\u00e4t- und Nachtverkehr wieder Ruftaxis im Einsatz. Die zum Fahrplanwechsel im Dezember 2018 eingef\u00fchrten zus\u00e4tzlichen Busfahrten werden weitestgehend wieder eingestellt. Der Hintergrund ist, dass die Finanzierung durch den Bund ausgelaufen ist. Auf der Linie 773 entfallen die Fahrten nach Mitternacht. Auf der Linie 782 f\u00e4hrt der letzte Bus ab Herrenberg Bahnhof k\u00fcnftig t\u00e4glich um 22.19 Uhr und auf der Linie 780 um 21.50 Uhr. Auf der Linie 791 f\u00e4hrt der letzte Bus dagegen montags bis freitags um 21.49 Uhr sowie am Samstag um 19.49 Uhr ab Herrenberg ZOB. An Sonn- und Feiertagen f\u00e4hrt die Buslinie 791 nicht mehr \u2013 Kayh und M\u00f6nchberg sind dann mit den Bussen der Linie 794 erreichbar. Neu ist, dass es nun im Sp\u00e4tverkehr auf der Linie 779 einen Ruftaxi-Verkehr ins Wohngebiet Vogelsang gibt.<strong>\u00a0<\/strong><\/p>\n<p style=\"text-align: justify;\"><strong>Linie 655 (Rutesheim \u2013 Rutesheim Bahnhof)<br \/>\n<\/strong>Die Busse der Linie 655 sind weiterhin im Halbstunden-Takt unterwegs. Neu ist aber, dass sich die Abfahrtszeiten um 15 Minuten verschieben. Dadurch haben Fahrg\u00e4ste aus Rutesheim am Bahnhof, der au\u00dferorts liegt, nicht nur Anschluss zu den S-Bahnen nach Weil der Stadt und Stuttgart, sondern auch nach B\u00f6blingen und Sindelfingen. Die Fahrm\u00f6glichkeiten zwischen Rutesheim und B\u00f6blingen verdreifachen sich damit. Grund f\u00fcr die verbesserten Anschlussm\u00f6glichkeiten am Bahnhof Rutesheim ist die Einf\u00fchrung des durchgehenden Viertelstunden-Takts bei der S-Bahn.<\/p>\n<p style=\"text-align: justify;\"><strong>Linie 706 (B\u00f6blingen ZOB \u2013 Viehweide)<br \/>\n<\/strong><strong>Fahrten am Donnerstagabends verschieben sich<br \/>\n<\/strong>Die Busse der Linie 706, die um 19.43 Uhr ab Viehweide sowie um 19.30 Uhr ab B\u00f6blingen ZOB fahren, sind k\u00fcnftig nur noch an Donnerstagen unterwegs. Daf\u00fcr fahren die Busse mit Abfahrt um 21.43 Uhr ab Viehweide und um 21.30 Uhr B\u00f6blingen ZOB k\u00fcnftig nicht mehr donnerstags. Hintergrund sind die Ladenschluss-Zeiten im Breuningerland. Anfang des Jahres 2021 sollen die Fahrpl\u00e4ne im Stadtverkehr B\u00f6blingen-Sindelfingen \u00fcberarbeitet werden, sodass die Busse montags bis freitags wieder einheitlich fahren.<\/p>\n<p style=\"text-align: justify;\"><strong>Linie 711 (Sindelfingen ZOB \u2013 Breuningerland)<br \/>\n<\/strong>Die Busse der Linie 711, die um 19.46 Uhr ab Sindelfingen ZOB sowie um 20.02 Uhr ab Breuningerland fahren, sind k\u00fcnftig nur noch an Donnerstagen unterwegs. Daf\u00fcr fahren die Busse um 21.46 Uhr ab Sindelfingen ZOB sowie um 22:02 Uhr ab Breuningerland k\u00fcnftig nicht mehr donnerstags. Hintergrund sind die Ladenschluss-Zeiten am Breuningerland. Anfang des Jahres 2020 ist eine \u00dcberarbeitung der Fahrpl\u00e4ne im Stadtverkehr B\u00f6blingen-Sindelfingen geplant, sodass die Busse wieder montags bis freitags einheitlich fahren.<\/p>\n<p style=\"text-align: justify;\"><strong>Linie 759 (G\u00e4rtringen \u2013 Deckenpfronn \u2013 Wildberg) und Linie 775 (Herrenberg \u2013 Kuppingen \u2013 Wildberg)<br \/>\n<\/strong>Die Busse der Linie 759 sind k\u00fcnftig h\u00e4ufiger unterwegs. Vor allem in den verkehrsschw\u00e4cheren Zeiten gibt es deutlich mehr Verbindungen von Deckenpfronn nach Wildberg (mit Anschluss an die Nagoldtalbahn) und G\u00e4rtringen. Fahrg\u00e4ste, die von Deckenpfronn nach Stuttgart fahren, m\u00fcssen weitestgehend nicht mehr den Umweg \u00fcber Herrenberg nehmen. Zudem fahren die Busse der Linie 775 k\u00fcnftig von Herrenberg ohne Halt in Affst\u00e4tt direkt nach Kuppingen. Fahrg\u00e4ste aus Affst\u00e4tt haben dennoch keinen Nachteil, da sie zeitgleich die Linie 773 nehmen k\u00f6nnen. Der Fahrplan wurde au\u00dferdem verbessert und auf die Anschl\u00fcsse in Wildberg angepasst, sodass Fahrg\u00e4ste dort gute Umsteigem\u00f6glichkeiten zu den Bussen und zur Nagoldtalbahn haben. Die \u00c4nderungen auf den Linien 759 und 775 gelten ab 1. Januar 2021.<\/p>\n<p style=\"text-align: justify;\"><strong>Linie 794 (Herrenberg \u2013 Tailfingen (- Altingen))<br \/>\n<\/strong><strong>Samstags Stundentakt nach Tailfingen<br \/>\n<\/strong>Am Samstagnachmittag fahren die Busse der Linie 794 ab 1. Januar 2021 ab Herrenberg um 14.18, 16.18 und 18.18 Uhr nach Tailfingen und Altingen sowie in der R\u00fcckrichtung um 13.47, 15.47 und 19.47 Uhr ab Tailfingen nach Herrenberg und damit eine Stunde sp\u00e4ter als bisher. F\u00fcr Fahrg\u00e4ste, die nachmittags von Herrenberg, B\u00f6blingen<br \/>\noder Stuttgart nach Tailfingen fahren wollen, hat das einen gro\u00dfen Vorteil: Nun gibt es abwechselnd Verbindungen \u00fcber G\u00e4ufelden mit Umstieg auf die Linie 777 nach Tailfingen sowie mit Umstieg in Herrenberg auf die Linie 794 nach Tailfingen. Damit ergibt sich samstagnachmittags ein Stundentakt statt der bisherigen Fahrtm\u00f6glichkeit alle zwei Stunden.<\/p>\n<p style=\"text-align: justify;\">Alle Verbindungen sind bereits jetzt schon in der elektronischen Fahrplanauskunft \u00fcber die App \u201eVVS Mobil\u201c oder die VVS-Internetseite abrufbar.<\/p>\n<hr \/>\n<p style=\"text-align: justify;\">\n","protected":false},"excerpt":{"rendered":"<p>Die wichtigsten \u00c4nderungen ab dem 13. Dezember 2020 \u2013 alle Verbindungen bereits in der elektronischen Fahrplanauskunft \u00fcber App oder Web abrufbar S-Bahn Bei der S-Bahn wird der Fahrplan weiter verbessert. Ab 13. Dezember sind die S-Bahnen montags bis freitags ganzt\u00e4gig alle Viertelstunde unterwegs. Es besteht dann von 6.00 bis 20.30 Uhr ein durchgehender 15-Minuten-Takt. Ausnahmen [&hellip;]<\/p>\n","protected":false},"author":4,"featured_media":140610,"comment_status":"closed","ping_status":"open","sticky":false,"template":"","format":"standard","meta":{"inline_featured_image":false,"_exactmetrics_skip_tracking":false,"_exactmetrics_sitenote_active":false,"_exactmetrics_sitenote_note":"","_exactmetrics_sitenote_category":0,"footnotes":""},"categories":[59,2246],"tags":[14857,15968,5,68,9,317],"class_list":{"0":"post-140607","1":"post","2":"type-post","3":"status-publish","4":"format-standard","5":"has-post-thumbnail","7":"category-aktuell","8":"category-kreis-boeblingen","9":"tag-die-webzeitung","10":"tag-fahrplanaenderung","11":"tag-internetzeitung","12":"tag-online-zeitung","13":"tag-schaumedia","14":"tag-vvs"},"image_feature":"https:\/\/die-webzeitung.de\/stuttgart\/wp-content\/uploads\/sites\/4\/2020\/12\/vvs.png","author_name":"Redaktion","pure_taxonomies":{"categories":[{"term_id":59,"name":"Aktuell","slug":"aktuell","term_group":0,"term_taxonomy_id":60,"taxonomy":"category","description":"","parent":0,"count":1017,"filter":"raw","image":""},{"term_id":2246,"name":"Kreis B\u00f6blingen","slug":"kreis-boeblingen","term_group":0,"term_taxonomy_id":2259,"taxonomy":"category","description":"","parent":171,"count":197,"filter":"raw","image":""}],"tags":[{"term_id":14857,"name":"Die-Webzeitung","slug":"die-webzeitung","term_group":0,"term_taxonomy_id":14876,"taxonomy":"post_tag","description":"","parent":0,"count":3625,"filter":"raw","image":""},{"term_id":15968,"name":"Fahrplan\u00e4nderung","slug":"fahrplanaenderung","term_group":0,"term_taxonomy_id":15987,"taxonomy":"post_tag","description":"","parent":0,"count":3,"filter":"raw","image":""},{"term_id":5,"name":"Internetzeitung","slug":"internetzeitung","term_group":0,"term_taxonomy_id":5,"taxonomy":"post_tag","description":"","parent":0,"count":1461,"filter":"raw","image":""},{"term_id":68,"name":"Online-Zeitung","slug":"online-zeitung","term_group":0,"term_taxonomy_id":69,"taxonomy":"post_tag","description":"","parent":0,"count":3595,"filter":"raw","image":""},{"term_id":9,"name":"SchauMedia","slug":"schaumedia","term_group":0,"term_taxonomy_id":9,"taxonomy":"post_tag","description":"","parent":0,"count":1607,"filter":"raw","image":""},{"term_id":317,"name":"VVS","slug":"vvs","term_group":0,"term_taxonomy_id":323,"taxonomy":"post_tag","description":"","parent":0,"count":25,"filter":"raw","image":""}]},"_links":{"self":[{"href":"https:\/\/die-webzeitung.de\/stuttgart\/wp-json\/wp\/v2\/posts\/140607","targetHints":{"allow":["GET"]}}],"collection":[{"href":"https:\/\/die-webzeitung.de\/stuttgart\/wp-json\/wp\/v2\/posts"}],"about":[{"href":"https:\/\/die-webzeitung.de\/stuttgart\/wp-json\/wp\/v2\/types\/post"}],"author":[{"embeddable":true,"href":"https:\/\/die-webzeitung.de\/stuttgart\/wp-json\/wp\/v2\/users\/4"}],"replies":[{"embeddable":true,"href":"https:\/\/die-webzeitung.de\/stuttgart\/wp-json\/wp\/v2\/comments?post=140607"}],"version-history":[{"count":1,"href":"https:\/\/die-webzeitung.de\/stuttgart\/wp-json\/wp\/v2\/posts\/140607\/revisions"}],"predecessor-version":[{"id":140608,"href":"https:\/\/die-webzeitung.de\/stuttgart\/wp-json\/wp\/v2\/posts\/140607\/revisions\/140608"}],"wp:featuredmedia":[{"embeddable":true,"href":"https:\/\/die-webzeitung.de\/stuttgart\/wp-json\/wp\/v2\/media\/140610"}],"wp:attachment":[{"href":"https:\/\/die-webzeitung.de\/stuttgart\/wp-json\/wp\/v2\/media?parent=140607"}],"wp:term":[{"taxonomy":"category","embeddable":true,"href":"https:\/\/die-webzeitung.de\/stuttgart\/wp-json\/wp\/v2\/categories?post=140607"},{"taxonomy":"post_tag","embeddable":true,"href":"https:\/\/die-webzeitung.de\/stuttgart\/wp-json\/wp\/v2\/tags?post=140607"}],"curies":[{"name":"wp","href":"https:\/\/api.w.org\/{rel}","templated":true}]}}