{"id":140587,"date":"2020-12-03T16:20:36","date_gmt":"2020-12-03T15:20:36","guid":{"rendered":"https:\/\/die-webzeitung.de\/stuttgart\/?p=140587"},"modified":"2020-12-03T16:20:36","modified_gmt":"2020-12-03T15:20:36","slug":"brand-im-muellbunker-des-restmuellheizkraftwerkes-unter-kontrolle","status":"publish","type":"post","link":"https:\/\/die-webzeitung.de\/stuttgart\/2020\/12\/03\/brand-im-muellbunker-des-restmuellheizkraftwerkes-unter-kontrolle\/","title":{"rendered":"Brand im M\u00fcllbunker des Restm\u00fcllheizkraftwerkes unter Kontrolle"},"content":{"rendered":"<ul>\n<li style=\"text-align: justify;\"><strong>Annahme von M\u00fcll vorerst nicht m\u00f6glich<\/strong><\/li>\n<li style=\"text-align: justify;\"><strong>Energieversorgung und M\u00fcllabfuhr im Kreis B\u00f6blingen unbeeintr\u00e4chtigt<\/strong><\/li>\n<\/ul>\n<p style=\"text-align: justify;\">Kreis B\u00f6blingen.| Das Feuer im M\u00fcllbunker des Restm\u00fcllheizkraftwerkes (RMHKW) ist unter Kontrolle, die L\u00f6scharbeiten werden jedoch eine Weile andauern. Durch die starke Rauchentwicklung ist es f\u00fcr die Feuerwehr schwierig, zielgerichtet Brandherde und Glutnester zu erkennen und zu l\u00f6schen.<\/p>\n<p style=\"text-align: justify;\">M\u00fcll kann bis auf Weiteres nicht angeliefert werden. Private Anlieferer k\u00f6nnen derzeit nicht anliefern. F\u00fcr die Restm\u00fcllmengen des Abfallwirtschaftsbetriebes B\u00f6blingen hat ein privates M\u00fcllentsorgungsunternehmen seine Kapazit\u00e4ten zur Verf\u00fcgung gestellt. Damit wird die M\u00fcllabfuhr bei Haushalten f\u00fcr Restm\u00fcll im Kreis B\u00f6blingen nicht beeintr\u00e4chtigt.<\/p>\n<p style=\"text-align: justify;\">Die Verbrennungsanlage wird derzeit mit Hilfsbrennstoff auf Temperatur gehalten bis die weiteren Schritte gekl\u00e4rt werden k\u00f6nnen. Die Energieversorgung mit Fernw\u00e4rme in die Netze der Stadtwerke B\u00f6blingen und Sindelfingen ist in jedem Fall gesichert. Ein Reserve-Heizkraftwerk k\u00f6nnte, als Redundanz f\u00fcr das RMHKW, jederzeit hochfahren werden um die Versorgung mit Fernw\u00e4rme zu \u00fcbernehmen.<\/p>\n<p style=\"text-align: justify;\">Verletzte hat es nicht gegeben. Die Feuerwehr B\u00f6blingen ist mit rund 40 Kr\u00e4ften und 10 Fahrzeugen im Einsatz. Eine Wachbereitschaft stellt den Grundschutz im Stadtgebiet sicher. Auch die Werkfeuerwehr des Mercedes-Benz-Werkes Sindelfingen sowie die Feuerwehr Leonberg sind mit jeweils einem L\u00f6schunterst\u00fctzungsfahrzeug vor Ort, welche zur Entrauchung eingesetzt werden.. Aktuell wird durch die Feuerwehren Steinenbronn und Weil der Stadt sowie der US-Army-Feuerwehr eine weitere Wasserversorgung zum Restm\u00fcllheizkraftwerk aufgebaut.<\/p>\n<p style=\"text-align: justify;\">Der DRK-Ortsverein B\u00f6blingen stellt mit seinen Kr\u00e4ften und mit Unterst\u00fctzung benachbarter Ortsvereine die rettungsdienstliche Betreuung der Einsatzkr\u00e4fte sicher.<br \/>\nDie Dauer des Einsatzes ist momentan noch nicht abzusch\u00e4tzen.<\/p>\n<p style=\"text-align: justify;\">Der Zweckverband RBB geht nach jetzigem Zeitpunkt davon aus, dass durch den Brand kein gr\u00f6\u00dferer Schaden an der Anlage entstanden ist. Den Geb\u00fchrenzahler wird dies in keinem Fall belasten, da Betriebsausf\u00e4lle dieser Art versichert sind.<\/p>\n<hr \/>\n<p style=\"text-align: justify;\">\n","protected":false},"excerpt":{"rendered":"<p>Annahme von M\u00fcll vorerst nicht m\u00f6glich Energieversorgung und M\u00fcllabfuhr im Kreis B\u00f6blingen unbeeintr\u00e4chtigt Kreis B\u00f6blingen.| Das Feuer im M\u00fcllbunker des Restm\u00fcllheizkraftwerkes (RMHKW) ist unter Kontrolle, die L\u00f6scharbeiten werden jedoch eine Weile andauern. Durch die starke Rauchentwicklung ist es f\u00fcr die Feuerwehr schwierig, zielgerichtet Brandherde und Glutnester zu erkennen und zu l\u00f6schen. M\u00fcll kann bis auf [&hellip;]<\/p>\n","protected":false},"author":4,"featured_media":0,"comment_status":"closed","ping_status":"open","sticky":false,"template":"","format":"standard","meta":{"inline_featured_image":false,"_exactmetrics_skip_tracking":false,"_exactmetrics_sitenote_active":false,"_exactmetrics_sitenote_note":"","_exactmetrics_sitenote_category":0,"footnotes":""},"categories":[59,2246],"tags":[3061,14857,5,15119,9],"class_list":{"0":"post-140587","1":"post","2":"type-post","3":"status-publish","4":"format-standard","6":"category-aktuell","7":"category-kreis-boeblingen","8":"tag-boblingen","9":"tag-die-webzeitung","10":"tag-internetzeitung","11":"tag-restmuellheizkraftwerk","12":"tag-schaumedia"},"image_feature":null,"author_name":"Redaktion","pure_taxonomies":{"categories":[{"term_id":59,"name":"Aktuell","slug":"aktuell","term_group":0,"term_taxonomy_id":60,"taxonomy":"category","description":"","parent":0,"count":1017,"filter":"raw","image":""},{"term_id":2246,"name":"Kreis B\u00f6blingen","slug":"kreis-boeblingen","term_group":0,"term_taxonomy_id":2259,"taxonomy":"category","description":"","parent":171,"count":197,"filter":"raw","image":""}],"tags":[{"term_id":3061,"name":"B\u00f6blingen","slug":"boblingen","term_group":0,"term_taxonomy_id":3075,"taxonomy":"post_tag","description":"","parent":0,"count":260,"filter":"raw","image":""},{"term_id":14857,"name":"Die-Webzeitung","slug":"die-webzeitung","term_group":0,"term_taxonomy_id":14876,"taxonomy":"post_tag","description":"","parent":0,"count":3625,"filter":"raw","image":""},{"term_id":5,"name":"Internetzeitung","slug":"internetzeitung","term_group":0,"term_taxonomy_id":5,"taxonomy":"post_tag","description":"","parent":0,"count":1461,"filter":"raw","image":""},{"term_id":15119,"name":"Restm\u00fcllheizkraftwerk","slug":"restmuellheizkraftwerk","term_group":0,"term_taxonomy_id":15138,"taxonomy":"post_tag","description":"","parent":0,"count":1,"filter":"raw","image":""},{"term_id":9,"name":"SchauMedia","slug":"schaumedia","term_group":0,"term_taxonomy_id":9,"taxonomy":"post_tag","description":"","parent":0,"count":1607,"filter":"raw","image":""}]},"_links":{"self":[{"href":"https:\/\/die-webzeitung.de\/stuttgart\/wp-json\/wp\/v2\/posts\/140587","targetHints":{"allow":["GET"]}}],"collection":[{"href":"https:\/\/die-webzeitung.de\/stuttgart\/wp-json\/wp\/v2\/posts"}],"about":[{"href":"https:\/\/die-webzeitung.de\/stuttgart\/wp-json\/wp\/v2\/types\/post"}],"author":[{"embeddable":true,"href":"https:\/\/die-webzeitung.de\/stuttgart\/wp-json\/wp\/v2\/users\/4"}],"replies":[{"embeddable":true,"href":"https:\/\/die-webzeitung.de\/stuttgart\/wp-json\/wp\/v2\/comments?post=140587"}],"version-history":[{"count":1,"href":"https:\/\/die-webzeitung.de\/stuttgart\/wp-json\/wp\/v2\/posts\/140587\/revisions"}],"predecessor-version":[{"id":140588,"href":"https:\/\/die-webzeitung.de\/stuttgart\/wp-json\/wp\/v2\/posts\/140587\/revisions\/140588"}],"wp:attachment":[{"href":"https:\/\/die-webzeitung.de\/stuttgart\/wp-json\/wp\/v2\/media?parent=140587"}],"wp:term":[{"taxonomy":"category","embeddable":true,"href":"https:\/\/die-webzeitung.de\/stuttgart\/wp-json\/wp\/v2\/categories?post=140587"},{"taxonomy":"post_tag","embeddable":true,"href":"https:\/\/die-webzeitung.de\/stuttgart\/wp-json\/wp\/v2\/tags?post=140587"}],"curies":[{"name":"wp","href":"https:\/\/api.w.org\/{rel}","templated":true}]}}