{"id":140577,"date":"2020-12-02T15:58:05","date_gmt":"2020-12-02T14:58:05","guid":{"rendered":"https:\/\/die-webzeitung.de\/stuttgart\/?p=140577"},"modified":"2020-12-02T15:58:05","modified_gmt":"2020-12-02T14:58:05","slug":"die-vorbereitungen-fuer-das-kreisimpfzentrum-kiz-laufen-an","status":"publish","type":"post","link":"https:\/\/die-webzeitung.de\/stuttgart\/2020\/12\/02\/die-vorbereitungen-fuer-das-kreisimpfzentrum-kiz-laufen-an\/","title":{"rendered":"Die Vorbereitungen f\u00fcr das Kreisimpfzentrum (KIZ) laufen an"},"content":{"rendered":"<h5 style=\"text-align: justify;\"><strong>Gr\u00fcnes Licht f\u00fcr die Messe Sindelfingen<\/strong><\/h5>\n<p style=\"text-align: justify;\">Kreis B\u00f6blingen.| Die Vorbereitungen f\u00fcr die \u00fcberregionalen und kreisweiten Impfzentren laufen. In einem ersten Schritt sollen ab Mitte Dezember \u00fcberregionale Zentrale Impfzentren (ZIZ) entstehen; im zweiten Schritt dann ab Mitte Januar je Landkreis mindestens ein kommunales Impfzentrum (Kreisimpfzentrum \u2013 KIZ). Im Landkreis B\u00f6blingen wird dieses KIZ in der Messe Sindelfingen entstehen, das hat das Sozialministerium heute im Rahmen der Vorstellung der Kreisimpfzentren im Land best\u00e4tigt.<\/p>\n<p style=\"text-align: justify;\">Die Messe wurde schon fr\u00fch als m\u00f6glicher Standort gemeldet. Sie bietet die r\u00e4umlichen Voraussetzungen, um f\u00fcr diesen Zweck genutzt zu werden. \u201eMit dem gr\u00fcnen Licht des Sozialministeriums heute k\u00f6nnen wir ab sofort in die Planungen einsteigen\u201c, so Landrat Roland Bernhard. \u201eBereits im Vorfeld der Entscheidung des Sozialministeriums waren wir im Austausch mit dem Messebetreiber, der seine Bereitschaft erkl\u00e4rt hatte, die ben\u00f6tigten Teile des Geb\u00e4udes zur Verf\u00fcgung zu stellen\u201c, so Landrat Bernhard. Als erster Schritt werde nun eine Arbeitsgruppe eingerichtet, die die weiteren Planungen und n\u00f6tigen Vorbereitungen koordiniert.<\/p>\n<p style=\"text-align: justify;\">F\u00fcr die Kreisimpfzentren ist ein 2-Schicht-Betrieb vorgesehen, von 7 bis 14 und von 14 bis 21 Uhr. 60 Impfungen je Stunde sollen in einem KIZ m\u00f6glich sein. Welche Personengruppen und in welcher Reihenfolge Impfungen durchgef\u00fchrt werden, wird seitens des Sozialministeriums festgelegt. Es erfolgt, mit Blick auf die Verf\u00fcgbarkeit des Impfstoffs eine Priorisierung auf Menschen mit einem besonderen Infektionsrisiko (z.B. medizinisches Personal) oder Personen mit dem Risiko f\u00fcr einen schweren Verlauf (z.B. \u00e4ltere Menschen oder Menschen mit Grunderkrankungen).<\/p>\n<p style=\"text-align: justify;\">In der Messe Sindelfingen wird nach einer Einlasskontrolle zun\u00e4chst ein Bereich mit Einzelkabinen f\u00fcr die Registrierung der Impfwilligen eingerichtet. Es folgen abgetrennte Bereiche, in denen eine 20min\u00fctige Information zur Impfung l\u00e4uft. Als n\u00e4chstes sind Kabinen f\u00fcr die \u00e4rztliche Aufkl\u00e4rung vorgesehen. Im 4. Schritt erfolgt die Impfung, zus\u00e4tzlich ist ein kleines Labor geplant. Den Schluss bilden Beobachtungsr\u00e4ume, \u00e4hnlich wie man das von den Ruhem\u00f6glichkeiten nach einer Blutabnahme kennt. Insgesamt w\u00fcrde der Ablauf von Einlass bis Ende rd. 35 Minuten brauchen, zzgl. der individuellen Ruhezeit am Ende.<\/p>\n<hr \/>\n<p style=\"text-align: justify;\">\n","protected":false},"excerpt":{"rendered":"<p>Gr\u00fcnes Licht f\u00fcr die Messe Sindelfingen Kreis B\u00f6blingen.| Die Vorbereitungen f\u00fcr die \u00fcberregionalen und kreisweiten Impfzentren laufen. In einem ersten Schritt sollen ab Mitte Dezember \u00fcberregionale Zentrale Impfzentren (ZIZ) entstehen; im zweiten Schritt dann ab Mitte Januar je Landkreis mindestens ein kommunales Impfzentrum (Kreisimpfzentrum \u2013 KIZ). Im Landkreis B\u00f6blingen wird dieses KIZ in der Messe [&hellip;]<\/p>\n","protected":false},"author":4,"featured_media":0,"comment_status":"closed","ping_status":"open","sticky":false,"template":"","format":"standard","meta":{"inline_featured_image":false,"_exactmetrics_skip_tracking":false,"_exactmetrics_sitenote_active":false,"_exactmetrics_sitenote_note":"","_exactmetrics_sitenote_category":0,"footnotes":""},"categories":[59,2246],"tags":[3061,16573,14857,9326,11426,5,16863,68,9],"class_list":{"0":"post-140577","1":"post","2":"type-post","3":"status-publish","4":"format-standard","6":"category-aktuell","7":"category-kreis-boeblingen","8":"tag-boblingen","9":"tag-corona","10":"tag-die-webzeitung","11":"tag-impfen","12":"tag-impfstoff","13":"tag-internetzeitung","14":"tag-kreisimpfzentrum","15":"tag-online-zeitung","16":"tag-schaumedia"},"image_feature":null,"author_name":"Redaktion","pure_taxonomies":{"categories":[{"term_id":59,"name":"Aktuell","slug":"aktuell","term_group":0,"term_taxonomy_id":60,"taxonomy":"category","description":"","parent":0,"count":1017,"filter":"raw","image":""},{"term_id":2246,"name":"Kreis B\u00f6blingen","slug":"kreis-boeblingen","term_group":0,"term_taxonomy_id":2259,"taxonomy":"category","description":"","parent":171,"count":197,"filter":"raw","image":""}],"tags":[{"term_id":3061,"name":"B\u00f6blingen","slug":"boblingen","term_group":0,"term_taxonomy_id":3075,"taxonomy":"post_tag","description":"","parent":0,"count":260,"filter":"raw","image":""},{"term_id":16573,"name":"Corona","slug":"corona","term_group":0,"term_taxonomy_id":16592,"taxonomy":"post_tag","description":"","parent":0,"count":81,"filter":"raw","image":""},{"term_id":14857,"name":"Die-Webzeitung","slug":"die-webzeitung","term_group":0,"term_taxonomy_id":14876,"taxonomy":"post_tag","description":"","parent":0,"count":3625,"filter":"raw","image":""},{"term_id":9326,"name":"Impfen","slug":"impfen","term_group":0,"term_taxonomy_id":9354,"taxonomy":"post_tag","description":"","parent":0,"count":9,"filter":"raw","image":""},{"term_id":11426,"name":"Impfstoff","slug":"impfstoff","term_group":0,"term_taxonomy_id":11464,"taxonomy":"post_tag","description":"","parent":0,"count":2,"filter":"raw","image":""},{"term_id":5,"name":"Internetzeitung","slug":"internetzeitung","term_group":0,"term_taxonomy_id":5,"taxonomy":"post_tag","description":"","parent":0,"count":1461,"filter":"raw","image":""},{"term_id":16863,"name":"Kreisimpfzentrum","slug":"kreisimpfzentrum","term_group":0,"term_taxonomy_id":16882,"taxonomy":"post_tag","description":"","parent":0,"count":4,"filter":"raw","image":""},{"term_id":68,"name":"Online-Zeitung","slug":"online-zeitung","term_group":0,"term_taxonomy_id":69,"taxonomy":"post_tag","description":"","parent":0,"count":3595,"filter":"raw","image":""},{"term_id":9,"name":"SchauMedia","slug":"schaumedia","term_group":0,"term_taxonomy_id":9,"taxonomy":"post_tag","description":"","parent":0,"count":1607,"filter":"raw","image":""}]},"_links":{"self":[{"href":"https:\/\/die-webzeitung.de\/stuttgart\/wp-json\/wp\/v2\/posts\/140577","targetHints":{"allow":["GET"]}}],"collection":[{"href":"https:\/\/die-webzeitung.de\/stuttgart\/wp-json\/wp\/v2\/posts"}],"about":[{"href":"https:\/\/die-webzeitung.de\/stuttgart\/wp-json\/wp\/v2\/types\/post"}],"author":[{"embeddable":true,"href":"https:\/\/die-webzeitung.de\/stuttgart\/wp-json\/wp\/v2\/users\/4"}],"replies":[{"embeddable":true,"href":"https:\/\/die-webzeitung.de\/stuttgart\/wp-json\/wp\/v2\/comments?post=140577"}],"version-history":[{"count":1,"href":"https:\/\/die-webzeitung.de\/stuttgart\/wp-json\/wp\/v2\/posts\/140577\/revisions"}],"predecessor-version":[{"id":140578,"href":"https:\/\/die-webzeitung.de\/stuttgart\/wp-json\/wp\/v2\/posts\/140577\/revisions\/140578"}],"wp:attachment":[{"href":"https:\/\/die-webzeitung.de\/stuttgart\/wp-json\/wp\/v2\/media?parent=140577"}],"wp:term":[{"taxonomy":"category","embeddable":true,"href":"https:\/\/die-webzeitung.de\/stuttgart\/wp-json\/wp\/v2\/categories?post=140577"},{"taxonomy":"post_tag","embeddable":true,"href":"https:\/\/die-webzeitung.de\/stuttgart\/wp-json\/wp\/v2\/tags?post=140577"}],"curies":[{"name":"wp","href":"https:\/\/api.w.org\/{rel}","templated":true}]}}